{"id":66459,"date":"2024-11-26T06:27:18","date_gmt":"2024-11-26T12:27:18","guid":{"rendered":"https:\/\/diarioavanzada.com.mx\/?p=66459"},"modified":"2024-11-26T06:27:18","modified_gmt":"2024-11-26T12:27:18","slug":"los-rituales-de-la-demagogia","status":"publish","type":"post","link":"https:\/\/diarioavanzada.com.mx\/?p=66459","title":{"rendered":"Los rituales de la demagogia"},"content":{"rendered":"\n<p class=\"wp-block-paragraph\">Columna<\/p>\n\n\n\n<p class=\"wp-block-paragraph\">El Puercoesp\u00edn&nbsp;<\/p>\n\n\n\n<p class=\"s5 wp-block-paragraph\">\u201cBuena noche a&nbsp;tod@s, el presente&nbsp;msj&nbsp;es para informales de una actividad que se nos ha encomendado, la entrega de peri\u00f3dicos referente al informe de nuestra Gobernadora, a la SGG nos toc\u00f3 en el municipio de Manzanillo, la meta son 4000 peri\u00f3dicos, la tarea es entregarlos este domingo 24, para movilizarnos tendr\u00e1 que ser con nuestros veh\u00edculos particulares, de m\u00e1s est\u00e1 se\u00f1alar que se necesita que asista la mayor cantidad posible de trabajadores de confianza. Punto de reuni\u00f3n 7:00 am en la gasolinera que est\u00e1 en el complejo del estado. Les solicito a la brevedad el listado del personal que asiste.\u201d<\/p>\n\n\n\n<p class=\"s5 wp-block-paragraph\">El personero que env\u00eda el mensaje v\u00eda WhatsApp est\u00e1 comentando un \u201cperi\u00f3dico\u201d de cuatro p\u00e1ginas estilo tabloide con siete fotos donde destacan, entre otras cosas, sus famosas 1,100 obras que transforman -que si fueran obras de verdad Colima tendr\u00eda un impacto importante pero no- se trata de otra demag\u00f3gica y rid\u00edcula cosa.<\/p>\n\n\n\n<p class=\"s5 wp-block-paragraph\">El \u201cperi\u00f3dico\u201d, que a lo m\u00e1s se asemeja es a un volante o tr\u00edptico gigante. All\u00ed enumeran los \u201clogros\u201d,&nbsp;de una manera precipitada o desordenada,&nbsp;revolviendo los programas e inversiones federales con&nbsp;los programas e inversiones estatales que, si lo revisaran con cuidado, se dar\u00edan cuenta que pr\u00e1cticamente est\u00e1n haciendo una antipropaganda.<\/p>\n\n\n\n<p class=\"s5 wp-block-paragraph\">Cito algunos ejemplos: hablan del aumento al salario m\u00ednimo a m\u00e1s del doble, qu\u00e9&nbsp;tuvo que ver el gobierno del Estado en esto; con una inversi\u00f3n hist\u00f3rica mejoramos la carretera Manzanillo-Colima-Guadalajara, que, dicho sea de paso, all\u00ed se est\u00e1 invirtiendo dinero de la iniciativa privada y del Gobierno de M\u00e9xico, el gobierno del estado ni gesti\u00f3n hizo, pues ni el acueducto Armer\u00eda-Manzanillo fue gestionado por \u00e9l; y finalmente aclarar, que tan solo el acueducto est\u00e1 terminado el resto est\u00e1 en proceso y otra parte en duda su realizaci\u00f3n, no hay nada concreto.<\/p>\n\n\n\n<p class=\"s5 wp-block-paragraph\">Llama la atenci\u00f3n tambi\u00e9n lo siguiente \u201cLogramos la tasa de desempleo m\u00e1s baja en 20 a\u00f1os.\u201d&nbsp;A la gobernadora la mal informa o de plano esta parte la escribi\u00f3 Rosi Bayardo inspirada en&nbsp;sus tiempos&nbsp;que&nbsp;estuvo a cargo de la Secretar\u00eda de Econom\u00eda y Finanzas.&nbsp;<\/p>\n\n\n\n<p class=\"s5 wp-block-paragraph\">Hasta antes de la Pandemia del Covid-19, es decir,&nbsp;en el 2018 la tasa de desempleo ascend\u00eda a 2.8 %; los a\u00f1os comprendido entre 2019 y 2021 -situados en la pandemia- se alcanz\u00f3 una tasa pico de 3.9 %; los a\u00f1os postpandemia, es decir, de 2021 hasta la actualidad 2024 las tasas son las siguientes: 2021, 3.69 % (ya en el gobierno Morena); 2022 la tasa fue de 2.9 %; 2023 y 2024, seg\u00fan la secretar\u00eda de Econom\u00eda, la tasa asciende a 2.11.<\/p>\n\n\n\n<p class=\"s5 wp-block-paragraph\">Uno no entiende que quiso decir con aquello de que \u201clogramos la tasa de desempleo m\u00e1s baja en 20 a\u00f1os\u201d o no saben leer las estad\u00edsticas o su demagogia en econom\u00eda est\u00e1 que rebuzna.<\/p>\n\n\n\n<p class=\"s5 wp-block-paragraph\">La inseguridad ni por error la mencionan.<\/p>\n\n\n\n<p class=\"s5 wp-block-paragraph\">Me regreso a las obras que transforman. Las 1,100 obras que transforman se est\u00e1n volviendo un estado m\u00edtico donde solo es comprensible por los partidarios de Indira y del partido Morena de Colima. Morena-Colima y el gobierno de Indira Vizca\u00edno entienden por obras las peque\u00f1as&nbsp;reparaciones, las alcantarillas, algunos machuelos y sobre todo algunas obras de mantenimiento y rehabilitaci\u00f3n de los edificios e infraestructura p\u00fablica.<\/p>\n\n\n\n<p class=\"s5 wp-block-paragraph\">La pobreza de resultados est\u00e1 llegando a secar las fuentes de inspiraci\u00f3n: no hay propaganda pol\u00edtica, no hay, tan solo publicidad, mediocre y mal hecha.&nbsp;<\/p>\n\n\n\n<p class=\"s5 wp-block-paragraph\">Lo escenificado en el Congreso es un ritual m\u00e1s de la demagogia que,&nbsp;por cierto,&nbsp;est\u00e1 en decadencia. Los diputados de oposici\u00f3n ante la desolaci\u00f3n pol\u00edtica existente en el estado y una&nbsp;inseguridad &nbsp;galopante&nbsp;tiraron algunos puentes de di\u00e1logo y encuentro con la responsable del Ejecutivo Estatal, pero tan solo encontraron en la mandataria el mismo discurso de quien se siente amenazada.&nbsp;Obviamente&nbsp;no&nbsp;respondi\u00f3 pol\u00edticamente ninguna propuesta ni punto de encuentro, tan solo se dedic\u00f3 a descalificar a sus contrapartes simple y sencillamente porque no piensan como ella y sus amiguis, coloquialmente los bateo.<\/p>\n\n\n\n<p class=\"s5 wp-block-paragraph\">A esto que le llaman informe, a los conocidos rituales de la demagogia, se volvieron a dar los di\u00e1logos frente al espejo y no vio ni oy\u00f3, la gobernadora, a nadie que pensara distinto.&nbsp;<\/p>\n\n\n\n<p class=\"s5 wp-block-paragraph\">Solo existe una verdad verdadera, la de ella, y la cr\u00edtica es una invenci\u00f3n de sus mal querientes e interesados en destruir su obra (aunque para destruir su obra se precisa que haya obra).<\/p>\n\n\n\n<p class=\"s5 wp-block-paragraph\">En Congreso fue un&nbsp;di\u00e1logo&nbsp;de sordos.&nbsp;En Manzanillo se reuni\u00f3 en una caja de espejos. &nbsp;<\/p>\n\n\n\n<p class=\"s5 wp-block-paragraph\">En ambos espacios finalmente es un di\u00e1logo frente al espejo donde ella habla consigo mismo. Una especie de locura&nbsp;racional donde&nbsp;se sabe sola,&nbsp;sin apoyo,&nbsp;sin obra y sin gobierno activo, tan solo encabezando una burocracia inercial que es inultamente obligada a asistir al evento porque ella as\u00ed lo dispuso y como una obligaci\u00f3n m\u00e1s de&nbsp;sus&nbsp;deberes laborales para que agradezcan el trabajo que ella le dio.<\/p>\n\n\n\n<p class=\"s5 wp-block-paragraph\">Los maestros institucionales dicen,&nbsp;desde el Congreso,&nbsp;que Colima es un referente en Educaci\u00f3n para todo el pa\u00eds. Entonces uno se pregunta \u00bfDe verdad anda tan mal el pa\u00eds?<\/p>\n\n\n\n<p class=\"s5 wp-block-paragraph\">La respuesta es no, por supuesto, el asunto es que se acaban de dar unas elecciones&nbsp;con voto interno&nbsp;directo&nbsp;en la secci\u00f3n 6 del&nbsp;Snte&nbsp;donde ganaron los mismo de siempre (los charros sindicales) que fieles a sus traiciones se apresuran a quedar bien con el patr\u00f3n para seguir controlando la bolsa de trabajo y de privilegios para ellos y sus pandillas aliadas.<\/p>\n\n\n\n<p class=\"s5 wp-block-paragraph\">Los rituales de la demagogia, esos eventos llenos de glamur de la sociedad pol\u00edtica y llenos de inmoralidad por la forma en se trata a los empleados de confianza son muestras de decadencia y de vacuidad pol\u00edtica, cuando parad\u00f3jicamente es su mejor manera de exponer que est\u00e1n haciendo pol\u00edtica.<\/p>\n\n\n\n<p class=\"s5 wp-block-paragraph\">El periodiquito tabloide, volante gigante, vac\u00edo de contenido y pesimamente&nbsp;manufacturado&nbsp;solo demuestra una cosa: no saben m\u00e1s que hacer, el de Indira es un gobierno agotado.&nbsp;<\/p>\n\n\n\n<p class=\"s5 wp-block-paragraph\">Los informes de gobierno hace tiempo que son historia, Indira les cerr\u00f3 la puerta de regreso.&nbsp;<\/p>\n\n\n\n<p class=\"s5 wp-block-paragraph\">Este&nbsp;informe marc\u00f3 la&nbsp;acentuaci\u00f3n&nbsp;de la voluntad por no informar al pueblo es un distanciamiento con la sociedad, solo empleados y la sociedad pol\u00edtica fue movilizada con la sociedad abierta nada.<\/p>\n\n\n\n<p class=\"s5 wp-block-paragraph\">En la Ma\u00f1anera la presidenta inform\u00f3 que en Colima se va a pilotar el programa modelo Centro de Mujeres Agr\u00edcolas dedicado a atender a las mujeres jornaleras, las mujeres m\u00e1s vulnerables de escala laboral.<\/p>\n\n\n\n<p class=\"s5 wp-block-paragraph\">El pilotaje de programa Centro de Mujeres Agr\u00edcolas m\u00e1s que un apoyo como muestra de su eficiencia en el trabajo se trata de lo contrario, es el reconocimiento explicito de la presidenta de que en Colima gobernadora por una mujer no existen iniciativas, ni programas ni nada instrumentados estrictamente con sentido de g\u00e9nero.<\/p>\n\n\n\n<p class=\"s5 wp-block-paragraph\">Morena en Colima se siente muy fuerte, desde fuera lo vemos muy pobre pol\u00edticamente. &nbsp;&nbsp;<\/p>\n\n\n\n<p class=\"s5 wp-block-paragraph\">Independientemente de todo lo dicho, lo cierto es que nada tienen que informa y algo ten\u00edan que inventar y el invento es muy pobre, producto de la nula obra, sin propon\u00e9rselo expresaron muy puntualmente su ineptitud pol\u00edtica.<\/p>\n\n\n\n<p class=\"s5 wp-block-paragraph\">Finalmente terminaron haciendo un homenaje a los rituales de la demagogia.<\/p>\n\n\n\n<p class=\"s5 wp-block-paragraph\">&nbsp;<\/p>\n<div class=\"fb-background-color\">\n\t\t\t  <div \n\t\t\t  \tclass = \"fb-comments\" \n\t\t\t  \tdata-href = \"https:\/\/diarioavanzada.com.mx\/?p=66459\"\n\t\t\t  \tdata-numposts = \"10\"\n\t\t\t  \tdata-lazy = \"true\"\n\t\t\t\tdata-colorscheme = \"light\"\n\t\t\t\tdata-order-by = \"social\"\n\t\t\t\tdata-mobile=true>\n\t\t\t  <\/div><\/div>\n\t\t  <style>\n\t\t    .fb-background-color {\n\t\t\t\tbackground:  !important;\n\t\t\t}\n\t\t\t.fb_iframe_widget_fluid_desktop iframe {\n\t\t\t    width: 100% !important;\n\t\t\t}\n\t\t  <\/style>\n\t\t  ","protected":false},"excerpt":{"rendered":"<p>Columna El Puercoesp\u00edn&nbsp; \u201cBuena noche a&nbsp;tod@s, el presente&nbsp;msj&nbsp;es para informales de una actividad que se nos ha encomendado, la entrega de peri\u00f3dicos referente al informe de nuestra Gobernadora, a la SGG nos toc\u00f3 en el municipio de Manzanillo, la meta son 4000 peri\u00f3dicos, la tarea es entregarlos este domingo 24, para movilizarnos tendr\u00e1 que ser [&hellip;]<\/p>\n","protected":false},"author":9,"featured_media":66458,"comment_status":"closed","ping_status":"closed","sticky":false,"template":"","format":"standard","meta":{"_coblocks_attr":"","_coblocks_dimensions":"","_coblocks_responsive_height":"","_coblocks_accordion_ie_support":"","advanced_seo_description":"","jetpack_seo_html_title":"","jetpack_seo_noindex":false,"jetpack_seo_schema_type":"","_jetpack_newsletter_access":"","_jetpack_dont_email_post_to_subs":false,"_jetpack_newsletter_tier_id":0,"_jetpack_memberships_contains_paywalled_content":false,"_wpcom_ai_launchpad_first_post":false,"_jetpack_feature_clip_id":0,"_jetpack_memberships_contains_paid_content":false,"footnotes":"","jetpack_post_was_ever_published":false},"categories":[19,209,24],"tags":[],"class_list":["post-66459","post","type-post","status-publish","format-standard","has-post-thumbnail","hentry","category-colima","category-importantes","category-opinion"],"jetpack-related-posts":[],"jetpack_sharing_enabled":true,"amp_enabled":true,"jetpack_featured_media_url":"https:\/\/diarioavanzada.com.mx\/wp-content\/uploads\/2024\/11\/img_0333-1.jpg","_links":{"self":[{"href":"https:\/\/diarioavanzada.com.mx\/index.php?rest_route=\/wp\/v2\/posts\/66459","targetHints":{"allow":["GET"]}}],"collection":[{"href":"https:\/\/diarioavanzada.com.mx\/index.php?rest_route=\/wp\/v2\/posts"}],"about":[{"href":"https:\/\/diarioavanzada.com.mx\/index.php?rest_route=\/wp\/v2\/types\/post"}],"author":[{"embeddable":true,"href":"https:\/\/diarioavanzada.com.mx\/index.php?rest_route=\/wp\/v2\/users\/9"}],"replies":[{"embeddable":true,"href":"https:\/\/diarioavanzada.com.mx\/index.php?rest_route=%2Fwp%2Fv2%2Fcomments&post=66459"}],"version-history":[{"count":0,"href":"https:\/\/diarioavanzada.com.mx\/index.php?rest_route=\/wp\/v2\/posts\/66459\/revisions"}],"wp:featuredmedia":[{"embeddable":true,"href":"https:\/\/diarioavanzada.com.mx\/index.php?rest_route=\/wp\/v2\/media\/66458"}],"wp:attachment":[{"href":"https:\/\/diarioavanzada.com.mx\/index.php?rest_route=%2Fwp%2Fv2%2Fmedia&parent=66459"}],"wp:term":[{"taxonomy":"category","embeddable":true,"href":"https:\/\/diarioavanzada.com.mx\/index.php?rest_route=%2Fwp%2Fv2%2Fcategories&post=66459"},{"taxonomy":"post_tag","embeddable":true,"href":"https:\/\/diarioavanzada.com.mx\/index.php?rest_route=%2Fwp%2Fv2%2Ftags&post=66459"}],"curies":[{"name":"wp","href":"https:\/\/api.w.org\/{rel}","templated":true}]}}