{"id":66230,"date":"2024-11-24T10:40:43","date_gmt":"2024-11-24T16:40:43","guid":{"rendered":"https:\/\/diarioavanzada.com.mx\/?p=66230"},"modified":"2024-11-24T10:42:25","modified_gmt":"2024-11-24T16:42:25","slug":"la-fiscalia-de-colima-expertos-en-simulaciones-pero-fracasa-en-la-realidad","status":"publish","type":"post","link":"https:\/\/diarioavanzada.com.mx\/?p=66230","title":{"rendered":"La Fiscal\u00eda de Colima: expertos en simulaciones, pero fracasa en la realidad"},"content":{"rendered":"\n<p class=\"wp-block-paragraph\">Colima, M\u00e9xico, Avanzada (24\/11\/2024).- Mientras Colima enfrenta una ola de violencia que lo posiciona como el estado con mayor n\u00famero de homicidios en el pa\u00eds, la Fiscal\u00eda General del Estado celebra su triunfo en un concurso internacional de juicios simulados. El logro, obtenido en Mississippi en el marco del \u201cXV Concurso Nacional de Juicio Simulado entre Fiscal\u00edas Mexicanas\u201d, destaca las habilidades t\u00e9cnicas del personal para representar casos penales ficticios, pero contrasta dolorosamente con su incapacidad para enfrentar la criminalidad que asfixia a la entidad.<\/p>\n\n\n\n<p class=\"wp-block-paragraph\">El fiscal general de Colima, Bryant Alejandro Garc\u00eda Ram\u00edrez, encabez\u00f3 la delegaci\u00f3n que brill\u00f3 en el evento, donde los representantes estatales demostraron su dominio en interrogatorios y defensa penal. Sin embargo, fuera de las salas de simulaci\u00f3n, los resultados son desalentadores: homicidios, desapariciones y un sistema de justicia que parece paralizado frente a la realidad.<\/p>\n\n\n\n<p class=\"wp-block-paragraph\">Colima enfrenta una realidad desafiante en materia de impunidad, revelada por el \u00cdndice de Impunidad de M\u00e9xico Eval\u00faa, que sit\u00faa al estado con un alarmante 99.5 por ciento de casos irresueltos, consolid\u00e1ndolo como el segundo estado m\u00e1s impune del pa\u00eds, solo detr\u00e1s de Hidalgo. Esta cifra, que ha aumentado un 2.1 por ciento desde 2021, evidencia la falta de atenci\u00f3n, investigaci\u00f3n y resoluci\u00f3n de los casos conocidos por la autoridad. En comparaci\u00f3n con la media nacional del 96.3 por ciento, Colima est\u00e1 significativamente por encima, lo que subraya la necesidad de medidas efectivas.<\/p>\n\n\n\n<p class=\"wp-block-paragraph\">Datos obtenidos mediante solicitudes de transparencia revelaron que la Fiscal\u00eda General de Justicia de Colima abri\u00f3 188 mil 684 carpetas de investigaci\u00f3n entre 2018 y mayo de 2024. Sin embargo, solo nueve de estas investigaciones llegaron a la etapa de ejecuci\u00f3n de sentencia, lo que equivale a un \u00ednfimo 0.004 por ciento del total. Este panorama muestra la incapacidad de la Fiscal\u00eda para garantizar justicia y combatir la impunidad.<\/p>\n\n\n\n<p class=\"wp-block-paragraph\">La activista social Rosa Evelia Villarruel Figueroa lament\u00f3 que, solo en las primeras dos semanas de noviembre, alrededor de 30 personas fueran asesinadas en Colima, entre ellas ocho mujeres. \u201cEso es tremendo porque a las autoridades no las vemos que reaccionen ante la magnitud de los hechos\u201d, se\u00f1al\u00f3. Adem\u00e1s, critic\u00f3 que las instituciones, incluida la Fiscal\u00eda General del Estado, opten por el silencio para confundir a la poblaci\u00f3n, permitiendo que circulen rumores o verdades a medias sobre los cr\u00edmenes que ocurren.<\/p>\n\n\n\n<p class=\"wp-block-paragraph\">Villarruel, integrante del colectivo Las Rosas Rojas, denunci\u00f3 que la violencia feminicida en Colima est\u00e1 siendo invisibilizada por las propias autoridades. \u201cSe debe proteger la vida de todas las personas y se tiene que informar sobre los cr\u00edmenes contra mujeres, porque al no decir nada quieren que la gente crea que la privaci\u00f3n de la vida corresponde a un ataque por la disputa entre c\u00e1rteles. Sabemos que no es as\u00ed\u201d, declar\u00f3.<\/p>\n\n\n\n<p class=\"wp-block-paragraph\">A estas voces cr\u00edticas se suma Mario Alberto Gait\u00e1n Jim\u00e9nez, periodista y amigo de Paty Bunbury, reportera asesinada recientemente en circunstancias que la Fiscal\u00eda intent\u00f3 vincular al crimen organizado. Gait\u00e1n calific\u00f3 la gesti\u00f3n del fiscal como ineficaz y exigi\u00f3 su renuncia, considerando que su incapacidad para frenar la violencia lo descalifica para continuar en el cargo.<\/p>\n\n\n\n<p class=\"wp-block-paragraph\">Adem\u00e1s, persisten las acusaciones de que Garc\u00eda Ram\u00edrez ocupa el puesto no por m\u00e9ritos, sino por ser ahijado de la gobernadora Indira Vizca\u00edno. Este v\u00ednculo, habr\u00eda blindado al fiscal de rendir cuentas en un estado donde la reincidencia delictiva es la norma por la falta de detenciones.<\/p>\n\n\n\n<p class=\"wp-block-paragraph\">La contradicci\u00f3n es evidente: mientras el personal de la Fiscal\u00eda demuestra maestr\u00eda en simulaciones, la realidad en Colima sigue marcada por la impunidad y el temor. Las habilidades t\u00e9cnicas de los funcionarios, que deber\u00edan ser aplicadas para resolver los problemas del estado, parecen quedarse en el \u00e1mbito del espect\u00e1culo acad\u00e9mico.<\/p>\n\n\n\n<p class=\"wp-block-paragraph\">Para una entidad golpeada por el crimen, la inacci\u00f3n y una impunidad del 99.5 por ciento, el reconocimiento en un concurso internacional resulta poco alentador. La ciudadan\u00eda no necesita fiscales que ganen trofeos, sino un sistema de justicia capaz de proteger vidas y garantizar seguridad.<\/p>\n\n\n\n<p class=\"wp-block-paragraph\"><\/p>\n\n\n\n<p class=\"wp-block-paragraph\"><\/p>\n\n\n\n<p class=\"wp-block-paragraph\"><\/p>\n\n\n\n<p class=\"wp-block-paragraph\"><\/p>\n\n\n\n<p class=\"wp-block-paragraph\"><\/p>\n\n\n\n<p class=\"wp-block-paragraph\"><\/p>\n\n\n\n<p class=\"wp-block-paragraph\"><\/p>\n<div class=\"fb-background-color\">\n\t\t\t  <div \n\t\t\t  \tclass = \"fb-comments\" \n\t\t\t  \tdata-href = \"https:\/\/diarioavanzada.com.mx\/?p=66230\"\n\t\t\t  \tdata-numposts = \"10\"\n\t\t\t  \tdata-lazy = \"true\"\n\t\t\t\tdata-colorscheme = \"light\"\n\t\t\t\tdata-order-by = \"social\"\n\t\t\t\tdata-mobile=true>\n\t\t\t  <\/div><\/div>\n\t\t  <style>\n\t\t    .fb-background-color {\n\t\t\t\tbackground:  !important;\n\t\t\t}\n\t\t\t.fb_iframe_widget_fluid_desktop iframe {\n\t\t\t    width: 100% !important;\n\t\t\t}\n\t\t  <\/style>\n\t\t  ","protected":false},"excerpt":{"rendered":"<p>Colima, M\u00e9xico, Avanzada (24\/11\/2024).- Mientras Colima enfrenta una ola de violencia que lo posiciona como el estado con mayor n\u00famero de homicidios en el pa\u00eds, la Fiscal\u00eda General del Estado celebra su triunfo en un concurso internacional de juicios simulados. El logro, obtenido en Mississippi en el marco del \u201cXV Concurso Nacional de Juicio Simulado [&hellip;]<\/p>\n","protected":false},"author":7,"featured_media":66229,"comment_status":"closed","ping_status":"closed","sticky":false,"template":"","format":"standard","meta":{"_coblocks_attr":"","_coblocks_dimensions":"","_coblocks_responsive_height":"","_coblocks_accordion_ie_support":"","_crdt_document":"","advanced_seo_description":"","jetpack_seo_html_title":"","jetpack_seo_noindex":false,"_jetpack_memberships_contains_paid_content":false,"footnotes":""},"categories":[19,209,231],"tags":[],"class_list":["post-66230","post","type-post","status-publish","format-standard","has-post-thumbnail","hentry","category-colima","category-importantes","category-seguridad"],"jetpack_featured_media_url":"https:\/\/diarioavanzada.com.mx\/wp-content\/uploads\/2024\/11\/img_0185-1.jpg","jetpack-related-posts":[],"jetpack_sharing_enabled":true,"amp_enabled":true,"_links":{"self":[{"href":"https:\/\/diarioavanzada.com.mx\/index.php?rest_route=\/wp\/v2\/posts\/66230","targetHints":{"allow":["GET"]}}],"collection":[{"href":"https:\/\/diarioavanzada.com.mx\/index.php?rest_route=\/wp\/v2\/posts"}],"about":[{"href":"https:\/\/diarioavanzada.com.mx\/index.php?rest_route=\/wp\/v2\/types\/post"}],"author":[{"embeddable":true,"href":"https:\/\/diarioavanzada.com.mx\/index.php?rest_route=\/wp\/v2\/users\/7"}],"replies":[{"embeddable":true,"href":"https:\/\/diarioavanzada.com.mx\/index.php?rest_route=%2Fwp%2Fv2%2Fcomments&post=66230"}],"version-history":[{"count":3,"href":"https:\/\/diarioavanzada.com.mx\/index.php?rest_route=\/wp\/v2\/posts\/66230\/revisions"}],"predecessor-version":[{"id":66233,"href":"https:\/\/diarioavanzada.com.mx\/index.php?rest_route=\/wp\/v2\/posts\/66230\/revisions\/66233"}],"wp:featuredmedia":[{"embeddable":true,"href":"https:\/\/diarioavanzada.com.mx\/index.php?rest_route=\/wp\/v2\/media\/66229"}],"wp:attachment":[{"href":"https:\/\/diarioavanzada.com.mx\/index.php?rest_route=%2Fwp%2Fv2%2Fmedia&parent=66230"}],"wp:term":[{"taxonomy":"category","embeddable":true,"href":"https:\/\/diarioavanzada.com.mx\/index.php?rest_route=%2Fwp%2Fv2%2Fcategories&post=66230"},{"taxonomy":"post_tag","embeddable":true,"href":"https:\/\/diarioavanzada.com.mx\/index.php?rest_route=%2Fwp%2Fv2%2Ftags&post=66230"}],"curies":[{"name":"wp","href":"https:\/\/api.w.org\/{rel}","templated":true}]}}