{"id":66223,"date":"2024-11-24T09:33:50","date_gmt":"2024-11-24T15:33:50","guid":{"rendered":"https:\/\/diarioavanzada.com.mx\/?p=66223"},"modified":"2024-11-24T09:34:48","modified_gmt":"2024-11-24T15:34:48","slug":"tribunal-electoral-determina-que-indira-violo-los-principios-de-imparcialidad-y-neutralidad-electoral","status":"publish","type":"post","link":"https:\/\/diarioavanzada.com.mx\/?p=66223","title":{"rendered":"Tribunal Electoral determina que Indira viol\u00f3 los principios de imparcialidad y neutralidad electoral"},"content":{"rendered":"\n<p class=\"p1 wp-block-paragraph\">Colima, M\u00e9xico, Avanzada (24\/11\/2024).- \ufffcEl Tribunal Electoral del Poder Judicial de la Federaci\u00f3n (TEPJF), a trav\u00e9s de su Sala Regional Especializada, determin\u00f3 que la gobernadora de Colima, Indira Vizca\u00edno Silva, junto con otros mandatarios de Morena, vulner\u00f3 los principios de imparcialidad, neutralidad y equidad electoral al respaldar p\u00fablicamente la candidatura de Claudia Sheinbaum Pardo, actual aspirante presidencial por la coalici\u00f3n Morena-PT-PVEM.<\/p>\n\n\n\n<p class=\"p1 wp-block-paragraph\">En el procedimiento especial sancionador (PES) 572\/2024, presentado por el Partido Acci\u00f3n Nacional (PAN), se resolvi\u00f3 que la firma y difusi\u00f3n del desplegado titulado \u201cGobernadoras y Gobernadores de la 4ta Transformaci\u00f3n\u201d constituy\u00f3 un acto que transgredi\u00f3 las normas electorales. El desplegado, publicado en diciembre de 2023 y difundido en redes sociales por varios mandatarios estatales, expres\u00f3 apoyo a Sheinbaum Pardo durante la etapa previa al inicio oficial de las campa\u00f1as electorales.<\/p>\n\n\n\n<p class=\"p1 wp-block-paragraph\">El PAN denunci\u00f3 que las y los gobernadores de Morena utilizaron su posici\u00f3n como principales figuras pol\u00edticas de sus entidades para influir en la ciudadan\u00eda. Alegaron que el desplegado era un llamado impl\u00edcito al voto en favor de Sheinbaum y que su difusi\u00f3n masiva, incluso en cuentas oficiales de redes sociales, afect\u00f3 la equidad en la contienda electoral.<\/p>\n\n\n\n<p class=\"p1 wp-block-paragraph\">El tribunal concluy\u00f3 que, aunque no se acredit\u00f3 el uso indebido de recursos p\u00fablicos ni actos anticipados de campa\u00f1a por parte de Vizca\u00edno Silva, s\u00ed hubo una vulneraci\u00f3n a los principios de neutralidad e imparcialidad. Esto, al considerar que el cargo de gobernadora implica una especial obligaci\u00f3n de mantener la imparcialidad en el ejercicio de sus funciones y que su nombre y cargo aparecieron en el desplegado.<\/p>\n\n\n\n<p class=\"p1 wp-block-paragraph\">En su defensa, Vizca\u00edno Silva argument\u00f3 que no particip\u00f3 en la elaboraci\u00f3n ni en la difusi\u00f3n del desplegado y que desconoc\u00eda por qu\u00e9 su nombre aparec\u00eda en el documento. Adem\u00e1s, asegur\u00f3 que no utiliz\u00f3 recursos p\u00fablicos para este prop\u00f3sito y neg\u00f3 haber violentado los principios electorales.<\/p>\n\n\n\n<p class=\"p1 wp-block-paragraph\">Sin embargo, el tribunal determin\u00f3 que su calidad como gobernadora, reflejada en el desplegado, tiene un impacto significativo en la percepci\u00f3n p\u00fablica, lo que comprometi\u00f3 la equidad en el proceso electoral.<\/p>\n\n\n\n<p class=\"p1 wp-block-paragraph\">Ante esta resoluci\u00f3n, el tribunal dio vista al Congreso del Estado de Colima, a trav\u00e9s de la Mesa Directiva, para que determine la sanci\u00f3n correspondiente. Las medidas podr\u00edan incluir una amonestaci\u00f3n p\u00fablica, aunque no se ha especificado a\u00fan la gravedad de la sanci\u00f3n que se propondr\u00e1. Adem\u00e1s, en atenci\u00f3n a las infracciones acreditadas en este asunto, esta sentencia deber\u00e1 publicarse en el \u201cCat\u00e1logo de sujetos sancionados en los Procedimientos Especiales Sancionadores\u201d de la p\u00e1gina de internet de esta Sala Especializada.<\/p>\n\n\n\n<p class=\"p1 wp-block-paragraph\">La gobernadora de Colima a\u00fan no ha emitido un pronunciamiento oficial sobre la determinaci\u00f3n del tribunal.<\/p>\n\n\n\n<figure class=\"wp-block-image size-full is-resized\"><img loading=\"lazy\" decoding=\"async\" width=\"352\" height=\"507\" src=\"https:\/\/diarioavanzada.com.mx\/wp-content\/uploads\/2024\/11\/image-2.png\" alt=\"\" class=\"wp-image-66221\" style=\"width:518px;height:auto\" srcset=\"https:\/\/diarioavanzada.com.mx\/wp-content\/uploads\/2024\/11\/image-2.png 352w, https:\/\/diarioavanzada.com.mx\/wp-content\/uploads\/2024\/11\/image-2-208x300.png 208w\" sizes=\"auto, (max-width: 352px) 100vw, 352px\" \/><\/figure>\n<div class=\"fb-background-color\">\n\t\t\t  <div \n\t\t\t  \tclass = \"fb-comments\" \n\t\t\t  \tdata-href = \"https:\/\/diarioavanzada.com.mx\/?p=66223\"\n\t\t\t  \tdata-numposts = \"10\"\n\t\t\t  \tdata-lazy = \"true\"\n\t\t\t\tdata-colorscheme = \"light\"\n\t\t\t\tdata-order-by = \"social\"\n\t\t\t\tdata-mobile=true>\n\t\t\t  <\/div><\/div>\n\t\t  <style>\n\t\t    .fb-background-color {\n\t\t\t\tbackground:  !important;\n\t\t\t}\n\t\t\t.fb_iframe_widget_fluid_desktop iframe {\n\t\t\t    width: 100% !important;\n\t\t\t}\n\t\t  <\/style>\n\t\t  ","protected":false},"excerpt":{"rendered":"<p>Colima, M\u00e9xico, Avanzada (24\/11\/2024).- \ufffcEl Tribunal Electoral del Poder Judicial de la Federaci\u00f3n (TEPJF), a trav\u00e9s de su Sala Regional Especializada, determin\u00f3 que la gobernadora de Colima, Indira Vizca\u00edno Silva, junto con otros mandatarios de Morena, vulner\u00f3 los principios de imparcialidad, neutralidad y equidad electoral al respaldar p\u00fablicamente la candidatura de Claudia Sheinbaum Pardo, actual [&hellip;]<\/p>\n","protected":false},"author":7,"featured_media":66228,"comment_status":"closed","ping_status":"closed","sticky":false,"template":"","format":"standard","meta":{"_coblocks_attr":"","_coblocks_dimensions":"","_coblocks_responsive_height":"","_coblocks_accordion_ie_support":"","_crdt_document":"","advanced_seo_description":"","jetpack_seo_html_title":"","jetpack_seo_noindex":false,"_jetpack_memberships_contains_paid_content":false,"footnotes":""},"categories":[19,209,7],"tags":[],"class_list":["post-66223","post","type-post","status-publish","format-standard","has-post-thumbnail","hentry","category-colima","category-importantes","category-noticias"],"jetpack_featured_media_url":"https:\/\/diarioavanzada.com.mx\/wp-content\/uploads\/2024\/11\/img_0167-1.jpg","jetpack-related-posts":[],"jetpack_sharing_enabled":true,"amp_enabled":true,"_links":{"self":[{"href":"https:\/\/diarioavanzada.com.mx\/index.php?rest_route=\/wp\/v2\/posts\/66223","targetHints":{"allow":["GET"]}}],"collection":[{"href":"https:\/\/diarioavanzada.com.mx\/index.php?rest_route=\/wp\/v2\/posts"}],"about":[{"href":"https:\/\/diarioavanzada.com.mx\/index.php?rest_route=\/wp\/v2\/types\/post"}],"author":[{"embeddable":true,"href":"https:\/\/diarioavanzada.com.mx\/index.php?rest_route=\/wp\/v2\/users\/7"}],"replies":[{"embeddable":true,"href":"https:\/\/diarioavanzada.com.mx\/index.php?rest_route=%2Fwp%2Fv2%2Fcomments&post=66223"}],"version-history":[{"count":3,"href":"https:\/\/diarioavanzada.com.mx\/index.php?rest_route=\/wp\/v2\/posts\/66223\/revisions"}],"predecessor-version":[{"id":66227,"href":"https:\/\/diarioavanzada.com.mx\/index.php?rest_route=\/wp\/v2\/posts\/66223\/revisions\/66227"}],"wp:featuredmedia":[{"embeddable":true,"href":"https:\/\/diarioavanzada.com.mx\/index.php?rest_route=\/wp\/v2\/media\/66228"}],"wp:attachment":[{"href":"https:\/\/diarioavanzada.com.mx\/index.php?rest_route=%2Fwp%2Fv2%2Fmedia&parent=66223"}],"wp:term":[{"taxonomy":"category","embeddable":true,"href":"https:\/\/diarioavanzada.com.mx\/index.php?rest_route=%2Fwp%2Fv2%2Fcategories&post=66223"},{"taxonomy":"post_tag","embeddable":true,"href":"https:\/\/diarioavanzada.com.mx\/index.php?rest_route=%2Fwp%2Fv2%2Ftags&post=66223"}],"curies":[{"name":"wp","href":"https:\/\/api.w.org\/{rel}","templated":true}]}}