{"id":66208,"date":"2024-11-24T06:39:25","date_gmt":"2024-11-24T12:39:25","guid":{"rendered":"https:\/\/diarioavanzada.com.mx\/?p=66208"},"modified":"2024-11-24T06:45:18","modified_gmt":"2024-11-24T12:45:18","slug":"ayer-asesinaron-a-siete-personas-en-colima","status":"publish","type":"post","link":"https:\/\/diarioavanzada.com.mx\/?p=66208","title":{"rendered":"Ayer asesinaron a siete personas en Colima"},"content":{"rendered":"\n<p class=\"wp-block-paragraph\">Colima, M\u00e9xico, Avanzada (24\/11\/2024).- Desde hace dos meses, la Mesa de Coordinaci\u00f3n Estatal para la Construcci\u00f3n de la Paz y la Seguridad en Colima ha guardado silencio sobre los homicidios dolosos en la entidad, dejando a la poblaci\u00f3n en la incertidumbre respecto a la situaci\u00f3n de violencia. La \u00faltima informaci\u00f3n oficial data del 20 de septiembre, cuando la autoridad presumi\u00f3 una reducci\u00f3n de asesinatos por cuarto mes consecutivo, asegurando que en agosto los homicidios hab\u00edan disminuido un 14.7% respecto a julio y un 36% en comparaci\u00f3n con abril.<\/p>\n\n\n\n<p class=\"wp-block-paragraph\">Sin embargo, los hechos registrados este s\u00e1bado dejaron en evidencia la fragilidad de esa supuesta tendencia a la baja. En una sola jornada, siete personas fueron asesinadas de manera brutal en distintos puntos del estado, en actos que reflejan la persistente lucha entre grupos criminales que azota a Colima.<\/p>\n\n\n\n<p class=\"wp-block-paragraph\">En la comunidad de Puerta de Anzar, a dos kil\u00f3metros del poblado, fueron localizados los cuerpos de cuatro personas asesinadas con disparos de arma de fuego dentro de un autom\u00f3vil.<\/p>\n\n\n\n<p class=\"wp-block-paragraph\">Por la madrugada, en El Colomo, Manzanillo, se report\u00f3 el hallazgo de un hombre decapitado y mutilado, cuyo cuerpo fue colgado de un puente, atado de los pies.<\/p>\n\n\n\n<p class=\"wp-block-paragraph\">Horas despu\u00e9s, en la ciudad de Colima, un hombre fue ejecutado a balazos frente a la central camionera de los Rojos. Finalmente, alrededor de las 21:20 horas, una mujer fue asesinada a tiros en la colonia Placetas, sobre la calle R\u00edo Minatitl\u00e1n.<\/p>\n\n\n\n<p class=\"wp-block-paragraph\">El recrudecimiento de la violencia ocurri\u00f3 el mismo d\u00eda que la presidenta Claudia Sheinbaum visit\u00f3 Manzanillo para dar inicio a la construcci\u00f3n del \u201cNuevo Manzanillo\u201d, obra emblem\u00e1tica destinada a ampliar la capacidad portuaria de la regi\u00f3n. Sin embargo, la jornada qued\u00f3 marcada por los asesinatos que evidencian la persistente inseguridad.<\/p>\n\n\n\n<p class=\"wp-block-paragraph\">El silencio oficial por parte de la Mesa de Coordinaci\u00f3n ha privado a la ciudadan\u00eda del acceso a informaci\u00f3n crucial sobre el estado de la violencia en Colima. La \u00faltima conferencia de prensa de la Mesa, el 20 de septiembre, se enfoc\u00f3 en destacar resultados positivos derivados de sus estrategias, pero no se ha dado seguimiento p\u00fablico a estas cifras ni se ha proporcionado claridad sobre los recientes acontecimientos.<br \/>El contraste entre las declaraciones optimistas de la autoridad y la crudeza de la realidad genera incertidumbre y desconfianza entre los colimenses, quienes enfrentan diariamente las consecuencias de la inseguridad.<br \/><\/p>\n<div class=\"fb-background-color\">\n\t\t\t  <div \n\t\t\t  \tclass = \"fb-comments\" \n\t\t\t  \tdata-href = \"https:\/\/diarioavanzada.com.mx\/?p=66208\"\n\t\t\t  \tdata-numposts = \"10\"\n\t\t\t  \tdata-lazy = \"true\"\n\t\t\t\tdata-colorscheme = \"light\"\n\t\t\t\tdata-order-by = \"social\"\n\t\t\t\tdata-mobile=true>\n\t\t\t  <\/div><\/div>\n\t\t  <style>\n\t\t    .fb-background-color {\n\t\t\t\tbackground:  !important;\n\t\t\t}\n\t\t\t.fb_iframe_widget_fluid_desktop iframe {\n\t\t\t    width: 100% !important;\n\t\t\t}\n\t\t  <\/style>\n\t\t  ","protected":false},"excerpt":{"rendered":"<p>Colima, M\u00e9xico, Avanzada (24\/11\/2024).- Desde hace dos meses, la Mesa de Coordinaci\u00f3n Estatal para la Construcci\u00f3n de la Paz y la Seguridad en Colima ha guardado silencio sobre los homicidios dolosos en la entidad, dejando a la poblaci\u00f3n en la incertidumbre respecto a la situaci\u00f3n de violencia. La \u00faltima informaci\u00f3n oficial data del 20 de [&hellip;]<\/p>\n","protected":false},"author":7,"featured_media":66210,"comment_status":"closed","ping_status":"closed","sticky":false,"template":"","format":"standard","meta":{"_coblocks_attr":"","_coblocks_dimensions":"","_coblocks_responsive_height":"","_coblocks_accordion_ie_support":"","_crdt_document":"","advanced_seo_description":"","jetpack_seo_html_title":"","jetpack_seo_noindex":false,"_jetpack_memberships_contains_paid_content":false,"footnotes":""},"categories":[19,209,231],"tags":[],"class_list":["post-66208","post","type-post","status-publish","format-standard","has-post-thumbnail","hentry","category-colima","category-importantes","category-seguridad"],"jetpack_featured_media_url":"https:\/\/diarioavanzada.com.mx\/wp-content\/uploads\/2024\/11\/img_4412-1.png","jetpack-related-posts":[],"jetpack_sharing_enabled":true,"amp_enabled":true,"_links":{"self":[{"href":"https:\/\/diarioavanzada.com.mx\/index.php?rest_route=\/wp\/v2\/posts\/66208","targetHints":{"allow":["GET"]}}],"collection":[{"href":"https:\/\/diarioavanzada.com.mx\/index.php?rest_route=\/wp\/v2\/posts"}],"about":[{"href":"https:\/\/diarioavanzada.com.mx\/index.php?rest_route=\/wp\/v2\/types\/post"}],"author":[{"embeddable":true,"href":"https:\/\/diarioavanzada.com.mx\/index.php?rest_route=\/wp\/v2\/users\/7"}],"replies":[{"embeddable":true,"href":"https:\/\/diarioavanzada.com.mx\/index.php?rest_route=%2Fwp%2Fv2%2Fcomments&post=66208"}],"version-history":[{"count":1,"href":"https:\/\/diarioavanzada.com.mx\/index.php?rest_route=\/wp\/v2\/posts\/66208\/revisions"}],"predecessor-version":[{"id":66209,"href":"https:\/\/diarioavanzada.com.mx\/index.php?rest_route=\/wp\/v2\/posts\/66208\/revisions\/66209"}],"wp:featuredmedia":[{"embeddable":true,"href":"https:\/\/diarioavanzada.com.mx\/index.php?rest_route=\/wp\/v2\/media\/66210"}],"wp:attachment":[{"href":"https:\/\/diarioavanzada.com.mx\/index.php?rest_route=%2Fwp%2Fv2%2Fmedia&parent=66208"}],"wp:term":[{"taxonomy":"category","embeddable":true,"href":"https:\/\/diarioavanzada.com.mx\/index.php?rest_route=%2Fwp%2Fv2%2Fcategories&post=66208"},{"taxonomy":"post_tag","embeddable":true,"href":"https:\/\/diarioavanzada.com.mx\/index.php?rest_route=%2Fwp%2Fv2%2Ftags&post=66208"}],"curies":[{"name":"wp","href":"https:\/\/api.w.org\/{rel}","templated":true}]}}