{"id":66202,"date":"2024-11-23T21:51:17","date_gmt":"2024-11-24T03:51:17","guid":{"rendered":"https:\/\/diarioavanzada.com.mx\/?p=66202"},"modified":"2024-11-24T06:16:32","modified_gmt":"2024-11-24T12:16:32","slug":"asesinan-a-un-hombre-frente-a-la-central-de-los-rojos-en-colima","status":"publish","type":"post","link":"https:\/\/diarioavanzada.com.mx\/?p=66202","title":{"rendered":"Asesinan a un hombre frente a la Central de Los Rojos en Colima"},"content":{"rendered":"\n<p class=\"wp-block-paragraph\">Colima, M\u00e9xico, Avanzada (23\/11\/2024).- La tarde de este s\u00e1bado, un hombre fue ejecutado a balazos frente a la central camionera de los Rojos, en el municipio de Colima, en un hecho que vuelve a evidenciar la ola de violencia que azota al estado.<\/p>\n\n\n\n<p class=\"wp-block-paragraph\">De acuerdo con reportes extraoficiales, la v\u00edctima caminaba por el camell\u00f3n cercano a la terminal cuando fue atacado por sicarios a bordo de una motocicleta, quienes le dispararon en repetidas ocasiones, caus\u00e1ndole la muerte de forma inmediata.<\/p>\n\n\n\n<p class=\"wp-block-paragraph\">Elementos de diversas corporaciones policiacas acudieron al lugar, acordonaron la zona y comenzaron las investigaciones correspondientes. Personal del Servicio M\u00e9dico Forense (SEMEFO) levant\u00f3 los indicios y traslad\u00f3 el cuerpo al anfiteatro, donde se realizar\u00e1 la necropsia de ley.<\/p>\n\n\n\n<p class=\"wp-block-paragraph\"><strong>Una jornada marcada por la violencia<\/strong><\/p>\n\n\n\n<p class=\"wp-block-paragraph\">Este asesinato se suma a otros cinco homicidios registrados en el estado este mismo d\u00eda:<\/p>\n\n\n\n<p class=\"wp-block-paragraph\">Puerta de Anzar: A 2 kil\u00f3metros de esta comunidad se reportaron cuatro asesinatos en circunstancias a\u00fan no esclarecidas.<\/p>\n\n\n\n<p class=\"wp-block-paragraph\">Manzanillo: En la comunidad de El Colomo, el cuerpo decapitado y mutilado de un hombre fue encontrado suspendido de un puente.<\/p>\n\n\n\n<p class=\"wp-block-paragraph\">En ninguno de los casos se han reportado personas detenidas, y los responsables de los cr\u00edmenes huyeron con total impunidad.<\/p>\n<div class=\"fb-background-color\">\n\t\t\t  <div \n\t\t\t  \tclass = \"fb-comments\" \n\t\t\t  \tdata-href = \"https:\/\/diarioavanzada.com.mx\/?p=66202\"\n\t\t\t  \tdata-numposts = \"10\"\n\t\t\t  \tdata-lazy = \"true\"\n\t\t\t\tdata-colorscheme = \"light\"\n\t\t\t\tdata-order-by = \"social\"\n\t\t\t\tdata-mobile=true>\n\t\t\t  <\/div><\/div>\n\t\t  <style>\n\t\t    .fb-background-color {\n\t\t\t\tbackground:  !important;\n\t\t\t}\n\t\t\t.fb_iframe_widget_fluid_desktop iframe {\n\t\t\t    width: 100% !important;\n\t\t\t}\n\t\t  <\/style>\n\t\t  ","protected":false},"excerpt":{"rendered":"<p>Colima, M\u00e9xico, Avanzada (23\/11\/2024).- La tarde de este s\u00e1bado, un hombre fue ejecutado a balazos frente a la central camionera de los Rojos, en el municipio de Colima, en un hecho que vuelve a evidenciar la ola de violencia que azota al estado. De acuerdo con reportes extraoficiales, la v\u00edctima caminaba por el camell\u00f3n cercano [&hellip;]<\/p>\n","protected":false},"author":7,"featured_media":66201,"comment_status":"closed","ping_status":"closed","sticky":false,"template":"","format":"standard","meta":{"_coblocks_attr":"","_coblocks_dimensions":"","_coblocks_responsive_height":"","_coblocks_accordion_ie_support":"","_crdt_document":"","advanced_seo_description":"","jetpack_seo_html_title":"","jetpack_seo_noindex":false,"_jetpack_memberships_contains_paid_content":false,"footnotes":""},"categories":[19,209,231],"tags":[],"class_list":["post-66202","post","type-post","status-publish","format-standard","has-post-thumbnail","hentry","category-colima","category-importantes","category-seguridad"],"jetpack_featured_media_url":"https:\/\/diarioavanzada.com.mx\/wp-content\/uploads\/2024\/11\/img_4399-1.png","jetpack-related-posts":[],"jetpack_sharing_enabled":true,"amp_enabled":true,"_links":{"self":[{"href":"https:\/\/diarioavanzada.com.mx\/index.php?rest_route=\/wp\/v2\/posts\/66202","targetHints":{"allow":["GET"]}}],"collection":[{"href":"https:\/\/diarioavanzada.com.mx\/index.php?rest_route=\/wp\/v2\/posts"}],"about":[{"href":"https:\/\/diarioavanzada.com.mx\/index.php?rest_route=\/wp\/v2\/types\/post"}],"author":[{"embeddable":true,"href":"https:\/\/diarioavanzada.com.mx\/index.php?rest_route=\/wp\/v2\/users\/7"}],"replies":[{"embeddable":true,"href":"https:\/\/diarioavanzada.com.mx\/index.php?rest_route=%2Fwp%2Fv2%2Fcomments&post=66202"}],"version-history":[{"count":2,"href":"https:\/\/diarioavanzada.com.mx\/index.php?rest_route=\/wp\/v2\/posts\/66202\/revisions"}],"predecessor-version":[{"id":66206,"href":"https:\/\/diarioavanzada.com.mx\/index.php?rest_route=\/wp\/v2\/posts\/66202\/revisions\/66206"}],"wp:featuredmedia":[{"embeddable":true,"href":"https:\/\/diarioavanzada.com.mx\/index.php?rest_route=\/wp\/v2\/media\/66201"}],"wp:attachment":[{"href":"https:\/\/diarioavanzada.com.mx\/index.php?rest_route=%2Fwp%2Fv2%2Fmedia&parent=66202"}],"wp:term":[{"taxonomy":"category","embeddable":true,"href":"https:\/\/diarioavanzada.com.mx\/index.php?rest_route=%2Fwp%2Fv2%2Fcategories&post=66202"},{"taxonomy":"post_tag","embeddable":true,"href":"https:\/\/diarioavanzada.com.mx\/index.php?rest_route=%2Fwp%2Fv2%2Ftags&post=66202"}],"curies":[{"name":"wp","href":"https:\/\/api.w.org\/{rel}","templated":true}]}}