{"id":66185,"date":"2024-11-23T20:52:25","date_gmt":"2024-11-24T02:52:25","guid":{"rendered":"https:\/\/diarioavanzada.com.mx\/?p=66185"},"modified":"2024-11-23T20:53:11","modified_gmt":"2024-11-24T02:53:11","slug":"capacitacion-en-etica-y-conducta-refuerza-valores-en-el-bachillerato-35","status":"publish","type":"post","link":"https:\/\/diarioavanzada.com.mx\/?p=66185","title":{"rendered":"Capacitaci\u00f3n en \u00e9tica y conducta refuerza valores, en el Bachillerato 35"},"content":{"rendered":"\n<p class=\"wp-block-paragraph\"><em>Estas herramientas buscan promover un entorno de trabajo \u00e9tico, transparente y comprometido con los est\u00e1ndares de la universidad.<\/em><\/p>\n\n\n\n<p class=\"wp-block-paragraph\">Colima, M\u00e9xico, Comunicado (23\/11\/2024).- Rosa Elizabeth Garc\u00eda Uribe y Brenda Lizeth Aguilar Garc\u00eda, presidenta y secretaria ejecutiva del Comit\u00e9 de \u00c9tica y Prevenci\u00f3n de Conflictos de Inter\u00e9s de la Universidad de Colima, encabezaron esta semana una capacitaci\u00f3n sobre el C\u00f3digo de \u00c9tica y Conducta en el Bachillerato 35, ubicado en la Delegaci\u00f3n de Tecom\u00e1n.<\/p>\n\n\n\n<p class=\"wp-block-paragraph\">Durante la actividad, el personal del plantel particip\u00f3 en din\u00e1micas dise\u00f1adas para resaltar la importancia de actuar con principios, valores y reglas de integridad en el \u00e1mbito laboral. Estas herramientas buscan promover un entorno de trabajo \u00e9tico, transparente y comprometido con los est\u00e1ndares de la universidad.<\/p>\n\n\n\n<p class=\"wp-block-paragraph\">Carlos Enrique Zing P\u00e9rez, director del Bachillerato 35, expres\u00f3 su compromiso de seguir trabajando de la mano con el Comit\u00e9 de \u00c9tica para fortalecer los valores en su comunidad educativa.<\/p>\n\n\n\n<p class=\"wp-block-paragraph\">Con estas acciones, la Universidad de Colima refuerza su compromiso institucional con la \u00e9tica y la integridad, consolid\u00e1ndose como un referente en la promoci\u00f3n de valores dentro de la educaci\u00f3n media superior en el estado y la regi\u00f3n.<\/p>\n\n\n\n<figure class=\"wp-block-image size-large\"><img loading=\"lazy\" decoding=\"async\" width=\"1024\" height=\"461\" src=\"https:\/\/diarioavanzada.com.mx\/wp-content\/uploads\/2024\/11\/Capacitacion-en-etica-y-conducta-refuerza-valores-en-el-35-1-1024x461.jpeg\" alt=\"\" class=\"wp-image-66190\" srcset=\"https:\/\/diarioavanzada.com.mx\/wp-content\/uploads\/2024\/11\/Capacitacion-en-etica-y-conducta-refuerza-valores-en-el-35-1-1024x461.jpeg 1024w, https:\/\/diarioavanzada.com.mx\/wp-content\/uploads\/2024\/11\/Capacitacion-en-etica-y-conducta-refuerza-valores-en-el-35-1-300x135.jpeg 300w, https:\/\/diarioavanzada.com.mx\/wp-content\/uploads\/2024\/11\/Capacitacion-en-etica-y-conducta-refuerza-valores-en-el-35-1-768x346.jpeg 768w, https:\/\/diarioavanzada.com.mx\/wp-content\/uploads\/2024\/11\/Capacitacion-en-etica-y-conducta-refuerza-valores-en-el-35-1-1536x692.jpeg 1536w, https:\/\/diarioavanzada.com.mx\/wp-content\/uploads\/2024\/11\/Capacitacion-en-etica-y-conducta-refuerza-valores-en-el-35-1-1200x541.jpeg 1200w, https:\/\/diarioavanzada.com.mx\/wp-content\/uploads\/2024\/11\/Capacitacion-en-etica-y-conducta-refuerza-valores-en-el-35-1.jpeg 1600w\" sizes=\"auto, (max-width: 1024px) 100vw, 1024px\" \/><\/figure>\n<div class=\"fb-background-color\">\n\t\t\t  <div \n\t\t\t  \tclass = \"fb-comments\" \n\t\t\t  \tdata-href = \"https:\/\/diarioavanzada.com.mx\/?p=66185\"\n\t\t\t  \tdata-numposts = \"10\"\n\t\t\t  \tdata-lazy = \"true\"\n\t\t\t\tdata-colorscheme = \"light\"\n\t\t\t\tdata-order-by = \"social\"\n\t\t\t\tdata-mobile=true>\n\t\t\t  <\/div><\/div>\n\t\t  <style>\n\t\t    .fb-background-color {\n\t\t\t\tbackground:  !important;\n\t\t\t}\n\t\t\t.fb_iframe_widget_fluid_desktop iframe {\n\t\t\t    width: 100% !important;\n\t\t\t}\n\t\t  <\/style>\n\t\t  ","protected":false},"excerpt":{"rendered":"<p>Estas herramientas buscan promover un entorno de trabajo \u00e9tico, transparente y comprometido con los est\u00e1ndares de la universidad. Colima, M\u00e9xico, Comunicado (23\/11\/2024).- Rosa Elizabeth Garc\u00eda Uribe y Brenda Lizeth Aguilar Garc\u00eda, presidenta y secretaria ejecutiva del Comit\u00e9 de \u00c9tica y Prevenci\u00f3n de Conflictos de Inter\u00e9s de la Universidad de Colima, encabezaron esta semana una capacitaci\u00f3n [&hellip;]<\/p>\n","protected":false},"author":7,"featured_media":66196,"comment_status":"closed","ping_status":"closed","sticky":false,"template":"","format":"standard","meta":{"_coblocks_attr":"","_coblocks_dimensions":"","_coblocks_responsive_height":"","_coblocks_accordion_ie_support":"","_crdt_document":"","advanced_seo_description":"","jetpack_seo_html_title":"","jetpack_seo_noindex":false,"_jetpack_memberships_contains_paid_content":false,"footnotes":""},"categories":[19,209,7],"tags":[],"class_list":["post-66185","post","type-post","status-publish","format-standard","has-post-thumbnail","hentry","category-colima","category-importantes","category-noticias"],"jetpack_featured_media_url":"https:\/\/diarioavanzada.com.mx\/wp-content\/uploads\/2024\/11\/img_4389-1.jpg","jetpack-related-posts":[],"jetpack_sharing_enabled":true,"amp_enabled":true,"_links":{"self":[{"href":"https:\/\/diarioavanzada.com.mx\/index.php?rest_route=\/wp\/v2\/posts\/66185","targetHints":{"allow":["GET"]}}],"collection":[{"href":"https:\/\/diarioavanzada.com.mx\/index.php?rest_route=\/wp\/v2\/posts"}],"about":[{"href":"https:\/\/diarioavanzada.com.mx\/index.php?rest_route=\/wp\/v2\/types\/post"}],"author":[{"embeddable":true,"href":"https:\/\/diarioavanzada.com.mx\/index.php?rest_route=\/wp\/v2\/users\/7"}],"replies":[{"embeddable":true,"href":"https:\/\/diarioavanzada.com.mx\/index.php?rest_route=%2Fwp%2Fv2%2Fcomments&post=66185"}],"version-history":[{"count":5,"href":"https:\/\/diarioavanzada.com.mx\/index.php?rest_route=\/wp\/v2\/posts\/66185\/revisions"}],"predecessor-version":[{"id":66197,"href":"https:\/\/diarioavanzada.com.mx\/index.php?rest_route=\/wp\/v2\/posts\/66185\/revisions\/66197"}],"wp:featuredmedia":[{"embeddable":true,"href":"https:\/\/diarioavanzada.com.mx\/index.php?rest_route=\/wp\/v2\/media\/66196"}],"wp:attachment":[{"href":"https:\/\/diarioavanzada.com.mx\/index.php?rest_route=%2Fwp%2Fv2%2Fmedia&parent=66185"}],"wp:term":[{"taxonomy":"category","embeddable":true,"href":"https:\/\/diarioavanzada.com.mx\/index.php?rest_route=%2Fwp%2Fv2%2Fcategories&post=66185"},{"taxonomy":"post_tag","embeddable":true,"href":"https:\/\/diarioavanzada.com.mx\/index.php?rest_route=%2Fwp%2Fv2%2Ftags&post=66185"}],"curies":[{"name":"wp","href":"https:\/\/api.w.org\/{rel}","templated":true}]}}