{"id":66173,"date":"2024-11-23T20:55:39","date_gmt":"2024-11-24T02:55:39","guid":{"rendered":"https:\/\/diarioavanzada.com.mx\/?p=66173"},"modified":"2024-11-23T20:56:43","modified_gmt":"2024-11-24T02:56:43","slug":"saul-terrazas-reflexiona-sobre-su-legado-y-la-evolucion-universitaria","status":"publish","type":"post","link":"https:\/\/diarioavanzada.com.mx\/?p=66173","title":{"rendered":"Sa\u00fal Terrazas reflexiona sobre su legado y la evoluci\u00f3n universitaria"},"content":{"rendered":"\n<p class=\"wp-block-paragraph\"><em>En la Cuarta Charla Divulgativa por el 40 Aniversario de la Coordinaci\u00f3n General de Docencia de la UdeC, el maestro Terrazas Briones comparti\u00f3 sus vivencias, aprendizajes y consejos, tras casi tres d\u00e9cadas laborando en la BUAP.<\/em><\/p>\n\n\n\n<p class=\"wp-block-paragraph\">Colima, M\u00e9xico, Comunicado (23\/11\/2024).- Poner sus conocimientos al servicio de la Benem\u00e9rita Universidad Aut\u00f3noma de Puebla (BUAP) fue la mayor satisfacci\u00f3n para el maestro en Ciencias de la Educaci\u00f3n Sa\u00fal Terrazas Briones, quien dedic\u00f3 27 a\u00f1os a esa instituci\u00f3n en diversos cargos clave. Durante la Cuarta Charla Divulgativa \u201cUna vida universitaria: 27 a\u00f1os de servicio en la BUAP\u201d, realizada de manera virtual en el marco del 40 aniversario de la Coordinaci\u00f3n General de Docencia de la Universidad de Colima, el exfuncionario reflexion\u00f3 sobre su trayectoria y los cambios ocurridos en la educaci\u00f3n superior durante los \u00faltimos a\u00f1os.<\/p>\n\n\n\n<p class=\"wp-block-paragraph\">Terrazas Briones destac\u00f3 su labor como responsable del Programa de Est\u00edmulos al Desempe\u00f1o del Personal Docente (ESDEPED), del Sistema de Gesti\u00f3n de la Calidad, y su participaci\u00f3n en las comisiones dictaminadoras internas (CODIMAS). Aunque jubilado a los 51 a\u00f1os, aclar\u00f3 que no est\u00e1 retirado y sigue compartiendo sus experiencias con la comunidad acad\u00e9mica.<\/p>\n\n\n\n<p class=\"wp-block-paragraph\">En su charla, Terrazas Briones invit\u00f3 a los y las estudiantes presentes a ser constantes, fijarse metas claras, trabajar con pasi\u00f3n, corresponsabilidad y respeto hacia los dem\u00e1s.<\/p>\n\n\n\n<p class=\"wp-block-paragraph\">Adem\u00e1s, subray\u00f3 los avances significativos que presenci\u00f3 en la BUAP durante su carrera. Destac\u00f3 el crecimiento de la matr\u00edcula, que pas\u00f3 de 48 mil a 120 mil estudiantes en apenas 20 a\u00f1os, as\u00ed como las transformaciones acad\u00e9micas, incluyendo dos actualizaciones al plan de estudios y la renovaci\u00f3n de todos los programas educativos.<\/p>\n\n\n\n<figure class=\"wp-block-image size-large\"><img loading=\"lazy\" decoding=\"async\" width=\"1024\" height=\"576\" src=\"https:\/\/diarioavanzada.com.mx\/wp-content\/uploads\/2024\/11\/Saul-Terrazas-reflexiona-sobre-su-legado-y-la-evolucion-universitaria_Susana-1024x576.png\" alt=\"\" class=\"wp-image-66180\" srcset=\"https:\/\/diarioavanzada.com.mx\/wp-content\/uploads\/2024\/11\/Saul-Terrazas-reflexiona-sobre-su-legado-y-la-evolucion-universitaria_Susana-1024x576.png 1024w, https:\/\/diarioavanzada.com.mx\/wp-content\/uploads\/2024\/11\/Saul-Terrazas-reflexiona-sobre-su-legado-y-la-evolucion-universitaria_Susana-300x169.png 300w, https:\/\/diarioavanzada.com.mx\/wp-content\/uploads\/2024\/11\/Saul-Terrazas-reflexiona-sobre-su-legado-y-la-evolucion-universitaria_Susana-768x432.png 768w, https:\/\/diarioavanzada.com.mx\/wp-content\/uploads\/2024\/11\/Saul-Terrazas-reflexiona-sobre-su-legado-y-la-evolucion-universitaria_Susana-1536x864.png 1536w, https:\/\/diarioavanzada.com.mx\/wp-content\/uploads\/2024\/11\/Saul-Terrazas-reflexiona-sobre-su-legado-y-la-evolucion-universitaria_Susana-1200x675.png 1200w, https:\/\/diarioavanzada.com.mx\/wp-content\/uploads\/2024\/11\/Saul-Terrazas-reflexiona-sobre-su-legado-y-la-evolucion-universitaria_Susana.png 1920w\" sizes=\"auto, (max-width: 1024px) 100vw, 1024px\" \/><\/figure>\n\n\n\n<p class=\"wp-block-paragraph\">En el \u00e1mbito administrativo, resalt\u00f3 c\u00f3mo la consolidaci\u00f3n de los servicios en un solo espacio, la Torre de Gesti\u00f3n Acad\u00e9mica y Servicios Administrativos, de 16 pisos, marc\u00f3 un antes y un despu\u00e9s en la eficiencia institucional. \u201cHoy en d\u00eda, estudiantes y docentes encuentran soluci\u00f3n a sus tr\u00e1mites en un solo lugar, lo que fortalece la experiencia universitaria\u201d, se\u00f1al\u00f3.<\/p>\n\n\n\n<p class=\"wp-block-paragraph\">La coordinadora general de Docencia de la UdeC, Susana Aurelia Preciado Jim\u00e9nez, agradeci\u00f3 la participaci\u00f3n del maestro Terrazas Briones, reconociendo su destacada contribuci\u00f3n al fortalecimiento de la BUAP. \u201cMientras sigamos trabajando como un equipo y reconozcamos a la docencia como nuestra funci\u00f3n principal, estas charlas nos ayudar\u00e1n a unirnos m\u00e1s y valorar trayectorias ejemplares como la del profesor Terrazas\u201d, expres\u00f3.<\/p>\n\n\n\n<p class=\"wp-block-paragraph\">La charla concluy\u00f3 con una sesi\u00f3n de preguntas y respuestas, seguida de la entrega de una constancia de participaci\u00f3n al homenajeado.<\/p>\n\n\n\n<p class=\"wp-block-paragraph\"><\/p>\n<div class=\"fb-background-color\">\n\t\t\t  <div \n\t\t\t  \tclass = \"fb-comments\" \n\t\t\t  \tdata-href = \"https:\/\/diarioavanzada.com.mx\/?p=66173\"\n\t\t\t  \tdata-numposts = \"10\"\n\t\t\t  \tdata-lazy = \"true\"\n\t\t\t\tdata-colorscheme = \"light\"\n\t\t\t\tdata-order-by = \"social\"\n\t\t\t\tdata-mobile=true>\n\t\t\t  <\/div><\/div>\n\t\t  <style>\n\t\t    .fb-background-color {\n\t\t\t\tbackground:  !important;\n\t\t\t}\n\t\t\t.fb_iframe_widget_fluid_desktop iframe {\n\t\t\t    width: 100% !important;\n\t\t\t}\n\t\t  <\/style>\n\t\t  ","protected":false},"excerpt":{"rendered":"<p>En la Cuarta Charla Divulgativa por el 40 Aniversario de la Coordinaci\u00f3n General de Docencia de la UdeC, el maestro Terrazas Briones comparti\u00f3 sus vivencias, aprendizajes y consejos, tras casi tres d\u00e9cadas laborando en la BUAP. Colima, M\u00e9xico, Comunicado (23\/11\/2024).- Poner sus conocimientos al servicio de la Benem\u00e9rita Universidad Aut\u00f3noma de Puebla (BUAP) fue la [&hellip;]<\/p>\n","protected":false},"author":7,"featured_media":66199,"comment_status":"closed","ping_status":"closed","sticky":false,"template":"","format":"standard","meta":{"_coblocks_attr":"","_coblocks_dimensions":"","_coblocks_responsive_height":"","_coblocks_accordion_ie_support":"","_crdt_document":"","advanced_seo_description":"","jetpack_seo_html_title":"","jetpack_seo_noindex":false,"_jetpack_memberships_contains_paid_content":false,"footnotes":""},"categories":[19,209,7],"tags":[],"class_list":["post-66173","post","type-post","status-publish","format-standard","has-post-thumbnail","hentry","category-colima","category-importantes","category-noticias"],"jetpack_featured_media_url":"https:\/\/diarioavanzada.com.mx\/wp-content\/uploads\/2024\/11\/img_4390-1.png","jetpack-related-posts":[],"jetpack_sharing_enabled":true,"amp_enabled":true,"_links":{"self":[{"href":"https:\/\/diarioavanzada.com.mx\/index.php?rest_route=\/wp\/v2\/posts\/66173","targetHints":{"allow":["GET"]}}],"collection":[{"href":"https:\/\/diarioavanzada.com.mx\/index.php?rest_route=\/wp\/v2\/posts"}],"about":[{"href":"https:\/\/diarioavanzada.com.mx\/index.php?rest_route=\/wp\/v2\/types\/post"}],"author":[{"embeddable":true,"href":"https:\/\/diarioavanzada.com.mx\/index.php?rest_route=\/wp\/v2\/users\/7"}],"replies":[{"embeddable":true,"href":"https:\/\/diarioavanzada.com.mx\/index.php?rest_route=%2Fwp%2Fv2%2Fcomments&post=66173"}],"version-history":[{"count":6,"href":"https:\/\/diarioavanzada.com.mx\/index.php?rest_route=\/wp\/v2\/posts\/66173\/revisions"}],"predecessor-version":[{"id":66200,"href":"https:\/\/diarioavanzada.com.mx\/index.php?rest_route=\/wp\/v2\/posts\/66173\/revisions\/66200"}],"wp:featuredmedia":[{"embeddable":true,"href":"https:\/\/diarioavanzada.com.mx\/index.php?rest_route=\/wp\/v2\/media\/66199"}],"wp:attachment":[{"href":"https:\/\/diarioavanzada.com.mx\/index.php?rest_route=%2Fwp%2Fv2%2Fmedia&parent=66173"}],"wp:term":[{"taxonomy":"category","embeddable":true,"href":"https:\/\/diarioavanzada.com.mx\/index.php?rest_route=%2Fwp%2Fv2%2Fcategories&post=66173"},{"taxonomy":"post_tag","embeddable":true,"href":"https:\/\/diarioavanzada.com.mx\/index.php?rest_route=%2Fwp%2Fv2%2Ftags&post=66173"}],"curies":[{"name":"wp","href":"https:\/\/api.w.org\/{rel}","templated":true}]}}