{"id":66162,"date":"2024-11-23T20:34:19","date_gmt":"2024-11-24T02:34:19","guid":{"rendered":"https:\/\/diarioavanzada.com.mx\/?p=66162"},"modified":"2024-11-23T20:40:06","modified_gmt":"2024-11-24T02:40:06","slug":"con-un-banquete-de-los-muertos-celebra-codigo-de-barras-15-anos-de-vida","status":"publish","type":"post","link":"https:\/\/diarioavanzada.com.mx\/?p=66162","title":{"rendered":"Con un banquete de los muertos, celebra C\u00f3digo de Barras 15 a\u00f1os de vida"},"content":{"rendered":"\n<p class=\"wp-block-paragraph\"><em>Esta compa\u00f1\u00eda de teatro interdisciplinaria conmemor\u00f3 su aniversario con la funci\u00f3n n\u00famero 50 de la divertida obra \u201cEl banquete de los muertos\u201d, dirigida por Manuel Acosta.<\/em><\/p>\n\n\n\n<p class=\"wp-block-paragraph\">Colima, M\u00e9xico, Comunicado (23\/11\/2024).- La Compa\u00f1\u00eda de Teatro Interdisciplinaria C\u00f3digo de Barras celebr\u00f3 esta semana un doble acontecimiento: su 15 aniversario y la funci\u00f3n n\u00famero 50 de la obra \u201cEl banquete de los muertos\u201d, escrita por Antonio Argud\u00edn. La presentaci\u00f3n tuvo lugar en el Foro \u201cPablo Silva Garc\u00eda\u201d, arrancando risas y aplausos del p\u00fablico.<\/p>\n\n\n\n<figure class=\"wp-block-image size-large\"><img loading=\"lazy\" decoding=\"async\" width=\"1024\" height=\"683\" src=\"https:\/\/diarioavanzada.com.mx\/wp-content\/uploads\/2024\/11\/Presentan-obra-El-banquete-de-los-muertos-en-el-Pablo-Silva_e-1024x683.jpg\" alt=\"\" class=\"wp-image-66167\" srcset=\"https:\/\/diarioavanzada.com.mx\/wp-content\/uploads\/2024\/11\/Presentan-obra-El-banquete-de-los-muertos-en-el-Pablo-Silva_e-1024x683.jpg 1024w, https:\/\/diarioavanzada.com.mx\/wp-content\/uploads\/2024\/11\/Presentan-obra-El-banquete-de-los-muertos-en-el-Pablo-Silva_e-300x200.jpg 300w, https:\/\/diarioavanzada.com.mx\/wp-content\/uploads\/2024\/11\/Presentan-obra-El-banquete-de-los-muertos-en-el-Pablo-Silva_e-768x512.jpg 768w, https:\/\/diarioavanzada.com.mx\/wp-content\/uploads\/2024\/11\/Presentan-obra-El-banquete-de-los-muertos-en-el-Pablo-Silva_e-1200x800.jpg 1200w, https:\/\/diarioavanzada.com.mx\/wp-content\/uploads\/2024\/11\/Presentan-obra-El-banquete-de-los-muertos-en-el-Pablo-Silva_e.jpg 1224w\" sizes=\"auto, (max-width: 1024px) 100vw, 1024px\" \/><\/figure>\n\n\n\n<p class=\"wp-block-paragraph\">Bajo la direcci\u00f3n de Manuel Acosta, y con la coordinaci\u00f3n esc\u00e9nica de Dora Far\u00edas y \u00c1ngel Medina, el montaje ofreci\u00f3 una divertida mirada al m\u00e1s all\u00e1. La obra relata el D\u00eda de Muertos desde el mundo de los esp\u00edritus, donde los personajes mantienen sus actitudes humanas: Serafina, quien anhela reencontrarse con su amado Serapio; el abuelo Basilisco, glot\u00f3n y siempre problem\u00e1tico; y Ofidia, otra interesada en el coraz\u00f3n de Serapio. Las situaciones c\u00f3micas surgen cuando la familia decide pedir comida a los altares vecinos, despu\u00e9s de que Basilisco devora las ofrendas propias.<\/p>\n\n\n\n<figure class=\"wp-block-image size-large\"><img loading=\"lazy\" decoding=\"async\" width=\"1024\" height=\"683\" src=\"https:\/\/diarioavanzada.com.mx\/wp-content\/uploads\/2024\/11\/Presentan-obra-El-banquete-de-los-muertos-en-el-Pablo-Silva_a-1024x683.jpg\" alt=\"\" class=\"wp-image-66164\" srcset=\"https:\/\/diarioavanzada.com.mx\/wp-content\/uploads\/2024\/11\/Presentan-obra-El-banquete-de-los-muertos-en-el-Pablo-Silva_a-1024x683.jpg 1024w, https:\/\/diarioavanzada.com.mx\/wp-content\/uploads\/2024\/11\/Presentan-obra-El-banquete-de-los-muertos-en-el-Pablo-Silva_a-300x200.jpg 300w, https:\/\/diarioavanzada.com.mx\/wp-content\/uploads\/2024\/11\/Presentan-obra-El-banquete-de-los-muertos-en-el-Pablo-Silva_a-768x512.jpg 768w, https:\/\/diarioavanzada.com.mx\/wp-content\/uploads\/2024\/11\/Presentan-obra-El-banquete-de-los-muertos-en-el-Pablo-Silva_a-1200x800.jpg 1200w, https:\/\/diarioavanzada.com.mx\/wp-content\/uploads\/2024\/11\/Presentan-obra-El-banquete-de-los-muertos-en-el-Pablo-Silva_a.jpg 1224w\" sizes=\"auto, (max-width: 1024px) 100vw, 1024px\" \/><\/figure>\n\n\n\n<p class=\"wp-block-paragraph\">Con su estilo caracter\u00edstico, los actores personificaron a unas irreverentes catrinas que conquistaron a los asistentes con humor y ocurrencias.<\/p>\n\n\n\n<p class=\"wp-block-paragraph\">Desde su fundaci\u00f3n en noviembre de 2009, como un club estudiantil, la Compa\u00f1\u00eda C\u00f3digo de Barras ha dedicado sus esfuerzos a llevar propuestas teatrales de calidad a diversos escenarios del pa\u00eds, con \u00e9nfasis en el p\u00fablico infantil.&nbsp;<\/p>\n\n\n\n<figure class=\"wp-block-image size-large\"><img loading=\"lazy\" decoding=\"async\" width=\"1024\" height=\"683\" src=\"https:\/\/diarioavanzada.com.mx\/wp-content\/uploads\/2024\/11\/Presentan-obra-El-banquete-de-los-muertos-en-el-Pablo-Silva_f-1024x683.jpg\" alt=\"\" class=\"wp-image-66169\" srcset=\"https:\/\/diarioavanzada.com.mx\/wp-content\/uploads\/2024\/11\/Presentan-obra-El-banquete-de-los-muertos-en-el-Pablo-Silva_f-1024x683.jpg 1024w, https:\/\/diarioavanzada.com.mx\/wp-content\/uploads\/2024\/11\/Presentan-obra-El-banquete-de-los-muertos-en-el-Pablo-Silva_f-300x200.jpg 300w, https:\/\/diarioavanzada.com.mx\/wp-content\/uploads\/2024\/11\/Presentan-obra-El-banquete-de-los-muertos-en-el-Pablo-Silva_f-768x512.jpg 768w, https:\/\/diarioavanzada.com.mx\/wp-content\/uploads\/2024\/11\/Presentan-obra-El-banquete-de-los-muertos-en-el-Pablo-Silva_f-1200x800.jpg 1200w, https:\/\/diarioavanzada.com.mx\/wp-content\/uploads\/2024\/11\/Presentan-obra-El-banquete-de-los-muertos-en-el-Pablo-Silva_f.jpg 1224w\" sizes=\"auto, (max-width: 1024px) 100vw, 1024px\" \/><\/figure>\n\n\n\n<p class=\"wp-block-paragraph\">Bajo un esquema de producci\u00f3n independiente, liderado por el actor y dise\u00f1ador de vestuario Manuel Acosta, la compa\u00f1\u00eda ha estrenado m\u00e1s de 30 producciones, present\u00e1ndose en estados como Jalisco, Michoac\u00e1n, Estado de M\u00e9xico, Zacatecas, Sinaloa, Durango y la Ciudad de M\u00e9xico.<\/p>\n<div class=\"fb-background-color\">\n\t\t\t  <div \n\t\t\t  \tclass = \"fb-comments\" \n\t\t\t  \tdata-href = \"https:\/\/diarioavanzada.com.mx\/?p=66162\"\n\t\t\t  \tdata-numposts = \"10\"\n\t\t\t  \tdata-lazy = \"true\"\n\t\t\t\tdata-colorscheme = \"light\"\n\t\t\t\tdata-order-by = \"social\"\n\t\t\t\tdata-mobile=true>\n\t\t\t  <\/div><\/div>\n\t\t  <style>\n\t\t    .fb-background-color {\n\t\t\t\tbackground:  !important;\n\t\t\t}\n\t\t\t.fb_iframe_widget_fluid_desktop iframe {\n\t\t\t    width: 100% !important;\n\t\t\t}\n\t\t  <\/style>\n\t\t  ","protected":false},"excerpt":{"rendered":"<p>Esta compa\u00f1\u00eda de teatro interdisciplinaria conmemor\u00f3 su aniversario con la funci\u00f3n n\u00famero 50 de la divertida obra \u201cEl banquete de los muertos\u201d, dirigida por Manuel Acosta. Colima, M\u00e9xico, Comunicado (23\/11\/2024).- La Compa\u00f1\u00eda de Teatro Interdisciplinaria C\u00f3digo de Barras celebr\u00f3 esta semana un doble acontecimiento: su 15 aniversario y la funci\u00f3n n\u00famero 50 de la obra [&hellip;]<\/p>\n","protected":false},"author":7,"featured_media":66187,"comment_status":"closed","ping_status":"closed","sticky":false,"template":"","format":"standard","meta":{"_coblocks_attr":"","_coblocks_dimensions":"","_coblocks_responsive_height":"","_coblocks_accordion_ie_support":"","_crdt_document":"","advanced_seo_description":"","jetpack_seo_html_title":"","jetpack_seo_noindex":false,"_jetpack_memberships_contains_paid_content":false,"footnotes":""},"categories":[25,209,7],"tags":[],"class_list":["post-66162","post","type-post","status-publish","format-standard","has-post-thumbnail","hentry","category-cultura","category-importantes","category-noticias"],"jetpack_featured_media_url":"https:\/\/diarioavanzada.com.mx\/wp-content\/uploads\/2024\/11\/img_4387-1.jpg","jetpack-related-posts":[],"jetpack_sharing_enabled":true,"amp_enabled":true,"_links":{"self":[{"href":"https:\/\/diarioavanzada.com.mx\/index.php?rest_route=\/wp\/v2\/posts\/66162","targetHints":{"allow":["GET"]}}],"collection":[{"href":"https:\/\/diarioavanzada.com.mx\/index.php?rest_route=\/wp\/v2\/posts"}],"about":[{"href":"https:\/\/diarioavanzada.com.mx\/index.php?rest_route=\/wp\/v2\/types\/post"}],"author":[{"embeddable":true,"href":"https:\/\/diarioavanzada.com.mx\/index.php?rest_route=\/wp\/v2\/users\/7"}],"replies":[{"embeddable":true,"href":"https:\/\/diarioavanzada.com.mx\/index.php?rest_route=%2Fwp%2Fv2%2Fcomments&post=66162"}],"version-history":[{"count":8,"href":"https:\/\/diarioavanzada.com.mx\/index.php?rest_route=\/wp\/v2\/posts\/66162\/revisions"}],"predecessor-version":[{"id":66189,"href":"https:\/\/diarioavanzada.com.mx\/index.php?rest_route=\/wp\/v2\/posts\/66162\/revisions\/66189"}],"wp:featuredmedia":[{"embeddable":true,"href":"https:\/\/diarioavanzada.com.mx\/index.php?rest_route=\/wp\/v2\/media\/66187"}],"wp:attachment":[{"href":"https:\/\/diarioavanzada.com.mx\/index.php?rest_route=%2Fwp%2Fv2%2Fmedia&parent=66162"}],"wp:term":[{"taxonomy":"category","embeddable":true,"href":"https:\/\/diarioavanzada.com.mx\/index.php?rest_route=%2Fwp%2Fv2%2Fcategories&post=66162"},{"taxonomy":"post_tag","embeddable":true,"href":"https:\/\/diarioavanzada.com.mx\/index.php?rest_route=%2Fwp%2Fv2%2Ftags&post=66162"}],"curies":[{"name":"wp","href":"https:\/\/api.w.org\/{rel}","templated":true}]}}