{"id":66120,"date":"2024-11-23T10:37:19","date_gmt":"2024-11-23T16:37:19","guid":{"rendered":"https:\/\/diarioavanzada.com.mx\/?p=66120"},"modified":"2024-11-23T10:39:36","modified_gmt":"2024-11-23T16:39:36","slug":"localizan-cinco-cadaveres-en-colima-antes-de-la-llegada-de-la-presidenta-claudia-sheinbaum","status":"publish","type":"post","link":"https:\/\/diarioavanzada.com.mx\/?p=66120","title":{"rendered":"Localizan cinco cad\u00e1veres en Colima antes de la llegada de la presidenta Claudia Sheinbaum"},"content":{"rendered":"\n<p class=\"wp-block-paragraph\"><em>La gobernadora de Colima, Indira Vizca\u00edno Silva comparti\u00f3 una imagen en su red social, celebrando la llegada al estado de la presidenta de la Rep\u00fablica Claudia Sheinbaum Pardo.<\/em><\/p>\n\n\n\n<p class=\"wp-block-paragraph\">Colima, M\u00e9xico, Avanzada (23\/11\/2024).- En la madrugada de este s\u00e1bado, Colima despert\u00f3 con una jornada violenta que suma cinco cad\u00e1veres localizados en distintos puntos del estado, horas antes de la visita de la presidenta de la Rep\u00fablica, Claudia Sheinbaum Pardo, al municipio de Manzanillo.<\/p>\n\n\n\n<p class=\"wp-block-paragraph\">El primer hallazgo ocurri\u00f3 en un puente ubicado en El Colomo, Manzanillo, donde fue encontrado un cad\u00e1ver colgado de los pies, decapitado y sin manos. M\u00e1s tarde, en el interior de un autom\u00f3vil, fueron localizados otros cuatro cuerpos: tres hombres y una mujer, todos con las manos atadas y ejecutados con disparos de arma de fuego.<\/p>\n\n\n\n<p class=\"wp-block-paragraph\">Pese a la ola de violencia, la presidenta Sheinbaum mantendr\u00e1 su agenda en Manzanillo, donde supervisar\u00e1 el proyecto &#8220;Nuevo Manzanillo&#8221; el cual busca ampliar la capacidad portuaria con una inversi\u00f3n de 64 mil millones de pesos.<\/p>\n\n\n\n<p class=\"wp-block-paragraph\">Colima sigue marcado por la presencia de organizaciones criminales como el C\u00e1rtel Jalisco Nueva Generaci\u00f3n, el C\u00e1rtel de Sinaloa y Los Mezcales, este \u00faltimo de operaci\u00f3n local. Este contexto de inseguridad contrasta con los esfuerzos federales realizados en otros estados, como el operativo &#8220;Enjambre llevado a cabo aver en el Estado de M\u00e9xico, donde participaron 1,500 elementos de seguridad para ejecutar \u00f3rdenes de aprehensi\u00f3n contra servidores p\u00fablicos que presuntamente colaboraban con el crimen organizado.<\/p>\n\n\n\n<p class=\"wp-block-paragraph\"><\/p>\n<div class=\"fb-background-color\">\n\t\t\t  <div \n\t\t\t  \tclass = \"fb-comments\" \n\t\t\t  \tdata-href = \"https:\/\/diarioavanzada.com.mx\/?p=66120\"\n\t\t\t  \tdata-numposts = \"10\"\n\t\t\t  \tdata-lazy = \"true\"\n\t\t\t\tdata-colorscheme = \"light\"\n\t\t\t\tdata-order-by = \"social\"\n\t\t\t\tdata-mobile=true>\n\t\t\t  <\/div><\/div>\n\t\t  <style>\n\t\t    .fb-background-color {\n\t\t\t\tbackground:  !important;\n\t\t\t}\n\t\t\t.fb_iframe_widget_fluid_desktop iframe {\n\t\t\t    width: 100% !important;\n\t\t\t}\n\t\t  <\/style>\n\t\t  ","protected":false},"excerpt":{"rendered":"<p>La gobernadora de Colima, Indira Vizca\u00edno Silva comparti\u00f3 una imagen en su red social, celebrando la llegada al estado de la presidenta de la Rep\u00fablica Claudia Sheinbaum Pardo. Colima, M\u00e9xico, Avanzada (23\/11\/2024).- En la madrugada de este s\u00e1bado, Colima despert\u00f3 con una jornada violenta que suma cinco cad\u00e1veres localizados en distintos puntos del estado, horas [&hellip;]<\/p>\n","protected":false},"author":7,"featured_media":66119,"comment_status":"closed","ping_status":"closed","sticky":false,"template":"","format":"standard","meta":{"_coblocks_attr":"","_coblocks_dimensions":"","_coblocks_responsive_height":"","_coblocks_accordion_ie_support":"","_crdt_document":"","advanced_seo_description":"","jetpack_seo_html_title":"","jetpack_seo_noindex":false,"_jetpack_memberships_contains_paid_content":false,"footnotes":""},"categories":[19,209,231],"tags":[],"class_list":["post-66120","post","type-post","status-publish","format-standard","has-post-thumbnail","hentry","category-colima","category-importantes","category-seguridad"],"jetpack_featured_media_url":"https:\/\/diarioavanzada.com.mx\/wp-content\/uploads\/2024\/11\/img_0068-1.jpg","jetpack-related-posts":[],"jetpack_sharing_enabled":true,"amp_enabled":true,"_links":{"self":[{"href":"https:\/\/diarioavanzada.com.mx\/index.php?rest_route=\/wp\/v2\/posts\/66120","targetHints":{"allow":["GET"]}}],"collection":[{"href":"https:\/\/diarioavanzada.com.mx\/index.php?rest_route=\/wp\/v2\/posts"}],"about":[{"href":"https:\/\/diarioavanzada.com.mx\/index.php?rest_route=\/wp\/v2\/types\/post"}],"author":[{"embeddable":true,"href":"https:\/\/diarioavanzada.com.mx\/index.php?rest_route=\/wp\/v2\/users\/7"}],"replies":[{"embeddable":true,"href":"https:\/\/diarioavanzada.com.mx\/index.php?rest_route=%2Fwp%2Fv2%2Fcomments&post=66120"}],"version-history":[{"count":1,"href":"https:\/\/diarioavanzada.com.mx\/index.php?rest_route=\/wp\/v2\/posts\/66120\/revisions"}],"predecessor-version":[{"id":66121,"href":"https:\/\/diarioavanzada.com.mx\/index.php?rest_route=\/wp\/v2\/posts\/66120\/revisions\/66121"}],"wp:featuredmedia":[{"embeddable":true,"href":"https:\/\/diarioavanzada.com.mx\/index.php?rest_route=\/wp\/v2\/media\/66119"}],"wp:attachment":[{"href":"https:\/\/diarioavanzada.com.mx\/index.php?rest_route=%2Fwp%2Fv2%2Fmedia&parent=66120"}],"wp:term":[{"taxonomy":"category","embeddable":true,"href":"https:\/\/diarioavanzada.com.mx\/index.php?rest_route=%2Fwp%2Fv2%2Fcategories&post=66120"},{"taxonomy":"post_tag","embeddable":true,"href":"https:\/\/diarioavanzada.com.mx\/index.php?rest_route=%2Fwp%2Fv2%2Ftags&post=66120"}],"curies":[{"name":"wp","href":"https:\/\/api.w.org\/{rel}","templated":true}]}}