{"id":66058,"date":"2024-11-22T19:10:15","date_gmt":"2024-11-23T01:10:15","guid":{"rendered":"https:\/\/diarioavanzada.com.mx\/?p=66058"},"modified":"2024-11-22T19:11:26","modified_gmt":"2024-11-23T01:11:26","slug":"reune-la-udec-a-mas-de-600-estudiantes-de-ingenieria-civil-del-pais","status":"publish","type":"post","link":"https:\/\/diarioavanzada.com.mx\/?p=66058","title":{"rendered":"Re\u00fane la UdeC a m\u00e1s de 600&nbsp;estudiantes de ingenier\u00eda civil del pa\u00eds"},"content":{"rendered":"\n<p class=\"wp-block-paragraph\"><em>El congreso, \u201cles abre oportunidades para interactuar con especialistas de reconocida trayectoria e iniciar v\u00ednculos de amistad con estudiantes de otras universidades\u201d: Christian Torres Ortiz, rector.<\/em><\/p>\n\n\n\n<p class=\"wp-block-paragraph\">Colima, M\u00e9xico, Comunicado (22\/11\/2024).-&nbsp;Con la participaci\u00f3n de m\u00e1s de 600 estudiantes provenientes de todo el pa\u00eds, este jueves por la tarde se inaugur\u00f3, en el Teatro Universitario, el XXXIII Congreso Nacional de Estudiantes de Ingenier\u00eda Civil (CONEIC) 2024. Este evento, organizado por la Universidad de Colima en colaboraci\u00f3n con la Asociaci\u00f3n Nacional de Estudiantes de Ingenier\u00eda Civil (ANEIC), se estar\u00e1 realizando del 21 al 24 de noviembre con ponencias, foros, talleres y visitas t\u00e9cnicas, entre otras actividades.<\/p>\n\n\n\n<p class=\"wp-block-paragraph\">Al inaugurar el congreso, el rector Christian Torres Ortiz Zerme\u00f1o asegur\u00f3 que para la UdeC son muy significativos estos eventos, que surgen de la iniciativa de estudiantes para estudiantes, con el objetivo de fomentar el intercambio acad\u00e9mico y profesional, adem\u00e1s de promover la actualizaci\u00f3n de conocimientos. \u201cEs gratificante ver las habilidades de organizaci\u00f3n que adquieren al estructurar un evento de alcance nacional, pues son competencias que les demandar\u00e1 el campo laboral\u201d.<\/p>\n\n\n\n<p class=\"wp-block-paragraph\">El congreso, agreg\u00f3 el rector, \u201ctambi\u00e9n les abre oportunidades para interactuar con especialistas de reconocida trayectoria e iniciar v\u00ednculos de amistad con estudiantes de otras universidades\u201d.<\/p>\n\n\n\n<p class=\"wp-block-paragraph\">Finalmente, pidi\u00f3 a los y las participantes que aprovechen al m\u00e1ximo esta experiencia acad\u00e9mica. \u201cSin dudas, refuerza el aprendizaje obtenido en las aulas y les da una amplia perspectiva de las vertientes en las que puede incidir una ingeniera o ingeniero civil, as\u00ed como el papel que tienen para el desarrollo del pa\u00eds\u201d.<\/p>\n\n\n\n<p class=\"wp-block-paragraph\">El director de la Facultad de Ingenier\u00eda Civil de la UdeC, Jes\u00fas L\u00f3pez de la Cruz, dijo que este encuentro es fruto del esfuerzo no \u00fanicamente del plantel a su cargo sino tambi\u00e9n de varias facultades y direcci\u00f3n de la casa de estudios. \u201cAdem\u00e1s, agradezco a las autoridades de ANEIC por confiar en nuestro cap\u00edtulo estudiantil y en nuestra instituci\u00f3n para organizar este evento\u201d.<\/p>\n\n\n\n<p class=\"wp-block-paragraph\">Resalt\u00f3 que la ingenier\u00eda civil es una de las carreras m\u00e1s antiguas y fundamentales de la historia de M\u00e9xico debido a su impacto en el desarrollo de infraestructura clave que ha permitido el crecimiento y desarrollo de nuestro pa\u00eds. \u201cEn nuestra Universidad es una carrera hist\u00f3rica, con ya casi 52 a\u00f1os de trayectoria\u201d.<\/p>\n\n\n\n<p class=\"wp-block-paragraph\">Finalmente, coment\u00f3 que la ingenier\u00eda civil en M\u00e9xico enfrenta retos complejos que les tocar\u00e1 resolver a las nuevas generaciones de profesionales. Entre ellos: infraestructura obsoleta y deteriorada, crecimiento urbano desordenado, concentraci\u00f3n en ciudades, alta vulnerabilidad de efectos como sequ\u00edas, inundaciones y sismos; cambio clim\u00e1tico y falta de capacitaci\u00f3n en \u00e1reas como las nuevas tecnolog\u00edas, entre otros.<\/p>\n\n\n\n<p class=\"wp-block-paragraph\">Propuso, para terminar, ver esos retos como oportunidades para la innovaci\u00f3n y el progreso. \u201cA medida que avancemos en esos retos desde nuestra disciplina, acompa\u00f1ados de otras disciplinas, colaborando con trabajo multi, inter y transdisciplinario, el pa\u00eds avanzar\u00e1 hacia un futuro m\u00e1s sostenible, resiliente y justo\u201d.&nbsp;<\/p>\n\n\n\n<figure class=\"wp-block-image size-large\"><img loading=\"lazy\" decoding=\"async\" width=\"1024\" height=\"672\" src=\"https:\/\/diarioavanzada.com.mx\/wp-content\/uploads\/2024\/11\/Reune-la-UdeC-a-mas-de-600-estudiantes-de-ingenieria-civil-del-pais-1024x672.jpg\" alt=\"\" class=\"wp-image-66059\" srcset=\"https:\/\/diarioavanzada.com.mx\/wp-content\/uploads\/2024\/11\/Reune-la-UdeC-a-mas-de-600-estudiantes-de-ingenieria-civil-del-pais-1024x672.jpg 1024w, https:\/\/diarioavanzada.com.mx\/wp-content\/uploads\/2024\/11\/Reune-la-UdeC-a-mas-de-600-estudiantes-de-ingenieria-civil-del-pais-300x197.jpg 300w, https:\/\/diarioavanzada.com.mx\/wp-content\/uploads\/2024\/11\/Reune-la-UdeC-a-mas-de-600-estudiantes-de-ingenieria-civil-del-pais-768x504.jpg 768w, https:\/\/diarioavanzada.com.mx\/wp-content\/uploads\/2024\/11\/Reune-la-UdeC-a-mas-de-600-estudiantes-de-ingenieria-civil-del-pais-1200x788.jpg 1200w, https:\/\/diarioavanzada.com.mx\/wp-content\/uploads\/2024\/11\/Reune-la-UdeC-a-mas-de-600-estudiantes-de-ingenieria-civil-del-pais.jpg 1234w\" sizes=\"auto, (max-width: 1024px) 100vw, 1024px\" \/><\/figure>\n\n\n\n<p class=\"wp-block-paragraph\">La directora de este encuentro y estudiante de la Facultad de Ingenier\u00eda Civil de la UdeC, Grecia Valeria Reyes, dijo que CONEIC 2024 no se trata \u00fanicamente de adquirir conocimientos, sino tambi\u00e9n de establecer redes de colaboraci\u00f3n que con el tiempo se transformen en alianzas profesionales que acompa\u00f1en a cada uno de los participantes durante sus carreras profesionales.&nbsp;<\/p>\n\n\n\n<p class=\"wp-block-paragraph\">Asegur\u00f3 que este encuentro es tambi\u00e9n un espacio para construir comunidad, compartir inquietudes y la pasi\u00f3n por la ingenier\u00eda civil. Adelant\u00f3 que, durante el congreso, se llevar\u00e1 a cabo una actividad en la que participar\u00e1n cerca de 300 estudiantes, repartidos en diferentes grupos, quienes ir\u00e1n al puerto de Manzanillo y a las plantas de Pe\u00f1a Colorada, la de aguas residuales de Villa de \u00c1lvarez y la de Holcim Apasco, \u201cdonde podr\u00e1n poner en pr\u00e1ctica sus conocimientos te\u00f3ricos, as\u00ed como tener una visi\u00f3n de lo que involucra la ingenier\u00eda civil y de lo que pueden llegar a ser\u201d.<\/p>\n\n\n\n<figure class=\"wp-block-image size-large\"><img loading=\"lazy\" decoding=\"async\" width=\"1024\" height=\"683\" src=\"https:\/\/diarioavanzada.com.mx\/wp-content\/uploads\/2024\/11\/Reune-la-UdeC-a-mas-de-600-estudiantes-de-ingenieria-civil-del-pais_a-1024x683.jpg\" alt=\"\" class=\"wp-image-66064\" srcset=\"https:\/\/diarioavanzada.com.mx\/wp-content\/uploads\/2024\/11\/Reune-la-UdeC-a-mas-de-600-estudiantes-de-ingenieria-civil-del-pais_a-1024x683.jpg 1024w, https:\/\/diarioavanzada.com.mx\/wp-content\/uploads\/2024\/11\/Reune-la-UdeC-a-mas-de-600-estudiantes-de-ingenieria-civil-del-pais_a-300x200.jpg 300w, https:\/\/diarioavanzada.com.mx\/wp-content\/uploads\/2024\/11\/Reune-la-UdeC-a-mas-de-600-estudiantes-de-ingenieria-civil-del-pais_a-768x512.jpg 768w, https:\/\/diarioavanzada.com.mx\/wp-content\/uploads\/2024\/11\/Reune-la-UdeC-a-mas-de-600-estudiantes-de-ingenieria-civil-del-pais_a-1200x800.jpg 1200w, https:\/\/diarioavanzada.com.mx\/wp-content\/uploads\/2024\/11\/Reune-la-UdeC-a-mas-de-600-estudiantes-de-ingenieria-civil-del-pais_a.jpg 1224w\" sizes=\"auto, (max-width: 1024px) 100vw, 1024px\" \/><\/figure>\n\n\n\n<p class=\"wp-block-paragraph\">El tambi\u00e9n director del evento y estudiante de la carrera de Ingenier\u00eda Civil, Juan Carlos Arias, asegur\u00f3 que CONEIC 2024 es fruto de la visi\u00f3n compartida entre diferentes instancias universitarias, as\u00ed como del trabajo de m\u00e1s de un a\u00f1o en su organizaci\u00f3n. \u201cHoy celebramos el logro de nuestra meta: reunir a m\u00e1s de 600 estudiantes de Ingenier\u00eda Civil de M\u00e9xico, e incluso de algunos pa\u00edses de Latinoam\u00e9rica, quienes est\u00e1n aqu\u00ed para embarcarse en una experiencia enriquecedora, guiados por destacados ponentes de las diversas ramas de nuestra apasionante carrera\u201d.<\/p>\n\n\n\n<p class=\"wp-block-paragraph\">Finalmente, extern\u00f3 un agradecimiento al rector Christian Torres Ortiz por el apoyo brindado en la realizaci\u00f3n de este congreso.&nbsp;<\/p>\n\n\n\n<p class=\"wp-block-paragraph\">Como parte de la ceremonia inaugural, se cont\u00f3 con la participaci\u00f3n de la Banda Sinf\u00f3nica de la Universidad de Colima, bajo la direcci\u00f3n del maestro Jos\u00e9 Antonio Frausto Zamora.<\/p>\n\n\n\n<figure class=\"wp-block-image size-large\"><img loading=\"lazy\" decoding=\"async\" width=\"1024\" height=\"683\" src=\"https:\/\/diarioavanzada.com.mx\/wp-content\/uploads\/2024\/11\/Reune-la-UdeC-a-mas-de-600-estudiantes-de-ingenieria-civil-del-pais_Con-organizadores-1024x683.jpg\" alt=\"\" class=\"wp-image-66066\" srcset=\"https:\/\/diarioavanzada.com.mx\/wp-content\/uploads\/2024\/11\/Reune-la-UdeC-a-mas-de-600-estudiantes-de-ingenieria-civil-del-pais_Con-organizadores-1024x683.jpg 1024w, https:\/\/diarioavanzada.com.mx\/wp-content\/uploads\/2024\/11\/Reune-la-UdeC-a-mas-de-600-estudiantes-de-ingenieria-civil-del-pais_Con-organizadores-300x200.jpg 300w, https:\/\/diarioavanzada.com.mx\/wp-content\/uploads\/2024\/11\/Reune-la-UdeC-a-mas-de-600-estudiantes-de-ingenieria-civil-del-pais_Con-organizadores-768x512.jpg 768w, https:\/\/diarioavanzada.com.mx\/wp-content\/uploads\/2024\/11\/Reune-la-UdeC-a-mas-de-600-estudiantes-de-ingenieria-civil-del-pais_Con-organizadores-1200x800.jpg 1200w, https:\/\/diarioavanzada.com.mx\/wp-content\/uploads\/2024\/11\/Reune-la-UdeC-a-mas-de-600-estudiantes-de-ingenieria-civil-del-pais_Con-organizadores.jpg 1224w\" sizes=\"auto, (max-width: 1024px) 100vw, 1024px\" \/><\/figure>\n\n\n\n<p class=\"wp-block-paragraph\">En la apertura tambi\u00e9n estuvieron: la coordinadora general de Docencia, Susana Aurelia Preciado; el representante de Luis M\u00e9ndez, presidente de la C\u00e1mara Mexicana de la Industria de la Construcci\u00f3n, Carlos Maldonado Orozco; el representante de Carlos Ernesto Fierros, presidente de la Federaci\u00f3n Mexicana de Colegios de Ingenieros Civiles, Salvador Sol\u00eds y el presidente de la Asociaci\u00f3n Nacional de Estudiantes de Ingenier\u00eda Civil, Ra\u00fal Andrade Trejo.&nbsp;<\/p>\n\n\n\n<p class=\"wp-block-paragraph\">Tambi\u00e9n asistieron el presidente de la Sociedad Mexicana de Ingenier\u00eda Estructural, Manuel Alejandro Rodr\u00edguez; el presidente de la Federaci\u00f3n de Estudiantes Colimenses, Camilo Alejandro Garc\u00eda y el delegado del campus Coquimatl\u00e1n, Francisco Ventura.&nbsp;<\/p>\n\n\n\n<figure class=\"wp-block-image size-large\"><img loading=\"lazy\" decoding=\"async\" width=\"1024\" height=\"683\" src=\"https:\/\/diarioavanzada.com.mx\/wp-content\/uploads\/2024\/11\/Reune-la-UdeC-a-mas-de-600-estudiantes-de-ingenieria-civil-del-pais_b-1024x683.jpg\" alt=\"\" class=\"wp-image-66061\" srcset=\"https:\/\/diarioavanzada.com.mx\/wp-content\/uploads\/2024\/11\/Reune-la-UdeC-a-mas-de-600-estudiantes-de-ingenieria-civil-del-pais_b-1024x683.jpg 1024w, https:\/\/diarioavanzada.com.mx\/wp-content\/uploads\/2024\/11\/Reune-la-UdeC-a-mas-de-600-estudiantes-de-ingenieria-civil-del-pais_b-300x200.jpg 300w, https:\/\/diarioavanzada.com.mx\/wp-content\/uploads\/2024\/11\/Reune-la-UdeC-a-mas-de-600-estudiantes-de-ingenieria-civil-del-pais_b-768x512.jpg 768w, https:\/\/diarioavanzada.com.mx\/wp-content\/uploads\/2024\/11\/Reune-la-UdeC-a-mas-de-600-estudiantes-de-ingenieria-civil-del-pais_b-1200x800.jpg 1200w, https:\/\/diarioavanzada.com.mx\/wp-content\/uploads\/2024\/11\/Reune-la-UdeC-a-mas-de-600-estudiantes-de-ingenieria-civil-del-pais_b.jpg 1224w\" sizes=\"auto, (max-width: 1024px) 100vw, 1024px\" \/><\/figure>\n<div class=\"fb-background-color\">\n\t\t\t  <div \n\t\t\t  \tclass = \"fb-comments\" \n\t\t\t  \tdata-href = \"https:\/\/diarioavanzada.com.mx\/?p=66058\"\n\t\t\t  \tdata-numposts = \"10\"\n\t\t\t  \tdata-lazy = \"true\"\n\t\t\t\tdata-colorscheme = \"light\"\n\t\t\t\tdata-order-by = \"social\"\n\t\t\t\tdata-mobile=true>\n\t\t\t  <\/div><\/div>\n\t\t  <style>\n\t\t    .fb-background-color {\n\t\t\t\tbackground:  !important;\n\t\t\t}\n\t\t\t.fb_iframe_widget_fluid_desktop iframe {\n\t\t\t    width: 100% !important;\n\t\t\t}\n\t\t  <\/style>\n\t\t  ","protected":false},"excerpt":{"rendered":"<p>El congreso, \u201cles abre oportunidades para interactuar con especialistas de reconocida trayectoria e iniciar v\u00ednculos de amistad con estudiantes de otras universidades\u201d: Christian Torres Ortiz, rector. Colima, M\u00e9xico, Comunicado (22\/11\/2024).-&nbsp;Con la participaci\u00f3n de m\u00e1s de 600 estudiantes provenientes de todo el pa\u00eds, este jueves por la tarde se inaugur\u00f3, en el Teatro Universitario, el XXXIII [&hellip;]<\/p>\n","protected":false},"author":7,"featured_media":66084,"comment_status":"closed","ping_status":"closed","sticky":false,"template":"","format":"standard","meta":{"_coblocks_attr":"","_coblocks_dimensions":"","_coblocks_responsive_height":"","_coblocks_accordion_ie_support":"","_crdt_document":"","advanced_seo_description":"","jetpack_seo_html_title":"","jetpack_seo_noindex":false,"_jetpack_memberships_contains_paid_content":false,"footnotes":""},"categories":[19,209,7],"tags":[],"class_list":["post-66058","post","type-post","status-publish","format-standard","has-post-thumbnail","hentry","category-colima","category-importantes","category-noticias"],"jetpack_featured_media_url":"https:\/\/diarioavanzada.com.mx\/wp-content\/uploads\/2024\/11\/img_0034-1.png","jetpack-related-posts":[],"jetpack_sharing_enabled":true,"amp_enabled":true,"_links":{"self":[{"href":"https:\/\/diarioavanzada.com.mx\/index.php?rest_route=\/wp\/v2\/posts\/66058","targetHints":{"allow":["GET"]}}],"collection":[{"href":"https:\/\/diarioavanzada.com.mx\/index.php?rest_route=\/wp\/v2\/posts"}],"about":[{"href":"https:\/\/diarioavanzada.com.mx\/index.php?rest_route=\/wp\/v2\/types\/post"}],"author":[{"embeddable":true,"href":"https:\/\/diarioavanzada.com.mx\/index.php?rest_route=\/wp\/v2\/users\/7"}],"replies":[{"embeddable":true,"href":"https:\/\/diarioavanzada.com.mx\/index.php?rest_route=%2Fwp%2Fv2%2Fcomments&post=66058"}],"version-history":[{"count":6,"href":"https:\/\/diarioavanzada.com.mx\/index.php?rest_route=\/wp\/v2\/posts\/66058\/revisions"}],"predecessor-version":[{"id":66085,"href":"https:\/\/diarioavanzada.com.mx\/index.php?rest_route=\/wp\/v2\/posts\/66058\/revisions\/66085"}],"wp:featuredmedia":[{"embeddable":true,"href":"https:\/\/diarioavanzada.com.mx\/index.php?rest_route=\/wp\/v2\/media\/66084"}],"wp:attachment":[{"href":"https:\/\/diarioavanzada.com.mx\/index.php?rest_route=%2Fwp%2Fv2%2Fmedia&parent=66058"}],"wp:term":[{"taxonomy":"category","embeddable":true,"href":"https:\/\/diarioavanzada.com.mx\/index.php?rest_route=%2Fwp%2Fv2%2Fcategories&post=66058"},{"taxonomy":"post_tag","embeddable":true,"href":"https:\/\/diarioavanzada.com.mx\/index.php?rest_route=%2Fwp%2Fv2%2Ftags&post=66058"}],"curies":[{"name":"wp","href":"https:\/\/api.w.org\/{rel}","templated":true}]}}