{"id":66040,"date":"2024-11-22T14:43:52","date_gmt":"2024-11-22T20:43:52","guid":{"rendered":"https:\/\/diarioavanzada.com.mx\/?p=66040"},"modified":"2024-11-22T14:43:52","modified_gmt":"2024-11-22T20:43:52","slug":"operativo-enjambre-detienen-a-la-alcaldesa-de-amanalco","status":"publish","type":"post","link":"https:\/\/diarioavanzada.com.mx\/?p=66040","title":{"rendered":"\u201cOperativo enjambre\u201d: Detienen a la alcaldesa de Amanalco"},"content":{"rendered":"\n<p class=\"p1 wp-block-paragraph\">Avanzada (22\/11\/2024).- En un operativo simult\u00e1neo denominado \u201cenjambre\u201d y realizado en el Estado de M\u00e9xico, la Fiscal\u00eda General de Justicia mexiquense inform\u00f3 sobre la detenci\u00f3n de Mar\u00eda Elena \u201cN\u201d, presidenta municipal de Amanalco, quien es investigada por la presunta comisi\u00f3n de diversos delitos. La alcaldesa fue aprehendida en coordinaci\u00f3n con la Secretar\u00eda de la Defensa Nacional (SEDENA), la Secretar\u00eda de Marina (SEMAR), la Guardia Nacional (GN), la Secretar\u00eda de Seguridad federal (SSPC) y la estatal (SS). Ser\u00e1 puesta a disposici\u00f3n de un juez para determinar su situaci\u00f3n jur\u00eddica.<\/p>\n\n\n\n<p class=\"p1 wp-block-paragraph\">En el marco del mismo operativo, tambi\u00e9n fueron detenidos:<\/p>\n\n\n\n<p class=\"p3 wp-block-paragraph\">\u2022 Rodolfo \u201cN\u201d, Director Operativo de Seguridad y Prevenci\u00f3n Ciudadana de Ixtapaluca.<\/p>\n\n\n\n<p class=\"p3 wp-block-paragraph\">\u2022 Eraclio \u201cN\u201d, Director de Seguridad P\u00fablica de Tejupilco.<\/p>\n\n\n\n<p class=\"p3 wp-block-paragraph\">\u2022 Omar \u201cN\u201d, Subdirector de Seguridad Ciudadana de Naucalpan.<\/p>\n\n\n\n<p class=\"p1 wp-block-paragraph\">Cada uno de estos mandos policiacos enfrenta investigaciones por presuntos hechos delictivos y ya han sido trasladados ante la autoridad judicial correspondiente.<\/p>\n\n\n\n<p class=\"p1 wp-block-paragraph\">Por otro lado, el Director de Seguridad Ciudadana de Texcaltitl\u00e1n, cuyo nombre no fue revelado, se suicid\u00f3 al momento de ser notificado de la orden de aprehensi\u00f3n en su contra.<\/p>\n\n\n\n<p class=\"p1 wp-block-paragraph\">La Fiscal\u00eda del Estado de M\u00e9xico destac\u00f3 que estas acciones forman parte de una estrategia para combatir la corrupci\u00f3n y el abuso de poder en las instituciones municipales.<\/p>\n<div class=\"fb-background-color\">\n\t\t\t  <div \n\t\t\t  \tclass = \"fb-comments\" \n\t\t\t  \tdata-href = \"https:\/\/diarioavanzada.com.mx\/?p=66040\"\n\t\t\t  \tdata-numposts = \"10\"\n\t\t\t  \tdata-lazy = \"true\"\n\t\t\t\tdata-colorscheme = \"light\"\n\t\t\t\tdata-order-by = \"social\"\n\t\t\t\tdata-mobile=true>\n\t\t\t  <\/div><\/div>\n\t\t  <style>\n\t\t    .fb-background-color {\n\t\t\t\tbackground:  !important;\n\t\t\t}\n\t\t\t.fb_iframe_widget_fluid_desktop iframe {\n\t\t\t    width: 100% !important;\n\t\t\t}\n\t\t  <\/style>\n\t\t  ","protected":false},"excerpt":{"rendered":"<p>Avanzada (22\/11\/2024).- En un operativo simult\u00e1neo denominado \u201cenjambre\u201d y realizado en el Estado de M\u00e9xico, la Fiscal\u00eda General de Justicia mexiquense inform\u00f3 sobre la detenci\u00f3n de Mar\u00eda Elena \u201cN\u201d, presidenta municipal de Amanalco, quien es investigada por la presunta comisi\u00f3n de diversos delitos. La alcaldesa fue aprehendida en coordinaci\u00f3n con la Secretar\u00eda de la Defensa [&hellip;]<\/p>\n","protected":false},"author":7,"featured_media":66039,"comment_status":"closed","ping_status":"closed","sticky":false,"template":"","format":"standard","meta":{"_coblocks_attr":"","_coblocks_dimensions":"","_coblocks_responsive_height":"","_coblocks_accordion_ie_support":"","_crdt_document":"","advanced_seo_description":"","jetpack_seo_html_title":"","jetpack_seo_noindex":false,"_jetpack_memberships_contains_paid_content":false,"footnotes":""},"categories":[22,231],"tags":[],"class_list":["post-66040","post","type-post","status-publish","format-standard","has-post-thumbnail","hentry","category-nacion","category-seguridad"],"jetpack_featured_media_url":"https:\/\/diarioavanzada.com.mx\/wp-content\/uploads\/2024\/11\/img_0011-1.jpg","jetpack-related-posts":[],"jetpack_sharing_enabled":true,"amp_enabled":true,"_links":{"self":[{"href":"https:\/\/diarioavanzada.com.mx\/index.php?rest_route=\/wp\/v2\/posts\/66040","targetHints":{"allow":["GET"]}}],"collection":[{"href":"https:\/\/diarioavanzada.com.mx\/index.php?rest_route=\/wp\/v2\/posts"}],"about":[{"href":"https:\/\/diarioavanzada.com.mx\/index.php?rest_route=\/wp\/v2\/types\/post"}],"author":[{"embeddable":true,"href":"https:\/\/diarioavanzada.com.mx\/index.php?rest_route=\/wp\/v2\/users\/7"}],"replies":[{"embeddable":true,"href":"https:\/\/diarioavanzada.com.mx\/index.php?rest_route=%2Fwp%2Fv2%2Fcomments&post=66040"}],"version-history":[{"count":0,"href":"https:\/\/diarioavanzada.com.mx\/index.php?rest_route=\/wp\/v2\/posts\/66040\/revisions"}],"wp:featuredmedia":[{"embeddable":true,"href":"https:\/\/diarioavanzada.com.mx\/index.php?rest_route=\/wp\/v2\/media\/66039"}],"wp:attachment":[{"href":"https:\/\/diarioavanzada.com.mx\/index.php?rest_route=%2Fwp%2Fv2%2Fmedia&parent=66040"}],"wp:term":[{"taxonomy":"category","embeddable":true,"href":"https:\/\/diarioavanzada.com.mx\/index.php?rest_route=%2Fwp%2Fv2%2Fcategories&post=66040"},{"taxonomy":"post_tag","embeddable":true,"href":"https:\/\/diarioavanzada.com.mx\/index.php?rest_route=%2Fwp%2Fv2%2Ftags&post=66040"}],"curies":[{"name":"wp","href":"https:\/\/api.w.org\/{rel}","templated":true}]}}