{"id":66035,"date":"2024-11-22T13:14:51","date_gmt":"2024-11-22T19:14:51","guid":{"rendered":"https:\/\/diarioavanzada.com.mx\/?p=66035"},"modified":"2024-11-22T13:14:51","modified_gmt":"2024-11-22T19:14:51","slug":"director-de-seguridad-publica-en-el-edomex-se-suicida-antes-de-ser-arrestado","status":"publish","type":"post","link":"https:\/\/diarioavanzada.com.mx\/?p=66035","title":{"rendered":"Director de Seguridad P\u00fablica en el Edomex se suicida antes de ser arrestado"},"content":{"rendered":"\n<p class=\"p1 wp-block-paragraph\">M\u00e9xico, Avanzada (22\/11\/2024).- En un amanecer de operativos y tensiones, las autoridades federales y estatales lanzaron el Operativo Enjambre, un esfuerzo por desenredar la red de v\u00ednculos entre alcaldes y directores de polic\u00eda con el crimen organizado en el Estado de M\u00e9xico. En un estado marcado por la violencia, este operativo promete no dejar cabos sueltos, aunque sus ecos ya est\u00e1n cobrado una vida.<\/p>\n\n\n\n<p class=\"p1 wp-block-paragraph\">El suceso m\u00e1s tr\u00e1gico de la jornada ocurri\u00f3 en Texcaltitl\u00e1n. Isidro Cort\u00e9s, director de seguridad p\u00fablica de este municipio, opt\u00f3 por el silencio eterno antes de enfrentar las esposas. Seg\u00fan la Fiscal\u00eda del Estado de M\u00e9xico, Cort\u00e9s se dispar\u00f3 a s\u00ed mismo al verse rodeado, eludiendo as\u00ed ser detenido por su presunta relaci\u00f3n con la delincuencia organizada.<\/p>\n\n\n\n<p class=\"p1 wp-block-paragraph\">Texcaltitl\u00e1n no es ajeno a las tragedias. Apenas hace un a\u00f1o, el municipio fue escenario de un brutal enfrentamiento entre pobladores y presuntos integrantes de la Familia Michoacana, dejando una huella profunda en la memoria colectiva. Ahora, con el suicidio del director de seguridad p\u00fablica, la regi\u00f3n vuelve a acaparar los reflectores, revelando las complejidades de un territorio donde la l\u00ednea entre autoridad y crimen parece desdibujarse.<\/p>\n\n\n\n<p class=\"p1 wp-block-paragraph\">Mientras tanto, las detenciones contin\u00faan. La Fiscal\u00eda inform\u00f3 que varios directivos municipales&nbsp; han sido aprehendidos y se encuentran bajo investigaci\u00f3n por la posible comisi\u00f3n de diversos delitos. El operativo, que busca desarticular las estructuras delictivas enquistadas en el poder local, promete ser un punto de inflexi\u00f3n para el Estado de M\u00e9xico, aunque a\u00fan queda mucho por esclarecer.<\/p>\n\n\n\n<p class=\"p1 wp-block-paragraph\">\u00bfSer\u00e1 este el principio del fin para las redes del crimen en las instituciones, o solo un episodio m\u00e1s en la larga cr\u00f3nica de impunidad?<\/p>\n\n\n\n<figure class=\"wp-block-video\"><\/figure>\n<div class=\"fb-background-color\">\n\t\t\t  <div \n\t\t\t  \tclass = \"fb-comments\" \n\t\t\t  \tdata-href = \"https:\/\/diarioavanzada.com.mx\/?p=66035\"\n\t\t\t  \tdata-numposts = \"10\"\n\t\t\t  \tdata-lazy = \"true\"\n\t\t\t\tdata-colorscheme = \"light\"\n\t\t\t\tdata-order-by = \"social\"\n\t\t\t\tdata-mobile=true>\n\t\t\t  <\/div><\/div>\n\t\t  <style>\n\t\t    .fb-background-color {\n\t\t\t\tbackground:  !important;\n\t\t\t}\n\t\t\t.fb_iframe_widget_fluid_desktop iframe {\n\t\t\t    width: 100% !important;\n\t\t\t}\n\t\t  <\/style>\n\t\t  ","protected":false},"excerpt":{"rendered":"<p>M\u00e9xico, Avanzada (22\/11\/2024).- En un amanecer de operativos y tensiones, las autoridades federales y estatales lanzaron el Operativo Enjambre, un esfuerzo por desenredar la red de v\u00ednculos entre alcaldes y directores de polic\u00eda con el crimen organizado en el Estado de M\u00e9xico. En un estado marcado por la violencia, este operativo promete no dejar cabos [&hellip;]<\/p>\n","protected":false},"author":7,"featured_media":66034,"comment_status":"closed","ping_status":"closed","sticky":false,"template":"","format":"standard","meta":{"_coblocks_attr":"","_coblocks_dimensions":"","_coblocks_responsive_height":"","_coblocks_accordion_ie_support":"","_crdt_document":"","advanced_seo_description":"","jetpack_seo_html_title":"","jetpack_seo_noindex":false,"_jetpack_memberships_contains_paid_content":false,"footnotes":""},"categories":[22,7,231],"tags":[],"class_list":["post-66035","post","type-post","status-publish","format-standard","has-post-thumbnail","hentry","category-nacion","category-noticias","category-seguridad"],"jetpack_featured_media_url":"https:\/\/diarioavanzada.com.mx\/wp-content\/uploads\/2024\/11\/img_9623-1.jpg","jetpack-related-posts":[],"jetpack_sharing_enabled":true,"amp_enabled":true,"_links":{"self":[{"href":"https:\/\/diarioavanzada.com.mx\/index.php?rest_route=\/wp\/v2\/posts\/66035","targetHints":{"allow":["GET"]}}],"collection":[{"href":"https:\/\/diarioavanzada.com.mx\/index.php?rest_route=\/wp\/v2\/posts"}],"about":[{"href":"https:\/\/diarioavanzada.com.mx\/index.php?rest_route=\/wp\/v2\/types\/post"}],"author":[{"embeddable":true,"href":"https:\/\/diarioavanzada.com.mx\/index.php?rest_route=\/wp\/v2\/users\/7"}],"replies":[{"embeddable":true,"href":"https:\/\/diarioavanzada.com.mx\/index.php?rest_route=%2Fwp%2Fv2%2Fcomments&post=66035"}],"version-history":[{"count":1,"href":"https:\/\/diarioavanzada.com.mx\/index.php?rest_route=\/wp\/v2\/posts\/66035\/revisions"}],"predecessor-version":[{"id":66036,"href":"https:\/\/diarioavanzada.com.mx\/index.php?rest_route=\/wp\/v2\/posts\/66035\/revisions\/66036"}],"wp:featuredmedia":[{"embeddable":true,"href":"https:\/\/diarioavanzada.com.mx\/index.php?rest_route=\/wp\/v2\/media\/66034"}],"wp:attachment":[{"href":"https:\/\/diarioavanzada.com.mx\/index.php?rest_route=%2Fwp%2Fv2%2Fmedia&parent=66035"}],"wp:term":[{"taxonomy":"category","embeddable":true,"href":"https:\/\/diarioavanzada.com.mx\/index.php?rest_route=%2Fwp%2Fv2%2Fcategories&post=66035"},{"taxonomy":"post_tag","embeddable":true,"href":"https:\/\/diarioavanzada.com.mx\/index.php?rest_route=%2Fwp%2Fv2%2Ftags&post=66035"}],"curies":[{"name":"wp","href":"https:\/\/api.w.org\/{rel}","templated":true}]}}