{"id":66031,"date":"2024-11-22T12:35:10","date_gmt":"2024-11-22T18:35:10","guid":{"rendered":"https:\/\/diarioavanzada.com.mx\/?p=66031"},"modified":"2024-11-22T12:35:10","modified_gmt":"2024-11-22T18:35:10","slug":"christian-velasco-milanes-nuevo-oficial-mayor-del-ayuntamiento-de-colima","status":"publish","type":"post","link":"https:\/\/diarioavanzada.com.mx\/?p=66031","title":{"rendered":"Christian Velasco Milan\u00e9s, nuevo Oficial Mayor del Ayuntamiento de Colima"},"content":{"rendered":"\n<p class=\"p1 wp-block-paragraph\">Colima, M\u00e9xico, Avanzada (22\/11\/2024).- El Cabildo del Ayuntamiento de Colima aprob\u00f3 por unanimidad el nombramiento de Christian Velasco Milan\u00e9s como nuevo Oficial Mayor, en sustituci\u00f3n de Jos\u00e9 Manuel Oviedo Guerra, quien present\u00f3 su renuncia recientemente.<\/p>\n\n\n\n<p class=\"p1 wp-block-paragraph\">La designaci\u00f3n se formaliz\u00f3 durante una sesi\u00f3n extraordinaria presidida por el alcalde Riult Rivera Guti\u00e9rrez, quien destac\u00f3 la trayectoria de Velasco Milan\u00e9s y le tom\u00f3 protesta para asumir el cargo de manera inmediata.<\/p>\n\n\n\n<p class=\"p1 wp-block-paragraph\">Christian Velasco es licenciado en Derecho por la Universidad de Colima y cuenta con una destacada experiencia en la funci\u00f3n p\u00fablica, entre la que sobresale su labor como Comisionado Presidente del Instituto de Transparencia, Acceso a la Informaci\u00f3n P\u00fablica y Protecci\u00f3n de Datos del Estado de Colima (INFOCOL).<\/p>\n\n\n\n<p class=\"p1 wp-block-paragraph\">En su mensaje, Riult Rivera llam\u00f3 al nuevo funcionario a trabajar en equipo para fortalecer la administraci\u00f3n municipal. \u201cJuntos, en equipo, construyamos el Nuevo Colima que queremos dejar a todos los colimenses\u201d, expres\u00f3.<\/p>\n\n\n\n<p class=\"p1 wp-block-paragraph\">Velasco Milan\u00e9s asumir\u00e1 sus nuevas responsabilidades de inmediato, con el compromiso de aportar su experiencia en beneficio de la ciudadan\u00eda colimense.<\/p>\n\n\n\n<figure class=\"wp-block-image size-large\"><img loading=\"lazy\" decoding=\"async\" width=\"1024\" height=\"657\" src=\"https:\/\/diarioavanzada.com.mx\/wp-content\/uploads\/2024\/11\/256cceb3-ed0e-442a-9be6-fa06c893b195-1-1024x657.jpg\" class=\"wp-image-66030\" srcset=\"https:\/\/diarioavanzada.com.mx\/wp-content\/uploads\/2024\/11\/256cceb3-ed0e-442a-9be6-fa06c893b195-1-1024x657.jpg 1024w, https:\/\/diarioavanzada.com.mx\/wp-content\/uploads\/2024\/11\/256cceb3-ed0e-442a-9be6-fa06c893b195-1-300x192.jpg 300w, https:\/\/diarioavanzada.com.mx\/wp-content\/uploads\/2024\/11\/256cceb3-ed0e-442a-9be6-fa06c893b195-1-768x492.jpg 768w, https:\/\/diarioavanzada.com.mx\/wp-content\/uploads\/2024\/11\/256cceb3-ed0e-442a-9be6-fa06c893b195-1-1536x985.jpg 1536w, https:\/\/diarioavanzada.com.mx\/wp-content\/uploads\/2024\/11\/256cceb3-ed0e-442a-9be6-fa06c893b195-1.jpg 1600w\" sizes=\"auto, (max-width: 1024px) 100vw, 1024px\" \/><\/figure>\n<div class=\"fb-background-color\">\n\t\t\t  <div \n\t\t\t  \tclass = \"fb-comments\" \n\t\t\t  \tdata-href = \"https:\/\/diarioavanzada.com.mx\/?p=66031\"\n\t\t\t  \tdata-numposts = \"10\"\n\t\t\t  \tdata-lazy = \"true\"\n\t\t\t\tdata-colorscheme = \"light\"\n\t\t\t\tdata-order-by = \"social\"\n\t\t\t\tdata-mobile=true>\n\t\t\t  <\/div><\/div>\n\t\t  <style>\n\t\t    .fb-background-color {\n\t\t\t\tbackground:  !important;\n\t\t\t}\n\t\t\t.fb_iframe_widget_fluid_desktop iframe {\n\t\t\t    width: 100% !important;\n\t\t\t}\n\t\t  <\/style>\n\t\t  ","protected":false},"excerpt":{"rendered":"<p>Colima, M\u00e9xico, Avanzada (22\/11\/2024).- El Cabildo del Ayuntamiento de Colima aprob\u00f3 por unanimidad el nombramiento de Christian Velasco Milan\u00e9s como nuevo Oficial Mayor, en sustituci\u00f3n de Jos\u00e9 Manuel Oviedo Guerra, quien present\u00f3 su renuncia recientemente. La designaci\u00f3n se formaliz\u00f3 durante una sesi\u00f3n extraordinaria presidida por el alcalde Riult Rivera Guti\u00e9rrez, quien destac\u00f3 la trayectoria de [&hellip;]<\/p>\n","protected":false},"author":7,"featured_media":66029,"comment_status":"closed","ping_status":"closed","sticky":false,"template":"","format":"standard","meta":{"_coblocks_attr":"","_coblocks_dimensions":"","_coblocks_responsive_height":"","_coblocks_accordion_ie_support":"","_crdt_document":"","advanced_seo_description":"","jetpack_seo_html_title":"","jetpack_seo_noindex":false,"_jetpack_memberships_contains_paid_content":false,"footnotes":""},"categories":[19,209],"tags":[],"class_list":["post-66031","post","type-post","status-publish","format-standard","has-post-thumbnail","hentry","category-colima","category-importantes"],"jetpack_featured_media_url":"https:\/\/diarioavanzada.com.mx\/wp-content\/uploads\/2024\/11\/img_9990-1.jpg","jetpack-related-posts":[],"jetpack_sharing_enabled":true,"amp_enabled":true,"_links":{"self":[{"href":"https:\/\/diarioavanzada.com.mx\/index.php?rest_route=\/wp\/v2\/posts\/66031","targetHints":{"allow":["GET"]}}],"collection":[{"href":"https:\/\/diarioavanzada.com.mx\/index.php?rest_route=\/wp\/v2\/posts"}],"about":[{"href":"https:\/\/diarioavanzada.com.mx\/index.php?rest_route=\/wp\/v2\/types\/post"}],"author":[{"embeddable":true,"href":"https:\/\/diarioavanzada.com.mx\/index.php?rest_route=\/wp\/v2\/users\/7"}],"replies":[{"embeddable":true,"href":"https:\/\/diarioavanzada.com.mx\/index.php?rest_route=%2Fwp%2Fv2%2Fcomments&post=66031"}],"version-history":[{"count":0,"href":"https:\/\/diarioavanzada.com.mx\/index.php?rest_route=\/wp\/v2\/posts\/66031\/revisions"}],"wp:featuredmedia":[{"embeddable":true,"href":"https:\/\/diarioavanzada.com.mx\/index.php?rest_route=\/wp\/v2\/media\/66029"}],"wp:attachment":[{"href":"https:\/\/diarioavanzada.com.mx\/index.php?rest_route=%2Fwp%2Fv2%2Fmedia&parent=66031"}],"wp:term":[{"taxonomy":"category","embeddable":true,"href":"https:\/\/diarioavanzada.com.mx\/index.php?rest_route=%2Fwp%2Fv2%2Fcategories&post=66031"},{"taxonomy":"post_tag","embeddable":true,"href":"https:\/\/diarioavanzada.com.mx\/index.php?rest_route=%2Fwp%2Fv2%2Ftags&post=66031"}],"curies":[{"name":"wp","href":"https:\/\/api.w.org\/{rel}","templated":true}]}}