{"id":66020,"date":"2024-11-22T14:59:31","date_gmt":"2024-11-22T20:59:31","guid":{"rendered":"https:\/\/diarioavanzada.com.mx\/?p=66020"},"modified":"2024-11-22T14:59:31","modified_gmt":"2024-11-22T20:59:31","slug":"de-una-jornada-laboral-a-una-noche-de-horror-tragedia-en-nuevo-laredo","status":"publish","type":"post","link":"https:\/\/diarioavanzada.com.mx\/?p=66020","title":{"rendered":"De una jornada laboral a una noche de horror: tragedia en Nuevo Laredo"},"content":{"rendered":"\n<p class=\"p1 wp-block-paragraph\">Nuevo Laredo, M\u00e9xico, Avanzada (22\/11\/2024).- La noche del mi\u00e9rcoles, en las calles de la colonia Uni\u00f3n del Recuerdo en Nuevo Laredo, se vivi\u00f3 una escena digna de un pa\u00eds en guerra. Esteban Dur\u00e1n \u00c1lvarez, de 47 a\u00f1os, no regres\u00f3 a casa. Su cuerpo fue encontrado sin vida, con marcas evidentes de tortura y golpes, tras haber sido interceptado por hombres que, seg\u00fan testigos, se identificaron como militares.<\/p>\n\n\n\n<p class=\"p1 wp-block-paragraph\">Todo comenz\u00f3 cuando Esteban viajaba en una camioneta modelo 1996 junto a \u00c1ngel Antonio, de 17 a\u00f1os; Josefa, de 42; y V\u00edctor Manuel Berm\u00fadez Hern\u00e1ndez, el conductor. Despu\u00e9s de un d\u00eda de trabajo, circulaban por la calle Uni\u00f3n sin imaginar que la noche cambiar\u00eda sus vidas para siempre.<\/p>\n\n\n\n<p class=\"p1 wp-block-paragraph\">Seg\u00fan \u00c1ngel, hombres armados surgieron de entre la maleza disparando al aire para detenerlos. Los obligaron a bajar de la camioneta y, sin explicaciones, comenzaron a interrogarlos y golpearlos brutalmente. \u201cNos hac\u00edan preguntas mientras nos pateaban con las botas y nos pegaban con cascos y armas\u201d, narr\u00f3 el joven desde la cama del hospital donde se recupera de m\u00faltiples golpes y una probable fractura de costillas.<\/p>\n\n\n\n<p class=\"p1 wp-block-paragraph\">La violencia no termin\u00f3 ah\u00ed. \u00c1ngel fue obligado a grabar un video donde declaraba que no fue agredido. Luego, le dieron una orden aterradora: \u201cCorre, o te matamos\u201d. Herido y asustado, el joven logr\u00f3 llegar a casa, donde sus padres lo llevaron de inmediato a la Cl\u00ednica Laredo.<\/p>\n\n\n\n<p class=\"p1 wp-block-paragraph\">Josefa, otra de las v\u00edctimas, relat\u00f3 entre l\u00e1grimas que los agresores los obligaron a bajar del veh\u00edculo con disparos y los atacaron sin raz\u00f3n. \u201cSolo ven\u00edamos del trabajo, no tra\u00edamos nada ilegal\u201d, dijo.<\/p>\n\n\n\n<p class=\"p1 wp-block-paragraph\">El cuerpo de Esteban qued\u00f3 atr\u00e1s, mientras los sobrevivientes, forzados a huir, intentaban salvarse. En el lugar de los hechos, las autoridades encontraron m\u00e1s de 20 casquillos percutidos, un silencio abrumador y las huellas de una agresi\u00f3n sin sentido.<\/p>\n\n\n\n<p class=\"p1 wp-block-paragraph\">Alejandra Yesenia Cruz Zamora, esposa de Esteban, present\u00f3 una denuncia ante la Fiscal\u00eda General de la Rep\u00fablica (FGR) por homicidio, lesiones y abuso de autoridad. La carpeta de investigaci\u00f3n FED\/TAM\/NVO.LAR\/70003064\/2024 ya fue abierta.<\/p>\n\n\n\n<p class=\"p1 wp-block-paragraph\">Las v\u00edctimas y sus familias claman por justicia, por respuestas, por un alto a la impunidad. Mientras tanto, Nuevo Laredo se tambalea entre el miedo y la indignaci\u00f3n, enfrentando el eco de una noche en la que la violencia venci\u00f3 al silencio, pero no a la esperanza de justicia.<\/p>\n<div class=\"fb-background-color\">\n\t\t\t  <div \n\t\t\t  \tclass = \"fb-comments\" \n\t\t\t  \tdata-href = \"https:\/\/diarioavanzada.com.mx\/?p=66020\"\n\t\t\t  \tdata-numposts = \"10\"\n\t\t\t  \tdata-lazy = \"true\"\n\t\t\t\tdata-colorscheme = \"light\"\n\t\t\t\tdata-order-by = \"social\"\n\t\t\t\tdata-mobile=true>\n\t\t\t  <\/div><\/div>\n\t\t  <style>\n\t\t    .fb-background-color {\n\t\t\t\tbackground:  !important;\n\t\t\t}\n\t\t\t.fb_iframe_widget_fluid_desktop iframe {\n\t\t\t    width: 100% !important;\n\t\t\t}\n\t\t  <\/style>\n\t\t  ","protected":false},"excerpt":{"rendered":"<p>Nuevo Laredo, M\u00e9xico, Avanzada (22\/11\/2024).- La noche del mi\u00e9rcoles, en las calles de la colonia Uni\u00f3n del Recuerdo en Nuevo Laredo, se vivi\u00f3 una escena digna de un pa\u00eds en guerra. Esteban Dur\u00e1n \u00c1lvarez, de 47 a\u00f1os, no regres\u00f3 a casa. Su cuerpo fue encontrado sin vida, con marcas evidentes de tortura y golpes, tras [&hellip;]<\/p>\n","protected":false},"author":7,"featured_media":66019,"comment_status":"closed","ping_status":"closed","sticky":false,"template":"","format":"standard","meta":{"_coblocks_attr":"","_coblocks_dimensions":"","_coblocks_responsive_height":"","_coblocks_accordion_ie_support":"","_crdt_document":"","advanced_seo_description":"","jetpack_seo_html_title":"","jetpack_seo_noindex":false,"_jetpack_memberships_contains_paid_content":false,"footnotes":""},"categories":[22,7,231],"tags":[],"class_list":["post-66020","post","type-post","status-publish","format-standard","has-post-thumbnail","hentry","category-nacion","category-noticias","category-seguridad"],"jetpack_featured_media_url":"https:\/\/diarioavanzada.com.mx\/wp-content\/uploads\/2024\/11\/c2bd65e5-85b0-4368-9aea-b7089f90fcd8-1.jpg","jetpack-related-posts":[],"jetpack_sharing_enabled":true,"amp_enabled":true,"_links":{"self":[{"href":"https:\/\/diarioavanzada.com.mx\/index.php?rest_route=\/wp\/v2\/posts\/66020","targetHints":{"allow":["GET"]}}],"collection":[{"href":"https:\/\/diarioavanzada.com.mx\/index.php?rest_route=\/wp\/v2\/posts"}],"about":[{"href":"https:\/\/diarioavanzada.com.mx\/index.php?rest_route=\/wp\/v2\/types\/post"}],"author":[{"embeddable":true,"href":"https:\/\/diarioavanzada.com.mx\/index.php?rest_route=\/wp\/v2\/users\/7"}],"replies":[{"embeddable":true,"href":"https:\/\/diarioavanzada.com.mx\/index.php?rest_route=%2Fwp%2Fv2%2Fcomments&post=66020"}],"version-history":[{"count":1,"href":"https:\/\/diarioavanzada.com.mx\/index.php?rest_route=\/wp\/v2\/posts\/66020\/revisions"}],"predecessor-version":[{"id":66042,"href":"https:\/\/diarioavanzada.com.mx\/index.php?rest_route=\/wp\/v2\/posts\/66020\/revisions\/66042"}],"wp:featuredmedia":[{"embeddable":true,"href":"https:\/\/diarioavanzada.com.mx\/index.php?rest_route=\/wp\/v2\/media\/66019"}],"wp:attachment":[{"href":"https:\/\/diarioavanzada.com.mx\/index.php?rest_route=%2Fwp%2Fv2%2Fmedia&parent=66020"}],"wp:term":[{"taxonomy":"category","embeddable":true,"href":"https:\/\/diarioavanzada.com.mx\/index.php?rest_route=%2Fwp%2Fv2%2Fcategories&post=66020"},{"taxonomy":"post_tag","embeddable":true,"href":"https:\/\/diarioavanzada.com.mx\/index.php?rest_route=%2Fwp%2Fv2%2Ftags&post=66020"}],"curies":[{"name":"wp","href":"https:\/\/api.w.org\/{rel}","templated":true}]}}