{"id":66009,"date":"2024-11-22T08:27:54","date_gmt":"2024-11-22T14:27:54","guid":{"rendered":"https:\/\/diarioavanzada.com.mx\/?p=66009"},"modified":"2024-11-22T08:29:05","modified_gmt":"2024-11-22T14:29:05","slug":"colima-espera-altas-temperaturas-y-ambiente-calido","status":"publish","type":"post","link":"https:\/\/diarioavanzada.com.mx\/?p=66009","title":{"rendered":"Colima registrar\u00e1 este d\u00eda altas temperaturas y ambiente c\u00e1lido"},"content":{"rendered":"\n<p class=\"p1 wp-block-paragraph\">Colima, M\u00e9xico, Avanzada (22\/11\/2024).- Para este d\u00eda, Colima experimentar\u00e1 un ambiente c\u00e1lido con temperaturas m\u00e1ximas de hasta 40 \u00b0C, seg\u00fan el pron\u00f3stico del clima. Durante la tarde, se esperan intervalos de chubascos acompa\u00f1ados de posibles descargas el\u00e9ctricas en varias zonas del estado.<\/p>\n\n\n\n<p class=\"p1 wp-block-paragraph\">En la regi\u00f3n del Pac\u00edfico Centro, que incluye a Colima, se pronostica cielo medio nublado a nublado, con bancos de niebla matutinos en zonas serranas y ambiente fresco a templado por la ma\u00f1ana. Por la tarde, el clima ser\u00e1 c\u00e1lido a caluroso, con vientos de hasta 40 km\/h.<\/p>\n\n\n\n<p class=\"p1 wp-block-paragraph\">Se recomienda a la poblaci\u00f3n tomar precauciones ante las altas temperaturas y mantenerse hidratada.<\/p>\n<div class=\"fb-background-color\">\n\t\t\t  <div \n\t\t\t  \tclass = \"fb-comments\" \n\t\t\t  \tdata-href = \"https:\/\/diarioavanzada.com.mx\/?p=66009\"\n\t\t\t  \tdata-numposts = \"10\"\n\t\t\t  \tdata-lazy = \"true\"\n\t\t\t\tdata-colorscheme = \"light\"\n\t\t\t\tdata-order-by = \"social\"\n\t\t\t\tdata-mobile=true>\n\t\t\t  <\/div><\/div>\n\t\t  <style>\n\t\t    .fb-background-color {\n\t\t\t\tbackground:  !important;\n\t\t\t}\n\t\t\t.fb_iframe_widget_fluid_desktop iframe {\n\t\t\t    width: 100% !important;\n\t\t\t}\n\t\t  <\/style>\n\t\t  ","protected":false},"excerpt":{"rendered":"<p>Colima, M\u00e9xico, Avanzada (22\/11\/2024).- Para este d\u00eda, Colima experimentar\u00e1 un ambiente c\u00e1lido con temperaturas m\u00e1ximas de hasta 40 \u00b0C, seg\u00fan el pron\u00f3stico del clima. Durante la tarde, se esperan intervalos de chubascos acompa\u00f1ados de posibles descargas el\u00e9ctricas en varias zonas del estado. En la regi\u00f3n del Pac\u00edfico Centro, que incluye a Colima, se pronostica cielo [&hellip;]<\/p>\n","protected":false},"author":7,"featured_media":66007,"comment_status":"closed","ping_status":"closed","sticky":false,"template":"","format":"standard","meta":{"_coblocks_attr":"","_coblocks_dimensions":"","_coblocks_responsive_height":"","_coblocks_accordion_ie_support":"","_crdt_document":"","advanced_seo_description":"","jetpack_seo_html_title":"","jetpack_seo_noindex":false,"_jetpack_memberships_contains_paid_content":false,"footnotes":""},"categories":[19,7],"tags":[],"class_list":["post-66009","post","type-post","status-publish","format-standard","has-post-thumbnail","hentry","category-colima","category-noticias"],"jetpack_featured_media_url":"https:\/\/diarioavanzada.com.mx\/wp-content\/uploads\/2024\/11\/img_9598-1.jpg","jetpack-related-posts":[],"jetpack_sharing_enabled":true,"amp_enabled":true,"_links":{"self":[{"href":"https:\/\/diarioavanzada.com.mx\/index.php?rest_route=\/wp\/v2\/posts\/66009","targetHints":{"allow":["GET"]}}],"collection":[{"href":"https:\/\/diarioavanzada.com.mx\/index.php?rest_route=\/wp\/v2\/posts"}],"about":[{"href":"https:\/\/diarioavanzada.com.mx\/index.php?rest_route=\/wp\/v2\/types\/post"}],"author":[{"embeddable":true,"href":"https:\/\/diarioavanzada.com.mx\/index.php?rest_route=\/wp\/v2\/users\/7"}],"replies":[{"embeddable":true,"href":"https:\/\/diarioavanzada.com.mx\/index.php?rest_route=%2Fwp%2Fv2%2Fcomments&post=66009"}],"version-history":[{"count":1,"href":"https:\/\/diarioavanzada.com.mx\/index.php?rest_route=\/wp\/v2\/posts\/66009\/revisions"}],"predecessor-version":[{"id":66011,"href":"https:\/\/diarioavanzada.com.mx\/index.php?rest_route=\/wp\/v2\/posts\/66009\/revisions\/66011"}],"wp:featuredmedia":[{"embeddable":true,"href":"https:\/\/diarioavanzada.com.mx\/index.php?rest_route=\/wp\/v2\/media\/66007"}],"wp:attachment":[{"href":"https:\/\/diarioavanzada.com.mx\/index.php?rest_route=%2Fwp%2Fv2%2Fmedia&parent=66009"}],"wp:term":[{"taxonomy":"category","embeddable":true,"href":"https:\/\/diarioavanzada.com.mx\/index.php?rest_route=%2Fwp%2Fv2%2Fcategories&post=66009"},{"taxonomy":"post_tag","embeddable":true,"href":"https:\/\/diarioavanzada.com.mx\/index.php?rest_route=%2Fwp%2Fv2%2Ftags&post=66009"}],"curies":[{"name":"wp","href":"https:\/\/api.w.org\/{rel}","templated":true}]}}