{"id":66004,"date":"2024-11-22T04:27:04","date_gmt":"2024-11-22T10:27:04","guid":{"rendered":"https:\/\/diarioavanzada.com.mx\/?p=66004"},"modified":"2024-11-22T04:27:04","modified_gmt":"2024-11-22T10:27:04","slug":"invertiran-64-mil-millones-de-pesos-en-la-construccion-del-nuevo-puerto-de-manzanillo","status":"publish","type":"post","link":"https:\/\/diarioavanzada.com.mx\/?p=66004","title":{"rendered":"Invertir\u00e1n 64 mil millones de pesos en la construcci\u00f3n del Nuevo Puerto de Manzanillo"},"content":{"rendered":"\n<p class=\"p1 wp-block-paragraph\">Colima, M\u00e9xico, Avanzada (22\/11\/2024).- El d\u00eda de ma\u00f1ana, 23 de noviembre, la presidenta de M\u00e9xico, Claudia Sheinbaum Pardo, estar\u00e1 en el puerto de Manzanillo para dar inicio a las obras del ambicioso proyecto Nuevo Manzanillo, una ampliaci\u00f3n portuaria que contar\u00e1 con una inversi\u00f3n total de 64 mil millones de pesos, combinando recursos p\u00fablicos y privados.<\/p>\n\n\n\n<p class=\"p1 wp-block-paragraph\">El Nuevo Manzanillo busca posicionarse como uno de los puertos m\u00e1s importantes a nivel global, aspirando a formar parte del top 15 de terminales mar\u00edtimas del mundo para 2030, a la par de puertos como los de Taiw\u00e1n y Los \u00c1ngeles.<\/p>\n\n\n\n<p class=\"p1 wp-block-paragraph\">El proyecto se desarrollar\u00e1 en un \u00e1rea de 1,880 hect\u00e1reas, lo que representa una expansi\u00f3n significativa al cuadruplicar la capacidad del puerto actual. Entre sus principales caracter\u00edsticas, destacan cuatro terminales especializadas para el manejo de contenedores, hidrocarburos y almacenamiento, adem\u00e1s de infraestructura de despacho mar\u00edtimo y terrestre.<\/p>\n\n\n\n<p class=\"p1 wp-block-paragraph\">Un componente clave ser\u00e1 la creaci\u00f3n de una vialidad inteligente reversible de cuatro carriles, dise\u00f1ada para conectar eficientemente el puerto con la carretera rumbo a Barra de Navidad. La gesti\u00f3n de esta vialidad estar\u00e1 a cargo de un Centro de Control de Tr\u00e1fico Terrestre, que supervisar\u00e1 el flujo de los aproximadamente 4 mil tractocamiones que circulan diariamente en la zona.<\/p>\n\n\n\n<p class=\"p1 wp-block-paragraph\">Asimismo, se implementar\u00e1 la plataforma tecnol\u00f3gica Puerto Inteligente Seguro, que garantizar\u00e1 la eficiencia en las operaciones mar\u00edtimas y terrestres del recinto.<\/p>\n\n\n\n<p class=\"p1 wp-block-paragraph\">Los trabajos iniciales incluyen dragado y la instalaci\u00f3n de estructuras para los muelles, mientras que la inversi\u00f3n p\u00fablica destinada al proyecto ser\u00e1 de 15 mil millones de pesos, complementada con 49 mil millones de pesos de inversi\u00f3n privada.<\/p>\n\n\n\n<p class=\"p1 wp-block-paragraph\">Adem\u00e1s de dar el banderazo de inicio de obras, la presidenta Sheinbaum inaugurar\u00e1 la ampliaci\u00f3n del \u201cTramo 2 del segundo ingreso del recinto portuario\u201d, una vialidad que promete agilizar el acceso de veh\u00edculos de carga al puerto.<\/p>\n\n\n\n<p class=\"p1 wp-block-paragraph\">El Puerto de Manzanillo, que actualmente recibe un promedio de 140 buques al mes y maneja 3.7 millones de contenedores al a\u00f1o, espera incrementar significativamente sus operaciones con esta expansi\u00f3n, consolidando su posici\u00f3n como el puerto m\u00e1s importante del pa\u00eds y un referente a nivel mundial.<\/p>\n\n\n\n<p class=\"p1 wp-block-paragraph\"><\/p>\n<div class=\"fb-background-color\">\n\t\t\t  <div \n\t\t\t  \tclass = \"fb-comments\" \n\t\t\t  \tdata-href = \"https:\/\/diarioavanzada.com.mx\/?p=66004\"\n\t\t\t  \tdata-numposts = \"10\"\n\t\t\t  \tdata-lazy = \"true\"\n\t\t\t\tdata-colorscheme = \"light\"\n\t\t\t\tdata-order-by = \"social\"\n\t\t\t\tdata-mobile=true>\n\t\t\t  <\/div><\/div>\n\t\t  <style>\n\t\t    .fb-background-color {\n\t\t\t\tbackground:  !important;\n\t\t\t}\n\t\t\t.fb_iframe_widget_fluid_desktop iframe {\n\t\t\t    width: 100% !important;\n\t\t\t}\n\t\t  <\/style>\n\t\t  ","protected":false},"excerpt":{"rendered":"<p>Colima, M\u00e9xico, Avanzada (22\/11\/2024).- El d\u00eda de ma\u00f1ana, 23 de noviembre, la presidenta de M\u00e9xico, Claudia Sheinbaum Pardo, estar\u00e1 en el puerto de Manzanillo para dar inicio a las obras del ambicioso proyecto Nuevo Manzanillo, una ampliaci\u00f3n portuaria que contar\u00e1 con una inversi\u00f3n total de 64 mil millones de pesos, combinando recursos p\u00fablicos y privados. [&hellip;]<\/p>\n","protected":false},"author":7,"featured_media":66003,"comment_status":"closed","ping_status":"closed","sticky":false,"template":"","format":"standard","meta":{"_coblocks_attr":"","_coblocks_dimensions":"","_coblocks_responsive_height":"","_coblocks_accordion_ie_support":"","_crdt_document":"","advanced_seo_description":"","jetpack_seo_html_title":"","jetpack_seo_noindex":false,"_jetpack_memberships_contains_paid_content":false,"footnotes":""},"categories":[19,209],"tags":[],"class_list":["post-66004","post","type-post","status-publish","format-standard","has-post-thumbnail","hentry","category-colima","category-importantes"],"jetpack_featured_media_url":"https:\/\/diarioavanzada.com.mx\/wp-content\/uploads\/2024\/11\/img_4327-1.jpg","jetpack-related-posts":[],"jetpack_sharing_enabled":true,"amp_enabled":true,"_links":{"self":[{"href":"https:\/\/diarioavanzada.com.mx\/index.php?rest_route=\/wp\/v2\/posts\/66004","targetHints":{"allow":["GET"]}}],"collection":[{"href":"https:\/\/diarioavanzada.com.mx\/index.php?rest_route=\/wp\/v2\/posts"}],"about":[{"href":"https:\/\/diarioavanzada.com.mx\/index.php?rest_route=\/wp\/v2\/types\/post"}],"author":[{"embeddable":true,"href":"https:\/\/diarioavanzada.com.mx\/index.php?rest_route=\/wp\/v2\/users\/7"}],"replies":[{"embeddable":true,"href":"https:\/\/diarioavanzada.com.mx\/index.php?rest_route=%2Fwp%2Fv2%2Fcomments&post=66004"}],"version-history":[{"count":0,"href":"https:\/\/diarioavanzada.com.mx\/index.php?rest_route=\/wp\/v2\/posts\/66004\/revisions"}],"wp:featuredmedia":[{"embeddable":true,"href":"https:\/\/diarioavanzada.com.mx\/index.php?rest_route=\/wp\/v2\/media\/66003"}],"wp:attachment":[{"href":"https:\/\/diarioavanzada.com.mx\/index.php?rest_route=%2Fwp%2Fv2%2Fmedia&parent=66004"}],"wp:term":[{"taxonomy":"category","embeddable":true,"href":"https:\/\/diarioavanzada.com.mx\/index.php?rest_route=%2Fwp%2Fv2%2Fcategories&post=66004"},{"taxonomy":"post_tag","embeddable":true,"href":"https:\/\/diarioavanzada.com.mx\/index.php?rest_route=%2Fwp%2Fv2%2Ftags&post=66004"}],"curies":[{"name":"wp","href":"https:\/\/api.w.org\/{rel}","templated":true}]}}