{"id":65970,"date":"2024-11-21T19:32:06","date_gmt":"2024-11-22T01:32:06","guid":{"rendered":"https:\/\/diarioavanzada.com.mx\/?p=65970"},"modified":"2024-11-21T19:32:06","modified_gmt":"2024-11-22T01:32:06","slug":"el-inai-llama-al-senado-a-frenar-reforma-que-pone-en-riesgo-derechos-de-transparencia-y-datos-personales","status":"publish","type":"post","link":"https:\/\/diarioavanzada.com.mx\/?p=65970","title":{"rendered":"El INAI llama al Senado a frenar reforma que pone en riesgo derechos de transparencia y datos personales"},"content":{"rendered":"\n<p class=\"p1 wp-block-paragraph\">M\u00e9xico, Avanzada (21\/11\/2024).- El Pleno del Instituto Nacional de Transparencia, Acceso a la Informaci\u00f3n y Protecci\u00f3n de Datos Personales (INAI) expres\u00f3 su profunda preocupaci\u00f3n por la reciente aprobaci\u00f3n en la C\u00e1mara de Diputados del proyecto de reforma constitucional que extingue este organismo aut\u00f3nomo y transfiere sus funciones al Poder Ejecutivo y otras instancias estatales.<\/p>\n\n\n\n<p class=\"p1 wp-block-paragraph\">En un comunicado, el INAI advirti\u00f3 que esta decisi\u00f3n representa un grave retroceso en la protecci\u00f3n de derechos fundamentales como el acceso a la informaci\u00f3n p\u00fablica y la salvaguarda de datos personales, conquistas sociales alcanzadas tras a\u00f1os de lucha por parte de la ciudadan\u00eda.<\/p>\n\n\n\n<p class=\"p1 wp-block-paragraph\">La reforma, seg\u00fan el Instituto, debilita los controles democr\u00e1ticos al dejar en manos del Ejecutivo la responsabilidad de garantizar la transparencia, lo que lo convierte en juez y parte en esta materia. Asimismo, genera incertidumbre sobre la seguridad de los datos personales de la poblaci\u00f3n.<\/p>\n\n\n\n<p class=\"p1 wp-block-paragraph\">Otro de los puntos cr\u00edticos se\u00f1alados es la desaparici\u00f3n del Sistema Nacional de Transparencia, una herramienta clave para homologar el acceso a la informaci\u00f3n y la protecci\u00f3n de datos en todo el pa\u00eds, indispensable para la rendici\u00f3n de cuentas y el combate a la corrupci\u00f3n.<\/p>\n\n\n\n<p class=\"p1 wp-block-paragraph\">Ante este panorama, el INAI hizo un en\u00e9rgico llamado al Senado para reconsiderar el proyecto y evitar un retroceso en la garant\u00eda de estos derechos humanos. Adem\u00e1s, manifest\u00f3 su disposici\u00f3n a colaborar en el dise\u00f1o de un modelo institucional que preserve la progresividad de estos derechos.<\/p>\n\n\n\n<p class=\"p1 wp-block-paragraph\">\u201cEl acceso a la informaci\u00f3n y la protecci\u00f3n de datos personales son pilares de la vida social y democr\u00e1tica de M\u00e9xico. A\u00fan hay tiempo para evitar un golpe a nuestra democracia\u201d, concluy\u00f3 el organismo.<\/p>\n<div class=\"fb-background-color\">\n\t\t\t  <div \n\t\t\t  \tclass = \"fb-comments\" \n\t\t\t  \tdata-href = \"https:\/\/diarioavanzada.com.mx\/?p=65970\"\n\t\t\t  \tdata-numposts = \"10\"\n\t\t\t  \tdata-lazy = \"true\"\n\t\t\t\tdata-colorscheme = \"light\"\n\t\t\t\tdata-order-by = \"social\"\n\t\t\t\tdata-mobile=true>\n\t\t\t  <\/div><\/div>\n\t\t  <style>\n\t\t    .fb-background-color {\n\t\t\t\tbackground:  !important;\n\t\t\t}\n\t\t\t.fb_iframe_widget_fluid_desktop iframe {\n\t\t\t    width: 100% !important;\n\t\t\t}\n\t\t  <\/style>\n\t\t  ","protected":false},"excerpt":{"rendered":"<p>M\u00e9xico, Avanzada (21\/11\/2024).- El Pleno del Instituto Nacional de Transparencia, Acceso a la Informaci\u00f3n y Protecci\u00f3n de Datos Personales (INAI) expres\u00f3 su profunda preocupaci\u00f3n por la reciente aprobaci\u00f3n en la C\u00e1mara de Diputados del proyecto de reforma constitucional que extingue este organismo aut\u00f3nomo y transfiere sus funciones al Poder Ejecutivo y otras instancias estatales. En [&hellip;]<\/p>\n","protected":false},"author":7,"featured_media":65969,"comment_status":"closed","ping_status":"closed","sticky":false,"template":"","format":"standard","meta":{"_coblocks_attr":"","_coblocks_dimensions":"","_coblocks_responsive_height":"","_coblocks_accordion_ie_support":"","_crdt_document":"","advanced_seo_description":"","jetpack_seo_html_title":"","jetpack_seo_noindex":false,"_jetpack_memberships_contains_paid_content":false,"footnotes":""},"categories":[22],"tags":[],"class_list":["post-65970","post","type-post","status-publish","format-standard","has-post-thumbnail","hentry","category-nacion"],"jetpack_featured_media_url":"https:\/\/diarioavanzada.com.mx\/wp-content\/uploads\/2024\/11\/img_9971-1.jpg","jetpack-related-posts":[],"jetpack_sharing_enabled":true,"amp_enabled":true,"_links":{"self":[{"href":"https:\/\/diarioavanzada.com.mx\/index.php?rest_route=\/wp\/v2\/posts\/65970","targetHints":{"allow":["GET"]}}],"collection":[{"href":"https:\/\/diarioavanzada.com.mx\/index.php?rest_route=\/wp\/v2\/posts"}],"about":[{"href":"https:\/\/diarioavanzada.com.mx\/index.php?rest_route=\/wp\/v2\/types\/post"}],"author":[{"embeddable":true,"href":"https:\/\/diarioavanzada.com.mx\/index.php?rest_route=\/wp\/v2\/users\/7"}],"replies":[{"embeddable":true,"href":"https:\/\/diarioavanzada.com.mx\/index.php?rest_route=%2Fwp%2Fv2%2Fcomments&post=65970"}],"version-history":[{"count":0,"href":"https:\/\/diarioavanzada.com.mx\/index.php?rest_route=\/wp\/v2\/posts\/65970\/revisions"}],"wp:featuredmedia":[{"embeddable":true,"href":"https:\/\/diarioavanzada.com.mx\/index.php?rest_route=\/wp\/v2\/media\/65969"}],"wp:attachment":[{"href":"https:\/\/diarioavanzada.com.mx\/index.php?rest_route=%2Fwp%2Fv2%2Fmedia&parent=65970"}],"wp:term":[{"taxonomy":"category","embeddable":true,"href":"https:\/\/diarioavanzada.com.mx\/index.php?rest_route=%2Fwp%2Fv2%2Fcategories&post=65970"},{"taxonomy":"post_tag","embeddable":true,"href":"https:\/\/diarioavanzada.com.mx\/index.php?rest_route=%2Fwp%2Fv2%2Ftags&post=65970"}],"curies":[{"name":"wp","href":"https:\/\/api.w.org\/{rel}","templated":true}]}}