{"id":65944,"date":"2024-11-21T17:19:22","date_gmt":"2024-11-21T23:19:22","guid":{"rendered":"https:\/\/diarioavanzada.com.mx\/?p=65944"},"modified":"2024-11-21T17:19:22","modified_gmt":"2024-11-21T23:19:22","slug":"solicitan-consulta-popular-para-emancipar-a-nuevo-leon-del-pacto-federal","status":"publish","type":"post","link":"https:\/\/diarioavanzada.com.mx\/?p=65944","title":{"rendered":"Solicitan consulta popular para emancipar a Nuevo Le\u00f3n del pacto federal"},"content":{"rendered":"\n<p class=\"p1 wp-block-paragraph\">Nuevo Le\u00f3n, M\u00e9xico, Avanzada (21\/11\/2024).- Gilberto de Jes\u00fas Lozano Gonz\u00e1lez, ciudadano de Nuevo Le\u00f3n, present\u00f3 formalmente un aviso de intenci\u00f3n para realizar una consulta popular sobre la autonom\u00eda pol\u00edtica del estado en el contexto del pacto federal mexicano. Este documento fue entregado al Congreso del Estado, al Instituto Estatal Electoral y de Participaci\u00f3n Ciudadana de Nuevo Le\u00f3n (IEEPCNL) y al Gobierno estatal.<\/p>\n\n\n\n<p class=\"p1 wp-block-paragraph\">En su solicitud, basada en los art\u00edculos 8, 35 y 39 de la Constituci\u00f3n de los Estados Unidos Mexicanos, as\u00ed como en la Ley de Participaci\u00f3n Ciudadana de Nuevo Le\u00f3n, Lozano propone la realizaci\u00f3n de una consulta popular con la siguiente pregunta:<\/p>\n\n\n\n<p class=\"p1 wp-block-paragraph\">\u201cDada la situaci\u00f3n de M\u00e9xico y los cambios radicales al Pacto Federal firmado por Nuevo Le\u00f3n, \u00bfconsidera usted que es necesario revisar la relaci\u00f3n pol\u00edtica y administrativa del estado con la Federaci\u00f3n?\u201d<\/p>\n\n\n\n<p class=\"p1 wp-block-paragraph\">El peticionario argumenta que el tema es de \u201csuma relevancia y trascendencia\u201d para los habitantes del estado, ya que pone en discusi\u00f3n la autonom\u00eda y la relaci\u00f3n de Nuevo Le\u00f3n dentro del marco federal.<\/p>\n\n\n\n<p class=\"p1 wp-block-paragraph\">El oficio fue sellado con fecha del 20 de noviembre de 2024, y Lozano estableci\u00f3 como domicilio para notificaciones una direcci\u00f3n en la Colonia Campestre Mederos, en Monterrey.<\/p>\n\n\n\n<p class=\"p1 wp-block-paragraph\">La propuesta abre la puerta a un debate p\u00fablico sobre el papel de Nuevo Le\u00f3n en el pacto federal, en un contexto de creciente cuestionamiento sobre la relaci\u00f3n entre las entidades federativas y el Gobierno central. Corresponder\u00e1 al IEEPCNL determinar la viabilidad de la consulta, que podr\u00eda marcar un precedente hist\u00f3rico en la pol\u00edtica local y nacional.<\/p>\n\n\n\n<figure class=\"wp-block-image size-large\"><img loading=\"lazy\" decoding=\"async\" width=\"691\" height=\"1024\" src=\"https:\/\/diarioavanzada.com.mx\/wp-content\/uploads\/2024\/11\/798f05f0-a5f4-4443-bfb0-715dbf309bfa-1-691x1024.jpg\" class=\"wp-image-65943\" srcset=\"https:\/\/diarioavanzada.com.mx\/wp-content\/uploads\/2024\/11\/798f05f0-a5f4-4443-bfb0-715dbf309bfa-1-691x1024.jpg 691w, https:\/\/diarioavanzada.com.mx\/wp-content\/uploads\/2024\/11\/798f05f0-a5f4-4443-bfb0-715dbf309bfa-1-202x300.jpg 202w, https:\/\/diarioavanzada.com.mx\/wp-content\/uploads\/2024\/11\/798f05f0-a5f4-4443-bfb0-715dbf309bfa-1-768x1138.jpg 768w, https:\/\/diarioavanzada.com.mx\/wp-content\/uploads\/2024\/11\/798f05f0-a5f4-4443-bfb0-715dbf309bfa-1.jpg 853w\" sizes=\"auto, (max-width: 691px) 100vw, 691px\" \/><\/figure>\n<div class=\"fb-background-color\">\n\t\t\t  <div \n\t\t\t  \tclass = \"fb-comments\" \n\t\t\t  \tdata-href = \"https:\/\/diarioavanzada.com.mx\/?p=65944\"\n\t\t\t  \tdata-numposts = \"10\"\n\t\t\t  \tdata-lazy = \"true\"\n\t\t\t\tdata-colorscheme = \"light\"\n\t\t\t\tdata-order-by = \"social\"\n\t\t\t\tdata-mobile=true>\n\t\t\t  <\/div><\/div>\n\t\t  <style>\n\t\t    .fb-background-color {\n\t\t\t\tbackground:  !important;\n\t\t\t}\n\t\t\t.fb_iframe_widget_fluid_desktop iframe {\n\t\t\t    width: 100% !important;\n\t\t\t}\n\t\t  <\/style>\n\t\t  ","protected":false},"excerpt":{"rendered":"<p>Nuevo Le\u00f3n, M\u00e9xico, Avanzada (21\/11\/2024).- Gilberto de Jes\u00fas Lozano Gonz\u00e1lez, ciudadano de Nuevo Le\u00f3n, present\u00f3 formalmente un aviso de intenci\u00f3n para realizar una consulta popular sobre la autonom\u00eda pol\u00edtica del estado en el contexto del pacto federal mexicano. Este documento fue entregado al Congreso del Estado, al Instituto Estatal Electoral y de Participaci\u00f3n Ciudadana de [&hellip;]<\/p>\n","protected":false},"author":7,"featured_media":65942,"comment_status":"closed","ping_status":"closed","sticky":false,"template":"","format":"standard","meta":{"_coblocks_attr":"","_coblocks_dimensions":"","_coblocks_responsive_height":"","_coblocks_accordion_ie_support":"","_crdt_document":"","advanced_seo_description":"","jetpack_seo_html_title":"","jetpack_seo_noindex":false,"_jetpack_memberships_contains_paid_content":false,"footnotes":""},"categories":[22],"tags":[],"class_list":["post-65944","post","type-post","status-publish","format-standard","has-post-thumbnail","hentry","category-nacion"],"jetpack_featured_media_url":"https:\/\/diarioavanzada.com.mx\/wp-content\/uploads\/2024\/11\/img_9964-1.jpg","jetpack-related-posts":[],"jetpack_sharing_enabled":true,"amp_enabled":true,"_links":{"self":[{"href":"https:\/\/diarioavanzada.com.mx\/index.php?rest_route=\/wp\/v2\/posts\/65944","targetHints":{"allow":["GET"]}}],"collection":[{"href":"https:\/\/diarioavanzada.com.mx\/index.php?rest_route=\/wp\/v2\/posts"}],"about":[{"href":"https:\/\/diarioavanzada.com.mx\/index.php?rest_route=\/wp\/v2\/types\/post"}],"author":[{"embeddable":true,"href":"https:\/\/diarioavanzada.com.mx\/index.php?rest_route=\/wp\/v2\/users\/7"}],"replies":[{"embeddable":true,"href":"https:\/\/diarioavanzada.com.mx\/index.php?rest_route=%2Fwp%2Fv2%2Fcomments&post=65944"}],"version-history":[{"count":0,"href":"https:\/\/diarioavanzada.com.mx\/index.php?rest_route=\/wp\/v2\/posts\/65944\/revisions"}],"wp:featuredmedia":[{"embeddable":true,"href":"https:\/\/diarioavanzada.com.mx\/index.php?rest_route=\/wp\/v2\/media\/65942"}],"wp:attachment":[{"href":"https:\/\/diarioavanzada.com.mx\/index.php?rest_route=%2Fwp%2Fv2%2Fmedia&parent=65944"}],"wp:term":[{"taxonomy":"category","embeddable":true,"href":"https:\/\/diarioavanzada.com.mx\/index.php?rest_route=%2Fwp%2Fv2%2Fcategories&post=65944"},{"taxonomy":"post_tag","embeddable":true,"href":"https:\/\/diarioavanzada.com.mx\/index.php?rest_route=%2Fwp%2Fv2%2Ftags&post=65944"}],"curies":[{"name":"wp","href":"https:\/\/api.w.org\/{rel}","templated":true}]}}