{"id":65896,"date":"2024-11-21T10:34:41","date_gmt":"2024-11-21T16:34:41","guid":{"rendered":"https:\/\/diarioavanzada.com.mx\/?p=65896"},"modified":"2024-11-21T10:34:41","modified_gmt":"2024-11-21T16:34:41","slug":"el-mundo-entero-ve-a-mexico-con-admiracion-claudia-sheinbaum","status":"publish","type":"post","link":"https:\/\/diarioavanzada.com.mx\/?p=65896","title":{"rendered":"El mundo entero ve a M\u00e9xico con admiraci\u00f3n: Claudia Sheinbaum"},"content":{"rendered":"\n<p class=\"wp-block-paragraph\">M\u00e9xico, Avanzada (21\/11\/2024).- En el marco del Desfile conmemorativo por el 114 aniversario de la Revoluci\u00f3n Mexicana, la presidenta de M\u00e9xico, Claudia Sheinbaum Pardo, afirm\u00f3 que el pa\u00eds vive una transformaci\u00f3n profunda que lo posiciona como un referente admirado a nivel mundial. Durante su discurso, Sheinbaum destac\u00f3 la resiliencia, solidaridad y fraternidad del pueblo mexicano, incluyendo a quienes viven y trabajan en el extranjero, a quienes calific\u00f3 como \u201ch\u00e9roes y hero\u00ednas de la patria\u201d.<\/p>\n\n\n\n<p class=\"p1 wp-block-paragraph\">\u201cLa mexicanas y mexicanos en Estados Unidos son trabajadores incansables que no solo apoyan a sus familias y a la econom\u00eda de M\u00e9xico, sino tambi\u00e9n contribuyen al crecimiento de nuestro pa\u00eds vecino\u201d, subray\u00f3.<\/p>\n\n\n\n<p class=\"p1 wp-block-paragraph\">Sheinbaum tambi\u00e9n vincul\u00f3 los ideales de la Revoluci\u00f3n Mexicana con los avances de la Cuarta Transformaci\u00f3n, proceso hist\u00f3rico iniciado en 2018 bajo el liderazgo del expresidente Andr\u00e9s Manuel L\u00f3pez Obrador. En esta nueva etapa, que llam\u00f3 el \u201cSegundo Piso de la Transformaci\u00f3n\u201d, enfatiz\u00f3 los logros alcanzados, como la ampliaci\u00f3n de los programas sociales, la creaci\u00f3n de empleos mejor pagados, el fortalecimiento de la infraestructura nacional y la recuperaci\u00f3n del car\u00e1cter p\u00fablico de Pemex y la CFE.<\/p>\n\n\n\n<p class=\"p1 wp-block-paragraph\">Asimismo, destac\u00f3 reformas recientes como la elecci\u00f3n popular de jueces y magistrados, el reconocimiento pleno de los derechos de las comunidades ind\u00edgenas y el avance hacia la igualdad de g\u00e9nero en la Constituci\u00f3n. \u201cEstamos recuperando el sentido social de la Constituci\u00f3n de 1917 y construyendo un pa\u00eds libre, soberano, generoso y democr\u00e1tico\u201d, afirm\u00f3.<\/p>\n\n\n\n<p class=\"p1 wp-block-paragraph\">El desfile, que tuvo lugar en la Ciudad de M\u00e9xico, incluy\u00f3 la participaci\u00f3n de 2,576 integrantes de las Fuerzas Armadas y la Guardia Nacional, junto con representantes de comunidades ind\u00edgenas, charros, ni\u00f1os, veh\u00edculos militares, caballos y una locomotora. Como Comandanta Suprema de las Fuerzas Armadas, Sheinbaum elogi\u00f3 su compromiso hist\u00f3rico con el pueblo, calific\u00e1ndolas como \u201cpueblo uniformado\u201d que defiende los ideales de justicia y democracia.<\/p>\n\n\n\n<p class=\"p1 wp-block-paragraph\">El secretario de la Defensa Nacional, general Ricardo Trevilla Trejo, refrend\u00f3 el compromiso de las Fuerzas Armadas con los ideales de la Revoluci\u00f3n Mexicana y los principios de la Cuarta Transformaci\u00f3n, enfatizando su misi\u00f3n de servir al pueblo con honestidad y cercan\u00eda.<\/p>\n\n\n\n<p class=\"p1 wp-block-paragraph\">El evento cont\u00f3 con la presencia de miembros del gabinete legal y ampliado, representantes del Congreso, funcionarios de diversas dependencias federales, y agregados militares de otras naciones. Con un llamado al trabajo colectivo y al compromiso con el desarrollo social, Sheinbaum cerr\u00f3 su intervenci\u00f3n con un en\u00e9rgico: \u201c\u00a1Que viva M\u00e9xico! \u00a1Que viva el pueblo trabajador y valeroso!\u201d.<\/p>\n<div class=\"fb-background-color\">\n\t\t\t  <div \n\t\t\t  \tclass = \"fb-comments\" \n\t\t\t  \tdata-href = \"https:\/\/diarioavanzada.com.mx\/?p=65896\"\n\t\t\t  \tdata-numposts = \"10\"\n\t\t\t  \tdata-lazy = \"true\"\n\t\t\t\tdata-colorscheme = \"light\"\n\t\t\t\tdata-order-by = \"social\"\n\t\t\t\tdata-mobile=true>\n\t\t\t  <\/div><\/div>\n\t\t  <style>\n\t\t    .fb-background-color {\n\t\t\t\tbackground:  !important;\n\t\t\t}\n\t\t\t.fb_iframe_widget_fluid_desktop iframe {\n\t\t\t    width: 100% !important;\n\t\t\t}\n\t\t  <\/style>\n\t\t  ","protected":false},"excerpt":{"rendered":"<p>M\u00e9xico, Avanzada (21\/11\/2024).- En el marco del Desfile conmemorativo por el 114 aniversario de la Revoluci\u00f3n Mexicana, la presidenta de M\u00e9xico, Claudia Sheinbaum Pardo, afirm\u00f3 que el pa\u00eds vive una transformaci\u00f3n profunda que lo posiciona como un referente admirado a nivel mundial. Durante su discurso, Sheinbaum destac\u00f3 la resiliencia, solidaridad y fraternidad del pueblo mexicano, [&hellip;]<\/p>\n","protected":false},"author":7,"featured_media":65895,"comment_status":"closed","ping_status":"closed","sticky":false,"template":"","format":"standard","meta":{"_coblocks_attr":"","_coblocks_dimensions":"","_coblocks_responsive_height":"","_coblocks_accordion_ie_support":"","_crdt_document":"","advanced_seo_description":"","jetpack_seo_html_title":"","jetpack_seo_noindex":false,"_jetpack_memberships_contains_paid_content":false,"footnotes":""},"categories":[22],"tags":[],"class_list":["post-65896","post","type-post","status-publish","format-standard","has-post-thumbnail","hentry","category-nacion"],"jetpack_featured_media_url":"https:\/\/diarioavanzada.com.mx\/wp-content\/uploads\/2024\/11\/img_3733-1.jpg","jetpack-related-posts":[],"jetpack_sharing_enabled":true,"amp_enabled":true,"_links":{"self":[{"href":"https:\/\/diarioavanzada.com.mx\/index.php?rest_route=\/wp\/v2\/posts\/65896","targetHints":{"allow":["GET"]}}],"collection":[{"href":"https:\/\/diarioavanzada.com.mx\/index.php?rest_route=\/wp\/v2\/posts"}],"about":[{"href":"https:\/\/diarioavanzada.com.mx\/index.php?rest_route=\/wp\/v2\/types\/post"}],"author":[{"embeddable":true,"href":"https:\/\/diarioavanzada.com.mx\/index.php?rest_route=\/wp\/v2\/users\/7"}],"replies":[{"embeddable":true,"href":"https:\/\/diarioavanzada.com.mx\/index.php?rest_route=%2Fwp%2Fv2%2Fcomments&post=65896"}],"version-history":[{"count":0,"href":"https:\/\/diarioavanzada.com.mx\/index.php?rest_route=\/wp\/v2\/posts\/65896\/revisions"}],"wp:featuredmedia":[{"embeddable":true,"href":"https:\/\/diarioavanzada.com.mx\/index.php?rest_route=\/wp\/v2\/media\/65895"}],"wp:attachment":[{"href":"https:\/\/diarioavanzada.com.mx\/index.php?rest_route=%2Fwp%2Fv2%2Fmedia&parent=65896"}],"wp:term":[{"taxonomy":"category","embeddable":true,"href":"https:\/\/diarioavanzada.com.mx\/index.php?rest_route=%2Fwp%2Fv2%2Fcategories&post=65896"},{"taxonomy":"post_tag","embeddable":true,"href":"https:\/\/diarioavanzada.com.mx\/index.php?rest_route=%2Fwp%2Fv2%2Ftags&post=65896"}],"curies":[{"name":"wp","href":"https:\/\/api.w.org\/{rel}","templated":true}]}}