{"id":65759,"date":"2024-11-20T02:17:24","date_gmt":"2024-11-20T08:17:24","guid":{"rendered":"https:\/\/diarioavanzada.com.mx\/?p=65759"},"modified":"2024-11-20T02:17:24","modified_gmt":"2024-11-20T08:17:24","slug":"detienen-a-presuntos-asesinos-del-dueno-del-yonke-el-mono","status":"publish","type":"post","link":"https:\/\/diarioavanzada.com.mx\/?p=65759","title":{"rendered":"Detienen a presuntos asesinos del due\u00f1o del \u201cYonke El Mono\u201d"},"content":{"rendered":"\n<p class=\"p1 wp-block-paragraph\">Colima, M\u00e9xico, Avanzada (20\/11\/2024).- La Fiscal\u00eda General del Estado (FGE) inform\u00f3 sobre la captura de Jes\u00fas Javier \u201cN\u201d y Carlos Daniel \u201cN\u201d, se\u00f1alados como los presuntos responsables del homicidio de Daniel \u201cN\u201d, propietario del negocio de autopartes \u201cYonke El Mono\u201d, ubicado en la colonia La Virgencita, en el municipio de Colima.<\/p>\n\n\n\n<p class=\"p1 wp-block-paragraph\">El crimen ocurri\u00f3 el pasado 12 de noviembre, cuando los acusados habr\u00edan ingresado al establecimiento, cometido el homicidio y robado pertenencias de la v\u00edctima, adem\u00e1s de una camioneta que se encontraba en el lugar.<\/p>\n\n\n\n<p class=\"p1 wp-block-paragraph\">Tras el hallazgo del cuerpo por parte de las autoridades de emergencia, la Fiscal\u00eda inici\u00f3 las investigaciones mediante la recopilaci\u00f3n de indicios y testimonios, lo que permiti\u00f3 identificar a los presuntos responsables.<\/p>\n\n\n\n<p class=\"p1 wp-block-paragraph\">Finalmente, el \u00f3rgano jurisdiccional emiti\u00f3 \u00f3rdenes de aprehensi\u00f3n contra los imputados, quienes fueron detenidos por los delitos de homicidio calificado, robo calificado y robo de veh\u00edculo. La FGE reitera su compromiso de garantizar la justicia en casos de alto impacto.<\/p>\n<div class=\"fb-background-color\">\n\t\t\t  <div \n\t\t\t  \tclass = \"fb-comments\" \n\t\t\t  \tdata-href = \"https:\/\/diarioavanzada.com.mx\/?p=65759\"\n\t\t\t  \tdata-numposts = \"10\"\n\t\t\t  \tdata-lazy = \"true\"\n\t\t\t\tdata-colorscheme = \"light\"\n\t\t\t\tdata-order-by = \"social\"\n\t\t\t\tdata-mobile=true>\n\t\t\t  <\/div><\/div>\n\t\t  <style>\n\t\t    .fb-background-color {\n\t\t\t\tbackground:  !important;\n\t\t\t}\n\t\t\t.fb_iframe_widget_fluid_desktop iframe {\n\t\t\t    width: 100% !important;\n\t\t\t}\n\t\t  <\/style>\n\t\t  ","protected":false},"excerpt":{"rendered":"<p>Colima, M\u00e9xico, Avanzada (20\/11\/2024).- La Fiscal\u00eda General del Estado (FGE) inform\u00f3 sobre la captura de Jes\u00fas Javier \u201cN\u201d y Carlos Daniel \u201cN\u201d, se\u00f1alados como los presuntos responsables del homicidio de Daniel \u201cN\u201d, propietario del negocio de autopartes \u201cYonke El Mono\u201d, ubicado en la colonia La Virgencita, en el municipio de Colima. El crimen ocurri\u00f3 el [&hellip;]<\/p>\n","protected":false},"author":7,"featured_media":65758,"comment_status":"closed","ping_status":"closed","sticky":false,"template":"","format":"standard","meta":{"_coblocks_attr":"","_coblocks_dimensions":"","_coblocks_responsive_height":"","_coblocks_accordion_ie_support":"","_crdt_document":"","advanced_seo_description":"","jetpack_seo_html_title":"","jetpack_seo_noindex":false,"_jetpack_memberships_contains_paid_content":false,"footnotes":""},"categories":[19,209,231],"tags":[],"class_list":["post-65759","post","type-post","status-publish","format-standard","has-post-thumbnail","hentry","category-colima","category-importantes","category-seguridad"],"jetpack_featured_media_url":"https:\/\/diarioavanzada.com.mx\/wp-content\/uploads\/2024\/11\/img_9797-1.jpg","jetpack-related-posts":[],"jetpack_sharing_enabled":true,"amp_enabled":true,"_links":{"self":[{"href":"https:\/\/diarioavanzada.com.mx\/index.php?rest_route=\/wp\/v2\/posts\/65759","targetHints":{"allow":["GET"]}}],"collection":[{"href":"https:\/\/diarioavanzada.com.mx\/index.php?rest_route=\/wp\/v2\/posts"}],"about":[{"href":"https:\/\/diarioavanzada.com.mx\/index.php?rest_route=\/wp\/v2\/types\/post"}],"author":[{"embeddable":true,"href":"https:\/\/diarioavanzada.com.mx\/index.php?rest_route=\/wp\/v2\/users\/7"}],"replies":[{"embeddable":true,"href":"https:\/\/diarioavanzada.com.mx\/index.php?rest_route=%2Fwp%2Fv2%2Fcomments&post=65759"}],"version-history":[{"count":0,"href":"https:\/\/diarioavanzada.com.mx\/index.php?rest_route=\/wp\/v2\/posts\/65759\/revisions"}],"wp:featuredmedia":[{"embeddable":true,"href":"https:\/\/diarioavanzada.com.mx\/index.php?rest_route=\/wp\/v2\/media\/65758"}],"wp:attachment":[{"href":"https:\/\/diarioavanzada.com.mx\/index.php?rest_route=%2Fwp%2Fv2%2Fmedia&parent=65759"}],"wp:term":[{"taxonomy":"category","embeddable":true,"href":"https:\/\/diarioavanzada.com.mx\/index.php?rest_route=%2Fwp%2Fv2%2Fcategories&post=65759"},{"taxonomy":"post_tag","embeddable":true,"href":"https:\/\/diarioavanzada.com.mx\/index.php?rest_route=%2Fwp%2Fv2%2Ftags&post=65759"}],"curies":[{"name":"wp","href":"https:\/\/api.w.org\/{rel}","templated":true}]}}