{"id":65751,"date":"2024-11-19T19:39:50","date_gmt":"2024-11-20T01:39:50","guid":{"rendered":"https:\/\/diarioavanzada.com.mx\/?p=65751"},"modified":"2024-11-19T19:40:43","modified_gmt":"2024-11-20T01:40:43","slug":"se-busca-maleny-tiene-32-anos-y-desaparecio-en-manzanillo","status":"publish","type":"post","link":"https:\/\/diarioavanzada.com.mx\/?p=65751","title":{"rendered":"Se busca: Maleny tiene 32 a\u00f1os y desapareci\u00f3 en Manzanillo"},"content":{"rendered":"\n<p class=\"p1 wp-block-paragraph\">La Fiscal\u00eda General del Estado de Colima emiti\u00f3 una Alerta Alba para localizar a Maleny Livier Gonz\u00e1lez S\u00e1nchez, de 32 a\u00f1os, quien fue vista por \u00faltima vez en mayo de 2024 en un domicilio ubicado en el fraccionamiento Guacamayas II, en Salahua, Manzanillo.<\/p>\n\n\n\n<p class=\"p1 wp-block-paragraph\">Maleny Livier mide 1.72 metros de estatura, tiene tez blanca, complexi\u00f3n robusta, cabello negro y ondulado, frente mediana, cejas delineadas, ojos medianos de color caf\u00e9 oscuro, nariz recta y afilada, as\u00ed como boca chica con labios gruesos.<\/p>\n\n\n\n<p class=\"p1 wp-block-paragraph\">Las autoridades solicitan a la poblaci\u00f3n cualquier informaci\u00f3n que pueda ayudar a dar con su paradero. Se puede reportar de manera an\u00f3nima al tel\u00e9fono 312 316 4580 y las l\u00edneas consecutivas hasta el 312 316 4589.<\/p>\n\n\n\n<p class=\"p1 wp-block-paragraph\">La Alerta Alba se emite como un mecanismo para localizar a mujeres desaparecidas en situaciones de riesgo. La cooperaci\u00f3n ciudadana es crucial para la pronta localizaci\u00f3n de Maleny Livier.<\/p>\n\n\n\n<p class=\"wp-block-paragraph\"><\/p>\n\n\n\n<figure class=\"wp-block-image size-large\"><img loading=\"lazy\" decoding=\"async\" width=\"768\" height=\"1024\" src=\"https:\/\/diarioavanzada.com.mx\/wp-content\/uploads\/2024\/11\/img_9783-1-768x1024.jpg\" class=\"wp-image-65749\" srcset=\"https:\/\/diarioavanzada.com.mx\/wp-content\/uploads\/2024\/11\/img_9783-1-768x1024.jpg 768w, https:\/\/diarioavanzada.com.mx\/wp-content\/uploads\/2024\/11\/img_9783-1-225x300.jpg 225w, https:\/\/diarioavanzada.com.mx\/wp-content\/uploads\/2024\/11\/img_9783-1.jpg 960w\" sizes=\"auto, (max-width: 768px) 100vw, 768px\" \/><\/figure>\n<div class=\"fb-background-color\">\n\t\t\t  <div \n\t\t\t  \tclass = \"fb-comments\" \n\t\t\t  \tdata-href = \"https:\/\/diarioavanzada.com.mx\/?p=65751\"\n\t\t\t  \tdata-numposts = \"10\"\n\t\t\t  \tdata-lazy = \"true\"\n\t\t\t\tdata-colorscheme = \"light\"\n\t\t\t\tdata-order-by = \"social\"\n\t\t\t\tdata-mobile=true>\n\t\t\t  <\/div><\/div>\n\t\t  <style>\n\t\t    .fb-background-color {\n\t\t\t\tbackground:  !important;\n\t\t\t}\n\t\t\t.fb_iframe_widget_fluid_desktop iframe {\n\t\t\t    width: 100% !important;\n\t\t\t}\n\t\t  <\/style>\n\t\t  ","protected":false},"excerpt":{"rendered":"<p>La Fiscal\u00eda General del Estado de Colima emiti\u00f3 una Alerta Alba para localizar a Maleny Livier Gonz\u00e1lez S\u00e1nchez, de 32 a\u00f1os, quien fue vista por \u00faltima vez en mayo de 2024 en un domicilio ubicado en el fraccionamiento Guacamayas II, en Salahua, Manzanillo. Maleny Livier mide 1.72 metros de estatura, tiene tez blanca, complexi\u00f3n robusta, [&hellip;]<\/p>\n","protected":false},"author":7,"featured_media":65752,"comment_status":"closed","ping_status":"closed","sticky":false,"template":"","format":"standard","meta":{"_coblocks_attr":"","_coblocks_dimensions":"","_coblocks_responsive_height":"","_coblocks_accordion_ie_support":"","_crdt_document":"","advanced_seo_description":"","jetpack_seo_html_title":"","jetpack_seo_noindex":false,"_jetpack_memberships_contains_paid_content":false,"footnotes":""},"categories":[19,209,231],"tags":[],"class_list":["post-65751","post","type-post","status-publish","format-standard","has-post-thumbnail","hentry","category-colima","category-importantes","category-seguridad"],"jetpack_featured_media_url":"https:\/\/diarioavanzada.com.mx\/wp-content\/uploads\/2024\/11\/img_9784-1.jpg","jetpack-related-posts":[],"jetpack_sharing_enabled":true,"amp_enabled":true,"_links":{"self":[{"href":"https:\/\/diarioavanzada.com.mx\/index.php?rest_route=\/wp\/v2\/posts\/65751","targetHints":{"allow":["GET"]}}],"collection":[{"href":"https:\/\/diarioavanzada.com.mx\/index.php?rest_route=\/wp\/v2\/posts"}],"about":[{"href":"https:\/\/diarioavanzada.com.mx\/index.php?rest_route=\/wp\/v2\/types\/post"}],"author":[{"embeddable":true,"href":"https:\/\/diarioavanzada.com.mx\/index.php?rest_route=\/wp\/v2\/users\/7"}],"replies":[{"embeddable":true,"href":"https:\/\/diarioavanzada.com.mx\/index.php?rest_route=%2Fwp%2Fv2%2Fcomments&post=65751"}],"version-history":[{"count":1,"href":"https:\/\/diarioavanzada.com.mx\/index.php?rest_route=\/wp\/v2\/posts\/65751\/revisions"}],"predecessor-version":[{"id":65753,"href":"https:\/\/diarioavanzada.com.mx\/index.php?rest_route=\/wp\/v2\/posts\/65751\/revisions\/65753"}],"wp:featuredmedia":[{"embeddable":true,"href":"https:\/\/diarioavanzada.com.mx\/index.php?rest_route=\/wp\/v2\/media\/65752"}],"wp:attachment":[{"href":"https:\/\/diarioavanzada.com.mx\/index.php?rest_route=%2Fwp%2Fv2%2Fmedia&parent=65751"}],"wp:term":[{"taxonomy":"category","embeddable":true,"href":"https:\/\/diarioavanzada.com.mx\/index.php?rest_route=%2Fwp%2Fv2%2Fcategories&post=65751"},{"taxonomy":"post_tag","embeddable":true,"href":"https:\/\/diarioavanzada.com.mx\/index.php?rest_route=%2Fwp%2Fv2%2Ftags&post=65751"}],"curies":[{"name":"wp","href":"https:\/\/api.w.org\/{rel}","templated":true}]}}