{"id":65558,"date":"2024-11-17T17:12:41","date_gmt":"2024-11-17T23:12:41","guid":{"rendered":"https:\/\/diarioavanzada.com.mx\/?p=65558"},"modified":"2024-11-17T17:13:25","modified_gmt":"2024-11-17T23:13:25","slug":"se-busca-pedro-tiene-14-anos-y-desaparecio-en-villa-de-alvarez","status":"publish","type":"post","link":"https:\/\/diarioavanzada.com.mx\/?p=65558","title":{"rendered":"Se busca: Pedro tiene 14 a\u00f1os y desapareci\u00f3 en Villa de \u00c1lvarez"},"content":{"rendered":"\n<p class=\"wp-block-paragraph\">Colima, M\u00e9xico, Avanzada (17\/11\/2024).- La Comisi\u00f3n de B\u00fasqueda de Personas del Estado de Colima emiti\u00f3 un reporte para localizar a Pedro Jon\u00e1s Gayt\u00e1n Sebasti\u00e1n, un adolescente de 14 a\u00f1os, desaparecido desde el pasado 24 de octubre en Villa de \u00c1lvarez.<\/p>\n\n\n\n<p class=\"wp-block-paragraph\">Seg\u00fan la informaci\u00f3n oficial, Pedro Jon\u00e1s mide aproximadamente 1.70 metros, tiene una cara alargada, nariz chata, cabello largo, lacio y oscuro, ojos grandes de color caf\u00e9 oscuro y tez morena. Como se\u00f1a particular, presenta acn\u00e9 en las mejillas.<\/p>\n\n\n\n<p class=\"wp-block-paragraph\">El d\u00eda de su desaparici\u00f3n vest\u00eda una camisa de manga larga blanca con otra negra encima, pantal\u00f3n de mezclilla y tenis de bota blanco con negro.<\/p>\n\n\n\n<p class=\"wp-block-paragraph\">El caso fue reportado a la Comisi\u00f3n hasta el 16 de noviembre, casi un mes despu\u00e9s de su ausencia. Las autoridades solicitan la colaboraci\u00f3n de la ciudadan\u00eda para brindar cualquier informaci\u00f3n que ayude a localizarlo.<\/p>\n\n\n\n<p class=\"wp-block-paragraph\">Si tienes datos sobre su paradero, comun\u00edcate al n\u00famero 312 131 3809.<\/p>\n\n\n\n<figure class=\"wp-block-image size-large\"><img loading=\"lazy\" decoding=\"async\" width=\"940\" height=\"788\" src=\"https:\/\/diarioavanzada.com.mx\/wp-content\/uploads\/2024\/11\/img_9551-1.jpg\" class=\"wp-image-65557\" srcset=\"https:\/\/diarioavanzada.com.mx\/wp-content\/uploads\/2024\/11\/img_9551-1.jpg 940w, https:\/\/diarioavanzada.com.mx\/wp-content\/uploads\/2024\/11\/img_9551-1-300x251.jpg 300w, https:\/\/diarioavanzada.com.mx\/wp-content\/uploads\/2024\/11\/img_9551-1-768x644.jpg 768w\" sizes=\"auto, (max-width: 940px) 100vw, 940px\" \/><\/figure>\n<div class=\"fb-background-color\">\n\t\t\t  <div \n\t\t\t  \tclass = \"fb-comments\" \n\t\t\t  \tdata-href = \"https:\/\/diarioavanzada.com.mx\/?p=65558\"\n\t\t\t  \tdata-numposts = \"10\"\n\t\t\t  \tdata-lazy = \"true\"\n\t\t\t\tdata-colorscheme = \"light\"\n\t\t\t\tdata-order-by = \"social\"\n\t\t\t\tdata-mobile=true>\n\t\t\t  <\/div><\/div>\n\t\t  <style>\n\t\t    .fb-background-color {\n\t\t\t\tbackground:  !important;\n\t\t\t}\n\t\t\t.fb_iframe_widget_fluid_desktop iframe {\n\t\t\t    width: 100% !important;\n\t\t\t}\n\t\t  <\/style>\n\t\t  ","protected":false},"excerpt":{"rendered":"<p>Colima, M\u00e9xico, Avanzada (17\/11\/2024).- La Comisi\u00f3n de B\u00fasqueda de Personas del Estado de Colima emiti\u00f3 un reporte para localizar a Pedro Jon\u00e1s Gayt\u00e1n Sebasti\u00e1n, un adolescente de 14 a\u00f1os, desaparecido desde el pasado 24 de octubre en Villa de \u00c1lvarez. Seg\u00fan la informaci\u00f3n oficial, Pedro Jon\u00e1s mide aproximadamente 1.70 metros, tiene una cara alargada, nariz [&hellip;]<\/p>\n","protected":false},"author":7,"featured_media":65559,"comment_status":"closed","ping_status":"closed","sticky":false,"template":"","format":"standard","meta":{"_coblocks_attr":"","_coblocks_dimensions":"","_coblocks_responsive_height":"","_coblocks_accordion_ie_support":"","_crdt_document":"","advanced_seo_description":"","jetpack_seo_html_title":"","jetpack_seo_noindex":false,"_jetpack_memberships_contains_paid_content":false,"footnotes":""},"categories":[19,209,231],"tags":[],"class_list":["post-65558","post","type-post","status-publish","format-standard","has-post-thumbnail","hentry","category-colima","category-importantes","category-seguridad"],"jetpack_featured_media_url":"https:\/\/diarioavanzada.com.mx\/wp-content\/uploads\/2024\/11\/img_9553-1.jpg","jetpack-related-posts":[],"jetpack_sharing_enabled":true,"amp_enabled":true,"_links":{"self":[{"href":"https:\/\/diarioavanzada.com.mx\/index.php?rest_route=\/wp\/v2\/posts\/65558","targetHints":{"allow":["GET"]}}],"collection":[{"href":"https:\/\/diarioavanzada.com.mx\/index.php?rest_route=\/wp\/v2\/posts"}],"about":[{"href":"https:\/\/diarioavanzada.com.mx\/index.php?rest_route=\/wp\/v2\/types\/post"}],"author":[{"embeddable":true,"href":"https:\/\/diarioavanzada.com.mx\/index.php?rest_route=\/wp\/v2\/users\/7"}],"replies":[{"embeddable":true,"href":"https:\/\/diarioavanzada.com.mx\/index.php?rest_route=%2Fwp%2Fv2%2Fcomments&post=65558"}],"version-history":[{"count":1,"href":"https:\/\/diarioavanzada.com.mx\/index.php?rest_route=\/wp\/v2\/posts\/65558\/revisions"}],"predecessor-version":[{"id":65560,"href":"https:\/\/diarioavanzada.com.mx\/index.php?rest_route=\/wp\/v2\/posts\/65558\/revisions\/65560"}],"wp:featuredmedia":[{"embeddable":true,"href":"https:\/\/diarioavanzada.com.mx\/index.php?rest_route=\/wp\/v2\/media\/65559"}],"wp:attachment":[{"href":"https:\/\/diarioavanzada.com.mx\/index.php?rest_route=%2Fwp%2Fv2%2Fmedia&parent=65558"}],"wp:term":[{"taxonomy":"category","embeddable":true,"href":"https:\/\/diarioavanzada.com.mx\/index.php?rest_route=%2Fwp%2Fv2%2Fcategories&post=65558"},{"taxonomy":"post_tag","embeddable":true,"href":"https:\/\/diarioavanzada.com.mx\/index.php?rest_route=%2Fwp%2Fv2%2Ftags&post=65558"}],"curies":[{"name":"wp","href":"https:\/\/api.w.org\/{rel}","templated":true}]}}