{"id":65514,"date":"2024-11-16T21:21:56","date_gmt":"2024-11-17T03:21:56","guid":{"rendered":"https:\/\/diarioavanzada.com.mx\/?p=65514"},"modified":"2024-11-16T21:21:56","modified_gmt":"2024-11-17T03:21:56","slug":"aprovecho-que-estaba-dormido-para-violarlo","status":"publish","type":"post","link":"https:\/\/diarioavanzada.com.mx\/?p=65514","title":{"rendered":"Aprovech\u00f3 que estaba dormido para violarlo"},"content":{"rendered":"\n<p class=\"wp-block-paragraph\">Colima, M\u00e9xico, Comunicado (16\/11\/2024).- Una investigaci\u00f3n realizada por la Fiscal\u00eda General del Estado (FGE), permiti\u00f3 la vinculaci\u00f3n a proceso de un hombre por el hecho que la ley se\u00f1ala como delito de violaci\u00f3n, conducta que probablemente habr\u00eda cometido en perjuicio de un masculino en el municipio de Manzanillo.<\/p>\n\n\n\n<p class=\"wp-block-paragraph\">Los hechos sucedieron el 05 de octubre del 2023, cuando el imputado Ernesto Alonso \u201cN\u201d, ingres\u00f3 sin consentimiento al domicilio de la v\u00edctima alrededor de las 3:30 de la ma\u00f1ana mientras que \u00e9ste estaba dormido, donde con un arma de fuego lo someti\u00f3 y agredi\u00f3 sexualmente.<\/p>\n\n\n\n<p class=\"wp-block-paragraph\">Una vez presentada la denuncia, la Fiscal\u00eda Especializada en la Investigaci\u00f3n de Delitos por Razones de Genero y Trata de Personas tom\u00f3 el caso e inici\u00f3 las investigaciones correspondientes, lo que permiti\u00f3 conducir al individuo ante la autoridad judicial. Tras valorar lo expuesto por el Ministerio P\u00fablico, el Juez de Control determin\u00f3 la vinculaci\u00f3n a proceso y medida cautelar de prisi\u00f3n preventiva contra el imputado, as\u00ed como el plazo de tres meses de investigaci\u00f3n complementaria.<\/p>\n\n\n\n<p class=\"wp-block-paragraph\"><\/p>\n<div class=\"fb-background-color\">\n\t\t\t  <div \n\t\t\t  \tclass = \"fb-comments\" \n\t\t\t  \tdata-href = \"https:\/\/diarioavanzada.com.mx\/?p=65514\"\n\t\t\t  \tdata-numposts = \"10\"\n\t\t\t  \tdata-lazy = \"true\"\n\t\t\t\tdata-colorscheme = \"light\"\n\t\t\t\tdata-order-by = \"social\"\n\t\t\t\tdata-mobile=true>\n\t\t\t  <\/div><\/div>\n\t\t  <style>\n\t\t    .fb-background-color {\n\t\t\t\tbackground:  !important;\n\t\t\t}\n\t\t\t.fb_iframe_widget_fluid_desktop iframe {\n\t\t\t    width: 100% !important;\n\t\t\t}\n\t\t  <\/style>\n\t\t  ","protected":false},"excerpt":{"rendered":"<p>Colima, M\u00e9xico, Comunicado (16\/11\/2024).- Una investigaci\u00f3n realizada por la Fiscal\u00eda General del Estado (FGE), permiti\u00f3 la vinculaci\u00f3n a proceso de un hombre por el hecho que la ley se\u00f1ala como delito de violaci\u00f3n, conducta que probablemente habr\u00eda cometido en perjuicio de un masculino en el municipio de Manzanillo. Los hechos sucedieron el 05 de octubre [&hellip;]<\/p>\n","protected":false},"author":7,"featured_media":65513,"comment_status":"closed","ping_status":"closed","sticky":false,"template":"","format":"standard","meta":{"_coblocks_attr":"","_coblocks_dimensions":"","_coblocks_responsive_height":"","_coblocks_accordion_ie_support":"","_crdt_document":"","advanced_seo_description":"","jetpack_seo_html_title":"","jetpack_seo_noindex":false,"_jetpack_memberships_contains_paid_content":false,"footnotes":""},"categories":[19,209,231],"tags":[],"class_list":["post-65514","post","type-post","status-publish","format-standard","has-post-thumbnail","hentry","category-colima","category-importantes","category-seguridad"],"jetpack_featured_media_url":"https:\/\/diarioavanzada.com.mx\/wp-content\/uploads\/2024\/11\/img_9497-1.jpg","jetpack-related-posts":[],"jetpack_sharing_enabled":true,"amp_enabled":true,"_links":{"self":[{"href":"https:\/\/diarioavanzada.com.mx\/index.php?rest_route=\/wp\/v2\/posts\/65514","targetHints":{"allow":["GET"]}}],"collection":[{"href":"https:\/\/diarioavanzada.com.mx\/index.php?rest_route=\/wp\/v2\/posts"}],"about":[{"href":"https:\/\/diarioavanzada.com.mx\/index.php?rest_route=\/wp\/v2\/types\/post"}],"author":[{"embeddable":true,"href":"https:\/\/diarioavanzada.com.mx\/index.php?rest_route=\/wp\/v2\/users\/7"}],"replies":[{"embeddable":true,"href":"https:\/\/diarioavanzada.com.mx\/index.php?rest_route=%2Fwp%2Fv2%2Fcomments&post=65514"}],"version-history":[{"count":0,"href":"https:\/\/diarioavanzada.com.mx\/index.php?rest_route=\/wp\/v2\/posts\/65514\/revisions"}],"wp:featuredmedia":[{"embeddable":true,"href":"https:\/\/diarioavanzada.com.mx\/index.php?rest_route=\/wp\/v2\/media\/65513"}],"wp:attachment":[{"href":"https:\/\/diarioavanzada.com.mx\/index.php?rest_route=%2Fwp%2Fv2%2Fmedia&parent=65514"}],"wp:term":[{"taxonomy":"category","embeddable":true,"href":"https:\/\/diarioavanzada.com.mx\/index.php?rest_route=%2Fwp%2Fv2%2Fcategories&post=65514"},{"taxonomy":"post_tag","embeddable":true,"href":"https:\/\/diarioavanzada.com.mx\/index.php?rest_route=%2Fwp%2Fv2%2Ftags&post=65514"}],"curies":[{"name":"wp","href":"https:\/\/api.w.org\/{rel}","templated":true}]}}