{"id":65318,"date":"2024-11-14T16:40:47","date_gmt":"2024-11-14T22:40:47","guid":{"rendered":"https:\/\/diarioavanzada.com.mx\/?p=65318"},"modified":"2024-11-14T16:40:47","modified_gmt":"2024-11-14T22:40:47","slug":"se-busca-nancy-tiene-14-anos-y-desaparecio-en-villa-de-alvarez","status":"publish","type":"post","link":"https:\/\/diarioavanzada.com.mx\/?p=65318","title":{"rendered":"Se busca: Nancy tiene 14 a\u00f1os y desapareci\u00f3 en Villa de \u00c1lvarez"},"content":{"rendered":"\n<p class=\"p1 wp-block-paragraph\">Villa de \u00c1lvarez, Colima, Avanzada (14\/11\/2024).- La Comisi\u00f3n de B\u00fasqueda de Personas del Estado de Colima emiti\u00f3 un bolet\u00edn para localizar a Nancy Sarahi Loya Silva, una adolescente de 14 a\u00f1os que fue vista por \u00faltima vez el pasado 12 de noviembre en Villa de \u00c1lvarez. Su desaparici\u00f3n fue reportada el 13 de noviembre.<\/p>\n\n\n\n<p class=\"p1 wp-block-paragraph\">Nancy Sarahi mide 1.56 metros, tiene el rostro y la nariz afilados, cabello lacio y largo de color casta\u00f1o oscuro, ojos medianos caf\u00e9 claro y tez blanca. Como se\u00f1a particular, se inform\u00f3 que lleva tratamiento de ortodoncia.<\/p>\n\n\n\n<p class=\"p1 wp-block-paragraph\">Las autoridades solicitan el apoyo de la ciudadan\u00eda para proporcionar cualquier informaci\u00f3n que ayude a dar con su paradero. Si cuenta con datos relevantes, puede comunicarse al tel\u00e9fono 312 131 3809.<\/p>\n\n\n\n<p class=\"p1 wp-block-paragraph\">La b\u00fasqueda contin\u00faa, mientras familiares y amigos de la joven piden solidaridad para lograr que Nancy regrese a casa.<\/p>\n\n\n\n<figure class=\"wp-block-image size-large\"><img loading=\"lazy\" decoding=\"async\" width=\"940\" height=\"788\" src=\"https:\/\/diarioavanzada.com.mx\/wp-content\/uploads\/2024\/11\/img_9329-1.jpg\" class=\"wp-image-65316\" srcset=\"https:\/\/diarioavanzada.com.mx\/wp-content\/uploads\/2024\/11\/img_9329-1.jpg 940w, https:\/\/diarioavanzada.com.mx\/wp-content\/uploads\/2024\/11\/img_9329-1-300x251.jpg 300w, https:\/\/diarioavanzada.com.mx\/wp-content\/uploads\/2024\/11\/img_9329-1-768x644.jpg 768w\" sizes=\"auto, (max-width: 940px) 100vw, 940px\" \/><\/figure>\n<div class=\"fb-background-color\">\n\t\t\t  <div \n\t\t\t  \tclass = \"fb-comments\" \n\t\t\t  \tdata-href = \"https:\/\/diarioavanzada.com.mx\/?p=65318\"\n\t\t\t  \tdata-numposts = \"10\"\n\t\t\t  \tdata-lazy = \"true\"\n\t\t\t\tdata-colorscheme = \"light\"\n\t\t\t\tdata-order-by = \"social\"\n\t\t\t\tdata-mobile=true>\n\t\t\t  <\/div><\/div>\n\t\t  <style>\n\t\t    .fb-background-color {\n\t\t\t\tbackground:  !important;\n\t\t\t}\n\t\t\t.fb_iframe_widget_fluid_desktop iframe {\n\t\t\t    width: 100% !important;\n\t\t\t}\n\t\t  <\/style>\n\t\t  ","protected":false},"excerpt":{"rendered":"<p>Villa de \u00c1lvarez, Colima, Avanzada (14\/11\/2024).- La Comisi\u00f3n de B\u00fasqueda de Personas del Estado de Colima emiti\u00f3 un bolet\u00edn para localizar a Nancy Sarahi Loya Silva, una adolescente de 14 a\u00f1os que fue vista por \u00faltima vez el pasado 12 de noviembre en Villa de \u00c1lvarez. Su desaparici\u00f3n fue reportada el 13 de noviembre. Nancy [&hellip;]<\/p>\n","protected":false},"author":7,"featured_media":65317,"comment_status":"closed","ping_status":"closed","sticky":false,"template":"","format":"standard","meta":{"_coblocks_attr":"","_coblocks_dimensions":"","_coblocks_responsive_height":"","_coblocks_accordion_ie_support":"","_crdt_document":"","advanced_seo_description":"","jetpack_seo_html_title":"","jetpack_seo_noindex":false,"_jetpack_memberships_contains_paid_content":false,"footnotes":""},"categories":[19,209,231],"tags":[],"class_list":["post-65318","post","type-post","status-publish","format-standard","has-post-thumbnail","hentry","category-colima","category-importantes","category-seguridad"],"jetpack_featured_media_url":"https:\/\/diarioavanzada.com.mx\/wp-content\/uploads\/2024\/11\/img_9331-1.jpg","jetpack-related-posts":[],"jetpack_sharing_enabled":true,"amp_enabled":true,"_links":{"self":[{"href":"https:\/\/diarioavanzada.com.mx\/index.php?rest_route=\/wp\/v2\/posts\/65318","targetHints":{"allow":["GET"]}}],"collection":[{"href":"https:\/\/diarioavanzada.com.mx\/index.php?rest_route=\/wp\/v2\/posts"}],"about":[{"href":"https:\/\/diarioavanzada.com.mx\/index.php?rest_route=\/wp\/v2\/types\/post"}],"author":[{"embeddable":true,"href":"https:\/\/diarioavanzada.com.mx\/index.php?rest_route=\/wp\/v2\/users\/7"}],"replies":[{"embeddable":true,"href":"https:\/\/diarioavanzada.com.mx\/index.php?rest_route=%2Fwp%2Fv2%2Fcomments&post=65318"}],"version-history":[{"count":0,"href":"https:\/\/diarioavanzada.com.mx\/index.php?rest_route=\/wp\/v2\/posts\/65318\/revisions"}],"wp:featuredmedia":[{"embeddable":true,"href":"https:\/\/diarioavanzada.com.mx\/index.php?rest_route=\/wp\/v2\/media\/65317"}],"wp:attachment":[{"href":"https:\/\/diarioavanzada.com.mx\/index.php?rest_route=%2Fwp%2Fv2%2Fmedia&parent=65318"}],"wp:term":[{"taxonomy":"category","embeddable":true,"href":"https:\/\/diarioavanzada.com.mx\/index.php?rest_route=%2Fwp%2Fv2%2Fcategories&post=65318"},{"taxonomy":"post_tag","embeddable":true,"href":"https:\/\/diarioavanzada.com.mx\/index.php?rest_route=%2Fwp%2Fv2%2Ftags&post=65318"}],"curies":[{"name":"wp","href":"https:\/\/api.w.org\/{rel}","templated":true}]}}