{"id":65279,"date":"2024-11-14T11:46:25","date_gmt":"2024-11-14T17:46:25","guid":{"rendered":"https:\/\/diarioavanzada.com.mx\/?p=65279"},"modified":"2024-11-14T11:46:25","modified_gmt":"2024-11-14T17:46:25","slug":"logran-estudiantes-de-la-udec-medallas-de-bronce-en-olimpiada-de-matematicas","status":"publish","type":"post","link":"https:\/\/diarioavanzada.com.mx\/?p=65279","title":{"rendered":"Logran estudiantes de la UdeC medallas de bronce en Olimpiada de Matem\u00e1ticas"},"content":{"rendered":"\n<p class=\"wp-block-paragraph\"><em>\u201cHay varias respuestas, pero depende de tus ideas, del camino que quieras tomar, y entonces tienes que plasmarlas bien. Una vez resueltos, los maestros se encargan de revisar los ex\u00e1menes y dar los puntos respectivos\u201d, explicaron los estudiantes.<\/em><\/p>\n\n\n\n<figure class=\"wp-block-image\"><img decoding=\"async\" src=\"https:\/\/www.ucol.mx\/content\/enterate\/image\/Logran_estudiantes_de_la_UdeC_medallas_de_bronce_en_Olimpiada_de_Matem__ticas_a(1).jpg\" alt=\"\"\/><\/figure>\n\n\n\n<p class=\"wp-block-paragraph\"><\/p>\n\n\n\n<p class=\"wp-block-paragraph\">Colima, M\u00e9xico, Comunicado (14\/11\/2024).-&nbsp;Joshua Mu\u00f1oz, estudiante del Bachillerato Uno; Camila Reynoso, del 4, y \u00c1ngel Panduro, del 8 obtuvieron medalla de bronce en la 38 competencia del Concurso Nacional de la Olimpiada Mexicana de Matem\u00e1ticas, que se celebr\u00f3 en Oaxtepec, Morelos, del 4 al 9 de noviembre.<\/p>\n\n\n\n<p class=\"wp-block-paragraph\">El principal objetivo de estas competencias, compartieron en entrevista los j\u00f3venes estudiantes, no es dar un resultado preciso, sino utilizar las herramientas matem\u00e1ticas, la creatividad y la disciplina que han generado durante sus entrenamientos, para dar soluci\u00f3n a dos ex\u00e1menes que incluyen temas de combinatoria, \u00e1lgebra, teor\u00eda de n\u00fameros y geometr\u00eda. Cada examen tiene un l\u00edmite de cuatro horas y media.<\/p>\n\n\n\n<p class=\"wp-block-paragraph\">Los ex\u00e1menes consisten en buscar ideas para resolver problemas y saber redactar, adem\u00e1s. \u201cHay varias respuestas, pero depende de tus ideas, del camino que quieras tomar, y entonces tienes que plasmarlas bien. Una vez resueltos, los maestros se encargan de revisar los ex\u00e1menes y dar los puntos respectivos\u201d, explicaron los estudiantes.<\/p>\n\n\n\n<figure class=\"wp-block-image\"><img decoding=\"async\" src=\"https:\/\/www.ucol.mx\/content\/enterate\/image\/Logran_estudiantes_de_la_UdeC_medallas_de_bronce_en_Olimpiada_de_Matem__ticas.jpg\" alt=\"\"\/><\/figure>\n\n\n\n<p class=\"wp-block-paragraph\">Para los estudiantes que cursan el \u00faltimo semestre de bachillerato, \u00e9sta ha sido una gran experiencia, pues compartieron que la convivencia en estas olimpiadas no s\u00f3lo se centra en las competencias sino en conocer a otros participantes. \u201cEs una experiencia bonita porque vienen estudiantes de varios estados. Pudimos compartir c\u00f3mo trabajan y los apoyos que reciben\u201d, dijo Joshua Mu\u00f1oz.<\/p>\n\n\n\n<p class=\"wp-block-paragraph\">Aunque es el \u00faltimo a\u00f1o para los competidores, dijeron sentirse contentos por los resultados obtenidos. \u201cDi lo mejor que pude y se logr\u00f3 una medalla. Esto s\u00f3lo se logra si eres constante. No es que sea muy buena, sino que tuve las ganas de hacerlo, lo intent\u00e9 y obtuve una medalla\u201d, coment\u00f3 Camila Reynoso.<\/p>\n\n\n\n<p class=\"wp-block-paragraph\">Joshua Mu\u00f1oz invit\u00f3 a que m\u00e1s estudiantes se sumen a los entrenamientos. \u201cMuchos piensan que necesitan ser buenos en Matem\u00e1ticas para participar en estas competencias, pero les digo que tan s\u00f3lo el hecho de que les gusten las Matem\u00e1ticas ya es importante. Aunque pudiera sonar contradictorio, aqu\u00ed no se busca a los mejores, porque buscamos formar comunidad, familia, y compartir el arte de resolver problemas\u201d.<\/p>\n\n\n\n<p class=\"wp-block-paragraph\">Daniel Alejandro Gait\u00e1n Valencia, presidente del Comit\u00e9 de Olimpiadas de Matem\u00e1ticas de Colima y delegado de la 38 olimpiada de matem\u00e1ticas del estado, coment\u00f3 que \u201c\u00e9ste ha sido un buen a\u00f1o; es muy gratificante ver los resultados de los chicos, ya que tienen trabajando varios a\u00f1os. Han sido constantes y ver que quieren m\u00e1s, saber que un examen as\u00ed de complicado pudieron sacarlo con buenos puntajes, para nosotros es un logro y es de reconocerlos como comit\u00e9\u201d.<\/p>\n\n\n\n<p class=\"wp-block-paragraph\">Tambi\u00e9n, dijo que ahora estos j\u00f3venes pueden participar en el programa como entrenadores, e invit\u00f3 a quienes se encuentran en \u00faltimo a\u00f1o de bachillerato a que sigan participando en otras convocatorias. \u201cEs m\u00e1s f\u00e1cil que los chicos que ya pasaron por el proceso ayuden a otros para que se sigan preparando\u201d, explic\u00f3.<\/p>\n\n\n\n<p class=\"wp-block-paragraph\">Por \u00faltimo invit\u00f3 a j\u00f3venes, maestros y escuelas a que manden estudiantes y los capaciten. \u201cEl programa de olimpiadas no s\u00f3lo es para competir, sino que su finalidad es quitar esa idea que se tiene sobre las Matem\u00e1ticas, alejarnos de la memorizaci\u00f3n y acercarnos a la creatividad y la l\u00f3gica\u201d.<\/p>\n\n\n\n<figure class=\"wp-block-image\"><img loading=\"lazy\" decoding=\"async\" width=\"1024\" height=\"682\" src=\"https:\/\/diarioavanzada.com.mx\/wp-content\/uploads\/2024\/11\/93fa22ac-5095-442c-976e-2d71e776035d-18009-000005ebb9973b0c_file-1024x682.jpg\" alt=\"\" class=\"wp-image-65274\" srcset=\"https:\/\/diarioavanzada.com.mx\/wp-content\/uploads\/2024\/11\/93fa22ac-5095-442c-976e-2d71e776035d-18009-000005ebb9973b0c_file-1024x682.jpg 1024w, https:\/\/diarioavanzada.com.mx\/wp-content\/uploads\/2024\/11\/93fa22ac-5095-442c-976e-2d71e776035d-18009-000005ebb9973b0c_file-300x200.jpg 300w, https:\/\/diarioavanzada.com.mx\/wp-content\/uploads\/2024\/11\/93fa22ac-5095-442c-976e-2d71e776035d-18009-000005ebb9973b0c_file-768x512.jpg 768w, https:\/\/diarioavanzada.com.mx\/wp-content\/uploads\/2024\/11\/93fa22ac-5095-442c-976e-2d71e776035d-18009-000005ebb9973b0c_file.jpg 1100w\" sizes=\"auto, (max-width: 1024px) 100vw, 1024px\" \/><\/figure>\n\n\n\n<figure class=\"wp-block-image\"><img loading=\"lazy\" decoding=\"async\" width=\"1024\" height=\"682\" src=\"https:\/\/diarioavanzada.com.mx\/wp-content\/uploads\/2024\/11\/b745419b-a514-4dad-856c-d80f19d9138d-18009-000005ebcd3a1357_file-1024x682.jpg\" alt=\"\" class=\"wp-image-65275\" srcset=\"https:\/\/diarioavanzada.com.mx\/wp-content\/uploads\/2024\/11\/b745419b-a514-4dad-856c-d80f19d9138d-18009-000005ebcd3a1357_file-1024x682.jpg 1024w, https:\/\/diarioavanzada.com.mx\/wp-content\/uploads\/2024\/11\/b745419b-a514-4dad-856c-d80f19d9138d-18009-000005ebcd3a1357_file-300x200.jpg 300w, https:\/\/diarioavanzada.com.mx\/wp-content\/uploads\/2024\/11\/b745419b-a514-4dad-856c-d80f19d9138d-18009-000005ebcd3a1357_file-768x512.jpg 768w, https:\/\/diarioavanzada.com.mx\/wp-content\/uploads\/2024\/11\/b745419b-a514-4dad-856c-d80f19d9138d-18009-000005ebcd3a1357_file.jpg 1100w\" sizes=\"auto, (max-width: 1024px) 100vw, 1024px\" \/><\/figure>\n\n\n\n<figure class=\"wp-block-image\"><img loading=\"lazy\" decoding=\"async\" width=\"1024\" height=\"682\" src=\"https:\/\/diarioavanzada.com.mx\/wp-content\/uploads\/2024\/11\/609aa44a-83e4-4497-8c80-e716771b5e7d-18009-000005ebde902769_file-1024x682.jpg\" alt=\"\" class=\"wp-image-65276\" srcset=\"https:\/\/diarioavanzada.com.mx\/wp-content\/uploads\/2024\/11\/609aa44a-83e4-4497-8c80-e716771b5e7d-18009-000005ebde902769_file-1024x682.jpg 1024w, https:\/\/diarioavanzada.com.mx\/wp-content\/uploads\/2024\/11\/609aa44a-83e4-4497-8c80-e716771b5e7d-18009-000005ebde902769_file-300x200.jpg 300w, https:\/\/diarioavanzada.com.mx\/wp-content\/uploads\/2024\/11\/609aa44a-83e4-4497-8c80-e716771b5e7d-18009-000005ebde902769_file-768x512.jpg 768w, https:\/\/diarioavanzada.com.mx\/wp-content\/uploads\/2024\/11\/609aa44a-83e4-4497-8c80-e716771b5e7d-18009-000005ebde902769_file.jpg 1100w\" sizes=\"auto, (max-width: 1024px) 100vw, 1024px\" \/><\/figure>\n\n\n\n<figure class=\"wp-block-image\"><img loading=\"lazy\" decoding=\"async\" width=\"1024\" height=\"682\" src=\"https:\/\/diarioavanzada.com.mx\/wp-content\/uploads\/2024\/11\/6824c324-347d-417c-a000-88aeee3f2246-18009-000005ebf0d9c2be_file-1024x682.jpg\" alt=\"\" class=\"wp-image-65277\" srcset=\"https:\/\/diarioavanzada.com.mx\/wp-content\/uploads\/2024\/11\/6824c324-347d-417c-a000-88aeee3f2246-18009-000005ebf0d9c2be_file-1024x682.jpg 1024w, https:\/\/diarioavanzada.com.mx\/wp-content\/uploads\/2024\/11\/6824c324-347d-417c-a000-88aeee3f2246-18009-000005ebf0d9c2be_file-300x200.jpg 300w, https:\/\/diarioavanzada.com.mx\/wp-content\/uploads\/2024\/11\/6824c324-347d-417c-a000-88aeee3f2246-18009-000005ebf0d9c2be_file-768x512.jpg 768w, https:\/\/diarioavanzada.com.mx\/wp-content\/uploads\/2024\/11\/6824c324-347d-417c-a000-88aeee3f2246-18009-000005ebf0d9c2be_file.jpg 1100w\" sizes=\"auto, (max-width: 1024px) 100vw, 1024px\" \/><\/figure>\n<div class=\"fb-background-color\">\n\t\t\t  <div \n\t\t\t  \tclass = \"fb-comments\" \n\t\t\t  \tdata-href = \"https:\/\/diarioavanzada.com.mx\/?p=65279\"\n\t\t\t  \tdata-numposts = \"10\"\n\t\t\t  \tdata-lazy = \"true\"\n\t\t\t\tdata-colorscheme = \"light\"\n\t\t\t\tdata-order-by = \"social\"\n\t\t\t\tdata-mobile=true>\n\t\t\t  <\/div><\/div>\n\t\t  <style>\n\t\t    .fb-background-color {\n\t\t\t\tbackground:  !important;\n\t\t\t}\n\t\t\t.fb_iframe_widget_fluid_desktop iframe {\n\t\t\t    width: 100% !important;\n\t\t\t}\n\t\t  <\/style>\n\t\t  ","protected":false},"excerpt":{"rendered":"<p>\u201cHay varias respuestas, pero depende de tus ideas, del camino que quieras tomar, y entonces tienes que plasmarlas bien. Una vez resueltos, los maestros se encargan de revisar los ex\u00e1menes y dar los puntos respectivos\u201d, explicaron los estudiantes. Colima, M\u00e9xico, Comunicado (14\/11\/2024).-&nbsp;Joshua Mu\u00f1oz, estudiante del Bachillerato Uno; Camila Reynoso, del 4, y \u00c1ngel Panduro, del [&hellip;]<\/p>\n","protected":false},"author":7,"featured_media":65278,"comment_status":"closed","ping_status":"closed","sticky":false,"template":"","format":"standard","meta":{"_coblocks_attr":"","_coblocks_dimensions":"","_coblocks_responsive_height":"","_coblocks_accordion_ie_support":"","_crdt_document":"","advanced_seo_description":"","jetpack_seo_html_title":"","jetpack_seo_noindex":false,"_jetpack_memberships_contains_paid_content":false,"footnotes":""},"categories":[19,209,7],"tags":[],"class_list":["post-65279","post","type-post","status-publish","format-standard","has-post-thumbnail","hentry","category-colima","category-importantes","category-noticias"],"jetpack_featured_media_url":"https:\/\/diarioavanzada.com.mx\/wp-content\/uploads\/2024\/11\/img_8970-1.jpg","jetpack-related-posts":[],"jetpack_sharing_enabled":true,"amp_enabled":true,"_links":{"self":[{"href":"https:\/\/diarioavanzada.com.mx\/index.php?rest_route=\/wp\/v2\/posts\/65279","targetHints":{"allow":["GET"]}}],"collection":[{"href":"https:\/\/diarioavanzada.com.mx\/index.php?rest_route=\/wp\/v2\/posts"}],"about":[{"href":"https:\/\/diarioavanzada.com.mx\/index.php?rest_route=\/wp\/v2\/types\/post"}],"author":[{"embeddable":true,"href":"https:\/\/diarioavanzada.com.mx\/index.php?rest_route=\/wp\/v2\/users\/7"}],"replies":[{"embeddable":true,"href":"https:\/\/diarioavanzada.com.mx\/index.php?rest_route=%2Fwp%2Fv2%2Fcomments&post=65279"}],"version-history":[{"count":0,"href":"https:\/\/diarioavanzada.com.mx\/index.php?rest_route=\/wp\/v2\/posts\/65279\/revisions"}],"wp:featuredmedia":[{"embeddable":true,"href":"https:\/\/diarioavanzada.com.mx\/index.php?rest_route=\/wp\/v2\/media\/65278"}],"wp:attachment":[{"href":"https:\/\/diarioavanzada.com.mx\/index.php?rest_route=%2Fwp%2Fv2%2Fmedia&parent=65279"}],"wp:term":[{"taxonomy":"category","embeddable":true,"href":"https:\/\/diarioavanzada.com.mx\/index.php?rest_route=%2Fwp%2Fv2%2Fcategories&post=65279"},{"taxonomy":"post_tag","embeddable":true,"href":"https:\/\/diarioavanzada.com.mx\/index.php?rest_route=%2Fwp%2Fv2%2Ftags&post=65279"}],"curies":[{"name":"wp","href":"https:\/\/api.w.org\/{rel}","templated":true}]}}