{"id":65242,"date":"2024-11-14T08:01:32","date_gmt":"2024-11-14T14:01:32","guid":{"rendered":"https:\/\/diarioavanzada.com.mx\/?p=65242"},"modified":"2024-11-14T08:01:32","modified_gmt":"2024-11-14T14:01:32","slug":"sismo-de-magnitud-4-1-se-registra-al-sur-de-san-marcos-guerrero","status":"publish","type":"post","link":"https:\/\/diarioavanzada.com.mx\/?p=65242","title":{"rendered":"Sismo de magnitud 4.1 se registra al sur de San Marcos, Guerrero"},"content":{"rendered":"\n<p class=\"wp-block-paragraph\">Colima, M\u00e9xico, Avanzada (14\/11\/2024).- En la madrugada de este jueves 14 de noviembre, un sismo de magnitud 4.1 se registr\u00f3 en el estado de Guerrero, inform\u00f3 el Servicio Sismol\u00f3gico Nacional (SSN). El movimiento tel\u00farico ocurri\u00f3 a las 04:40 horas, con epicentro a 56 kil\u00f3metros al sur de San Marcos, municipio ubicado en la regi\u00f3n Costa Chica de la entidad.<\/p>\n\n\n\n<p class=\"wp-block-paragraph\">El temblor se localiz\u00f3 en las coordenadas 16.28 grados de latitud norte y -99.40 grados de longitud oeste, con una profundidad de 13 kil\u00f3metros. A pesar de su moderada magnitud, el sismo fue percibido en algunas zonas cercanas al epicentro, especialmente en comunidades costeras.<\/p>\n\n\n\n<p class=\"wp-block-paragraph\">Hasta el momento, las autoridades de Protecci\u00f3n Civil no han reportado da\u00f1os materiales ni personas lesionadas. Sin embargo, se activaron protocolos de monitoreo en la regi\u00f3n para evaluar cualquier posible afectaci\u00f3n. La poblaci\u00f3n fue instada a mantenerse alerta ante r\u00e9plicas y seguir las recomendaciones oficiales para garantizar su seguridad.<\/p>\n\n\n\n<p class=\"wp-block-paragraph\">Guerrero es una de las regiones m\u00e1s s\u00edsmicas del pa\u00eds debido a su ubicaci\u00f3n en el Cintur\u00f3n de Fuego del Pac\u00edfico, lo que hace frecuente la ocurrencia de movimientos tel\u00faricos en esta zona.<\/p>\n<div class=\"fb-background-color\">\n\t\t\t  <div \n\t\t\t  \tclass = \"fb-comments\" \n\t\t\t  \tdata-href = \"https:\/\/diarioavanzada.com.mx\/?p=65242\"\n\t\t\t  \tdata-numposts = \"10\"\n\t\t\t  \tdata-lazy = \"true\"\n\t\t\t\tdata-colorscheme = \"light\"\n\t\t\t\tdata-order-by = \"social\"\n\t\t\t\tdata-mobile=true>\n\t\t\t  <\/div><\/div>\n\t\t  <style>\n\t\t    .fb-background-color {\n\t\t\t\tbackground:  !important;\n\t\t\t}\n\t\t\t.fb_iframe_widget_fluid_desktop iframe {\n\t\t\t    width: 100% !important;\n\t\t\t}\n\t\t  <\/style>\n\t\t  ","protected":false},"excerpt":{"rendered":"<p>Colima, M\u00e9xico, Avanzada (14\/11\/2024).- En la madrugada de este jueves 14 de noviembre, un sismo de magnitud 4.1 se registr\u00f3 en el estado de Guerrero, inform\u00f3 el Servicio Sismol\u00f3gico Nacional (SSN). El movimiento tel\u00farico ocurri\u00f3 a las 04:40 horas, con epicentro a 56 kil\u00f3metros al sur de San Marcos, municipio ubicado en la regi\u00f3n Costa [&hellip;]<\/p>\n","protected":false},"author":7,"featured_media":65241,"comment_status":"closed","ping_status":"closed","sticky":false,"template":"","format":"standard","meta":{"_coblocks_attr":"","_coblocks_dimensions":"","_coblocks_responsive_height":"","_coblocks_accordion_ie_support":"","_crdt_document":"","advanced_seo_description":"","jetpack_seo_html_title":"","jetpack_seo_noindex":false,"_jetpack_memberships_contains_paid_content":false,"footnotes":""},"categories":[7],"tags":[],"class_list":["post-65242","post","type-post","status-publish","format-standard","has-post-thumbnail","hentry","category-noticias"],"jetpack_featured_media_url":"https:\/\/diarioavanzada.com.mx\/wp-content\/uploads\/2024\/11\/img_8948-1.png","jetpack-related-posts":[],"jetpack_sharing_enabled":true,"amp_enabled":true,"_links":{"self":[{"href":"https:\/\/diarioavanzada.com.mx\/index.php?rest_route=\/wp\/v2\/posts\/65242","targetHints":{"allow":["GET"]}}],"collection":[{"href":"https:\/\/diarioavanzada.com.mx\/index.php?rest_route=\/wp\/v2\/posts"}],"about":[{"href":"https:\/\/diarioavanzada.com.mx\/index.php?rest_route=\/wp\/v2\/types\/post"}],"author":[{"embeddable":true,"href":"https:\/\/diarioavanzada.com.mx\/index.php?rest_route=\/wp\/v2\/users\/7"}],"replies":[{"embeddable":true,"href":"https:\/\/diarioavanzada.com.mx\/index.php?rest_route=%2Fwp%2Fv2%2Fcomments&post=65242"}],"version-history":[{"count":0,"href":"https:\/\/diarioavanzada.com.mx\/index.php?rest_route=\/wp\/v2\/posts\/65242\/revisions"}],"wp:featuredmedia":[{"embeddable":true,"href":"https:\/\/diarioavanzada.com.mx\/index.php?rest_route=\/wp\/v2\/media\/65241"}],"wp:attachment":[{"href":"https:\/\/diarioavanzada.com.mx\/index.php?rest_route=%2Fwp%2Fv2%2Fmedia&parent=65242"}],"wp:term":[{"taxonomy":"category","embeddable":true,"href":"https:\/\/diarioavanzada.com.mx\/index.php?rest_route=%2Fwp%2Fv2%2Fcategories&post=65242"},{"taxonomy":"post_tag","embeddable":true,"href":"https:\/\/diarioavanzada.com.mx\/index.php?rest_route=%2Fwp%2Fv2%2Ftags&post=65242"}],"curies":[{"name":"wp","href":"https:\/\/api.w.org\/{rel}","templated":true}]}}