{"id":65208,"date":"2024-11-13T18:22:09","date_gmt":"2024-11-14T00:22:09","guid":{"rendered":"https:\/\/diarioavanzada.com.mx\/?p=65208"},"modified":"2024-11-13T18:28:29","modified_gmt":"2024-11-14T00:28:29","slug":"detienen-al-presunto-feminicida-de-alejandra-rivas-y-su-hija","status":"publish","type":"post","link":"https:\/\/diarioavanzada.com.mx\/?p=65208","title":{"rendered":"Detienen al presunto feminicida de Alejandra Rivas y su hija"},"content":{"rendered":"\n<p class=\"wp-block-paragraph\">Colima, M\u00e9xico, Avanzada (13\/11\/2024).- La Fiscal\u00eda General del Estado (FGE) cumpliment\u00f3 una orden de aprehensi\u00f3n contra Mariano \u201cN\u201d, presunto responsable del feminicidio de Alejandra Rivas, de 35 a\u00f1os, y su hija de un a\u00f1o, quienes hab\u00edan sido reportadas como desaparecidas tras viajar de Guadalajara a Colima. La detenci\u00f3n es resultado de una investigaci\u00f3n que permiti\u00f3 localizar e identificar los restos de las v\u00edctimas y avanzar en el proceso judicial para castigar este crimen.<\/p>\n\n\n\n<p class=\"wp-block-paragraph\">La desaparici\u00f3n de madre e hija fue denunciada el 01 de noviembre, lo que activ\u00f3 un operativo de b\u00fasqueda coordinado por la Fiscal\u00eda Especializada en la Investigaci\u00f3n en Materia de Desaparici\u00f3n de Personas. Con base en las evidencias recopiladas, la Fiscal\u00eda Especializada en el Delito de Feminicidio solicit\u00f3 y obtuvo la orden de aprehensi\u00f3n contra Mariano \u201cN\u201d, quien ya fue detenido, informado de sus derechos y presentado ante un Juez de Control.<\/p>\n\n\n\n<p class=\"wp-block-paragraph\">Los cuerpos de las v\u00edctimas fueron identificados y entregados a sus familiares, quienes hab\u00edan sido informados previamente del avance de la investigaci\u00f3n.<\/p>\n\n\n\n<figure class=\"wp-block-image size-large\"><img loading=\"lazy\" decoding=\"async\" width=\"940\" height=\"658\" src=\"https:\/\/diarioavanzada.com.mx\/wp-content\/uploads\/2024\/11\/img_9242-1.jpg\" alt=\"\" class=\"wp-image-65207\" srcset=\"https:\/\/diarioavanzada.com.mx\/wp-content\/uploads\/2024\/11\/img_9242-1.jpg 940w, https:\/\/diarioavanzada.com.mx\/wp-content\/uploads\/2024\/11\/img_9242-1-300x210.jpg 300w, https:\/\/diarioavanzada.com.mx\/wp-content\/uploads\/2024\/11\/img_9242-1-768x538.jpg 768w\" sizes=\"auto, (max-width: 940px) 100vw, 940px\" \/><\/figure>\n<div class=\"fb-background-color\">\n\t\t\t  <div \n\t\t\t  \tclass = \"fb-comments\" \n\t\t\t  \tdata-href = \"https:\/\/diarioavanzada.com.mx\/?p=65208\"\n\t\t\t  \tdata-numposts = \"10\"\n\t\t\t  \tdata-lazy = \"true\"\n\t\t\t\tdata-colorscheme = \"light\"\n\t\t\t\tdata-order-by = \"social\"\n\t\t\t\tdata-mobile=true>\n\t\t\t  <\/div><\/div>\n\t\t  <style>\n\t\t    .fb-background-color {\n\t\t\t\tbackground:  !important;\n\t\t\t}\n\t\t\t.fb_iframe_widget_fluid_desktop iframe {\n\t\t\t    width: 100% !important;\n\t\t\t}\n\t\t  <\/style>\n\t\t  ","protected":false},"excerpt":{"rendered":"<p>Colima, M\u00e9xico, Avanzada (13\/11\/2024).- La Fiscal\u00eda General del Estado (FGE) cumpliment\u00f3 una orden de aprehensi\u00f3n contra Mariano \u201cN\u201d, presunto responsable del feminicidio de Alejandra Rivas, de 35 a\u00f1os, y su hija de un a\u00f1o, quienes hab\u00edan sido reportadas como desaparecidas tras viajar de Guadalajara a Colima. La detenci\u00f3n es resultado de una investigaci\u00f3n que permiti\u00f3 [&hellip;]<\/p>\n","protected":false},"author":7,"featured_media":65206,"comment_status":"closed","ping_status":"closed","sticky":false,"template":"","format":"standard","meta":{"_coblocks_attr":"","_coblocks_dimensions":"","_coblocks_responsive_height":"","_coblocks_accordion_ie_support":"","_crdt_document":"","advanced_seo_description":"","jetpack_seo_html_title":"","jetpack_seo_noindex":false,"_jetpack_memberships_contains_paid_content":false,"footnotes":""},"categories":[19,209,231],"tags":[],"class_list":["post-65208","post","type-post","status-publish","format-standard","has-post-thumbnail","hentry","category-colima","category-importantes","category-seguridad"],"jetpack_featured_media_url":"https:\/\/diarioavanzada.com.mx\/wp-content\/uploads\/2024\/11\/img_9244-1.jpg","jetpack-related-posts":[],"jetpack_sharing_enabled":true,"amp_enabled":true,"_links":{"self":[{"href":"https:\/\/diarioavanzada.com.mx\/index.php?rest_route=\/wp\/v2\/posts\/65208","targetHints":{"allow":["GET"]}}],"collection":[{"href":"https:\/\/diarioavanzada.com.mx\/index.php?rest_route=\/wp\/v2\/posts"}],"about":[{"href":"https:\/\/diarioavanzada.com.mx\/index.php?rest_route=\/wp\/v2\/types\/post"}],"author":[{"embeddable":true,"href":"https:\/\/diarioavanzada.com.mx\/index.php?rest_route=\/wp\/v2\/users\/7"}],"replies":[{"embeddable":true,"href":"https:\/\/diarioavanzada.com.mx\/index.php?rest_route=%2Fwp%2Fv2%2Fcomments&post=65208"}],"version-history":[{"count":1,"href":"https:\/\/diarioavanzada.com.mx\/index.php?rest_route=\/wp\/v2\/posts\/65208\/revisions"}],"predecessor-version":[{"id":65209,"href":"https:\/\/diarioavanzada.com.mx\/index.php?rest_route=\/wp\/v2\/posts\/65208\/revisions\/65209"}],"wp:featuredmedia":[{"embeddable":true,"href":"https:\/\/diarioavanzada.com.mx\/index.php?rest_route=\/wp\/v2\/media\/65206"}],"wp:attachment":[{"href":"https:\/\/diarioavanzada.com.mx\/index.php?rest_route=%2Fwp%2Fv2%2Fmedia&parent=65208"}],"wp:term":[{"taxonomy":"category","embeddable":true,"href":"https:\/\/diarioavanzada.com.mx\/index.php?rest_route=%2Fwp%2Fv2%2Fcategories&post=65208"},{"taxonomy":"post_tag","embeddable":true,"href":"https:\/\/diarioavanzada.com.mx\/index.php?rest_route=%2Fwp%2Fv2%2Ftags&post=65208"}],"curies":[{"name":"wp","href":"https:\/\/api.w.org\/{rel}","templated":true}]}}