{"id":65205,"date":"2024-11-14T07:35:59","date_gmt":"2024-11-14T13:35:59","guid":{"rendered":"https:\/\/diarioavanzada.com.mx\/?p=65205"},"modified":"2024-11-14T07:35:59","modified_gmt":"2024-11-14T13:35:59","slug":"un-nino-lleva-una-pistola-a-la-primaria-y-la-dispara-dentro-del-aula-el-pizarron-esta-danado","status":"publish","type":"post","link":"https:\/\/diarioavanzada.com.mx\/?p=65205","title":{"rendered":"Un ni\u00f1o lleva una pistola a la primaria y la dispara dentro del aula: el pizarr\u00f3n est\u00e1 da\u00f1ado"},"content":{"rendered":"\n<p class=\"wp-block-paragraph\">Coahuila, M\u00e9xico, Avanzada (14\/11\/2024).- En lo que parec\u00eda un d\u00eda normal de clases en la primaria A\u00f1o de Ju\u00e1rez de Torre\u00f3n, Coahuila, el recreo se transform\u00f3 en un momento de tensi\u00f3n y miedo. Un alumno de solo 9 a\u00f1os, estudiante de cuarto grado, hab\u00eda tra\u00eddo un arma de fuego a la escuela. La sorpresa y el desconcierto inundaron el sal\u00f3n cuando, en un instante, el ni\u00f1o accion\u00f3 el arma, provocando un disparo que impact\u00f3 directamente en el pizarr\u00f3n. Afortunadamente, ning\u00fan compa\u00f1ero result\u00f3 herido, pero el eco del estruendo dej\u00f3 en silencio a la comunidad escolar.<\/p>\n\n\n\n<p class=\"wp-block-paragraph\">El incidente se desarroll\u00f3 en cuesti\u00f3n de segundos, pero sus repercusiones resonar\u00e1n mucho m\u00e1s tiempo. Seg\u00fan las primeras versiones, el menor mostr\u00f3 el arma a sus compa\u00f1eros durante el recreo, y fue en ese momento cuando, aparentemente de forma accidental, se dispar\u00f3. El proyectil se incrust\u00f3 en el pizarr\u00f3n, un escenario que f\u00e1cilmente podr\u00eda haber tenido consecuencias tr\u00e1gicas. La noticia se difundi\u00f3 r\u00e1pidamente, primero a trav\u00e9s de un comunicado emitido por la escuela en sus redes sociales y luego por las autoridades de Seguridad P\u00fablica de Coahuila.<\/p>\n\n\n\n<p class=\"wp-block-paragraph\">De inmediato, se activ\u00f3 el protocolo de seguridad. Los docentes se movilizaron para hablar con el ni\u00f1o y asegurar el arma, mientras los dem\u00e1s alumnos fueron resguardados en diferentes \u00e1reas del plantel. La Direcci\u00f3n Jur\u00eddica de la Secretar\u00eda de Educaci\u00f3n fue informada, y el lugar se llen\u00f3 pronto de agentes de la polic\u00eda municipal y estatal, adem\u00e1s de personal de la Fiscal\u00eda General de Coahuila, que inici\u00f3 una carpeta de investigaci\u00f3n para esclarecer los hechos.<\/p>\n\n\n\n<p class=\"wp-block-paragraph\">Las autoridades iniciaron una indagatoria sobre la procedencia del arma. \u00bfC\u00f3mo es posible que un ni\u00f1o de nueve a\u00f1os tenga acceso a un arma de fuego? Es la pregunta que se hacen ahora padres, maestros y oficiales, mientras la investigaci\u00f3n avanza para determinar responsabilidades y, en su caso, proceder contra quienes permitieron que el arma llegara a manos del menor.<\/p>\n\n\n\n<p class=\"wp-block-paragraph\">El gobierno de Coahuila prometi\u00f3 actuar con firmeza y anunci\u00f3 que implementar\u00e1 medidas preventivas adicionales en las escuelas para evitar la entrada de objetos peligrosos. La Secretar\u00eda de Educaci\u00f3n, por su parte, confirm\u00f3 que tanto el ni\u00f1o que dispar\u00f3 el arma como sus compa\u00f1eros recibir\u00e1n acompa\u00f1amiento psicol\u00f3gico para lidiar con el impacto emocional del incidente.<\/p>\n\n\n\n<p class=\"wp-block-paragraph\">Entre los acuerdos alcanzados con los padres de familia, se reforzar\u00e1 la seguridad con medidas como el \u201coperativo mochila\u201d, que se realizar\u00e1 desde casa para evitar la revisi\u00f3n en el plantel y respetar as\u00ed los derechos de los alumnos. Aunque el incidente no dej\u00f3 v\u00edctimas f\u00edsicas, el impacto psicol\u00f3gico fue profundo, dejando una estela de incertidumbre y miedo entre los padres y la comunidad escolar.<\/p>\n\n\n\n<p class=\"wp-block-paragraph\">Las clases en la primaria A\u00f1o de Ju\u00e1rez se reanudar\u00e1n una vez que la Fiscal\u00eda concluya las diligencias correspondientes. Mientras tanto, el aula donde ocurri\u00f3 el disparo permanece cerrada, como una escena congelada en el tiempo, testigo mudo de un suceso que podr\u00eda haberse convertido en tragedia.<\/p>\n\n\n\n<p class=\"wp-block-paragraph\">El incidente en Torre\u00f3n obliga a reflexionar sobre la violencia y la facilidad con la que se accede a armas de fuego en el pa\u00eds. En un entorno donde los ni\u00f1os deber\u00edan sentirse seguros y donde el sonido m\u00e1s fuerte deber\u00eda ser el timbre que anuncia el recreo, el estruendo de un disparo ha dejado una huella dif\u00edcil de borrar.<\/p>\n<div class=\"fb-background-color\">\n\t\t\t  <div \n\t\t\t  \tclass = \"fb-comments\" \n\t\t\t  \tdata-href = \"https:\/\/diarioavanzada.com.mx\/?p=65205\"\n\t\t\t  \tdata-numposts = \"10\"\n\t\t\t  \tdata-lazy = \"true\"\n\t\t\t\tdata-colorscheme = \"light\"\n\t\t\t\tdata-order-by = \"social\"\n\t\t\t\tdata-mobile=true>\n\t\t\t  <\/div><\/div>\n\t\t  <style>\n\t\t    .fb-background-color {\n\t\t\t\tbackground:  !important;\n\t\t\t}\n\t\t\t.fb_iframe_widget_fluid_desktop iframe {\n\t\t\t    width: 100% !important;\n\t\t\t}\n\t\t  <\/style>\n\t\t  ","protected":false},"excerpt":{"rendered":"<p>Coahuila, M\u00e9xico, Avanzada (14\/11\/2024).- En lo que parec\u00eda un d\u00eda normal de clases en la primaria A\u00f1o de Ju\u00e1rez de Torre\u00f3n, Coahuila, el recreo se transform\u00f3 en un momento de tensi\u00f3n y miedo. Un alumno de solo 9 a\u00f1os, estudiante de cuarto grado, hab\u00eda tra\u00eddo un arma de fuego a la escuela. La sorpresa y [&hellip;]<\/p>\n","protected":false},"author":7,"featured_media":65204,"comment_status":"closed","ping_status":"closed","sticky":false,"template":"","format":"standard","meta":{"_coblocks_attr":"","_coblocks_dimensions":"","_coblocks_responsive_height":"","_coblocks_accordion_ie_support":"","_crdt_document":"","advanced_seo_description":"","jetpack_seo_html_title":"","jetpack_seo_noindex":false,"_jetpack_memberships_contains_paid_content":false,"footnotes":""},"categories":[209,22,231],"tags":[],"class_list":["post-65205","post","type-post","status-publish","format-standard","has-post-thumbnail","hentry","category-importantes","category-nacion","category-seguridad"],"jetpack_featured_media_url":"https:\/\/diarioavanzada.com.mx\/wp-content\/uploads\/2024\/11\/7813defe-9c11-44cc-b3cb-6f35597b615e-1.png","jetpack-related-posts":[],"jetpack_sharing_enabled":true,"amp_enabled":true,"_links":{"self":[{"href":"https:\/\/diarioavanzada.com.mx\/index.php?rest_route=\/wp\/v2\/posts\/65205","targetHints":{"allow":["GET"]}}],"collection":[{"href":"https:\/\/diarioavanzada.com.mx\/index.php?rest_route=\/wp\/v2\/posts"}],"about":[{"href":"https:\/\/diarioavanzada.com.mx\/index.php?rest_route=\/wp\/v2\/types\/post"}],"author":[{"embeddable":true,"href":"https:\/\/diarioavanzada.com.mx\/index.php?rest_route=\/wp\/v2\/users\/7"}],"replies":[{"embeddable":true,"href":"https:\/\/diarioavanzada.com.mx\/index.php?rest_route=%2Fwp%2Fv2%2Fcomments&post=65205"}],"version-history":[{"count":1,"href":"https:\/\/diarioavanzada.com.mx\/index.php?rest_route=\/wp\/v2\/posts\/65205\/revisions"}],"predecessor-version":[{"id":65236,"href":"https:\/\/diarioavanzada.com.mx\/index.php?rest_route=\/wp\/v2\/posts\/65205\/revisions\/65236"}],"wp:featuredmedia":[{"embeddable":true,"href":"https:\/\/diarioavanzada.com.mx\/index.php?rest_route=\/wp\/v2\/media\/65204"}],"wp:attachment":[{"href":"https:\/\/diarioavanzada.com.mx\/index.php?rest_route=%2Fwp%2Fv2%2Fmedia&parent=65205"}],"wp:term":[{"taxonomy":"category","embeddable":true,"href":"https:\/\/diarioavanzada.com.mx\/index.php?rest_route=%2Fwp%2Fv2%2Fcategories&post=65205"},{"taxonomy":"post_tag","embeddable":true,"href":"https:\/\/diarioavanzada.com.mx\/index.php?rest_route=%2Fwp%2Fv2%2Ftags&post=65205"}],"curies":[{"name":"wp","href":"https:\/\/api.w.org\/{rel}","templated":true}]}}