{"id":65203,"date":"2024-11-13T16:52:30","date_gmt":"2024-11-13T22:52:30","guid":{"rendered":"https:\/\/diarioavanzada.com.mx\/?p=65203"},"modified":"2024-11-13T16:52:30","modified_gmt":"2024-11-13T22:52:30","slug":"destaca-udec-en-el-xxiv-coloquio-nacional-de-formacion-docente-de-educacion-media-superior","status":"publish","type":"post","link":"https:\/\/diarioavanzada.com.mx\/?p=65203","title":{"rendered":"Destaca UdeC en el XXIV Coloquio Nacional de Formaci\u00f3n Docente de Educaci\u00f3n Media Superior"},"content":{"rendered":"\n<p class=\"wp-block-paragraph\"><em>El contingente universitario present\u00f3 ocho ponencias y exposiciones acad\u00e9micas centradas en la recuperaci\u00f3n y mejora de la pr\u00e1ctica docente, abordando temas clave como ciencia, tecnolog\u00eda, compromiso social y sostenibilidad.<\/em><\/p>\n\n\n\n<figure class=\"wp-block-image\"><img decoding=\"async\" src=\"https:\/\/www.ucol.mx\/content\/enterate\/image\/Destaca_UdeC_en_el_XXIV_Coloquio_Nacional_de_Formaci__n_Docente_a.jpg\" alt=\"\"\/><\/figure>\n\n\n\n<p class=\"wp-block-paragraph\"><\/p>\n\n\n\n<p class=\"wp-block-paragraph\">Colima, M\u00e9xico, Comunicado (13\/11\/2024).-&nbsp;En el marco del XXIV Coloquio Nacional de Formaci\u00f3n Docente de Educaci\u00f3n Media Superior, celebrado del 4 al 6 de noviembre en Nuevo Nayarit, Nayarit, la Universidad de Colima destac\u00f3 con la presentaci\u00f3n de ocho ponencias por parte del personal docente y directivo.&nbsp;<\/p>\n\n\n\n<p class=\"wp-block-paragraph\">Convocado por la Asociaci\u00f3n Nacional de Universidades e Instituciones de Educaci\u00f3n Superior (ANUIES), la Red Nacional de Educaci\u00f3n Media Superior y la Universidad Aut\u00f3noma de Nayarit, el coloquio reuni\u00f3 a cerca de mil asistentes entre docentes, directivos e investigadores de todo el pa\u00eds, para discutir el papel estrat\u00e9gico de la docencia en el fomento de una cultura de paz y el desarrollo sostenible.<\/p>\n\n\n\n<p class=\"wp-block-paragraph\">Bajo la coordinaci\u00f3n del Mtro. Mart\u00edn Jes\u00fas Robles de Anda, director general de Educaci\u00f3n Media Superior de la Universidad de Colima, el contingente universitario present\u00f3 ocho ponencias y exposiciones acad\u00e9micas centradas en la recuperaci\u00f3n y mejora de la pr\u00e1ctica docente, abordando temas clave como ciencia, tecnolog\u00eda, compromiso social y sostenibilidad.<\/p>\n\n\n\n<p class=\"wp-block-paragraph\">Entre las ponencias que presentaron destac\u00f3 la de \u201cImplementaci\u00f3n del Programa ReforestAcci\u00f3n: Siembra el futuro, planta un \u00e1rbol\u201d, a cargo de \u00d3scar Gustavo Mendoza, docente del Bachillerato 2. Este proyecto busca fomentar el cuidado ambiental, reducir la huella de carbono y promover el desarrollo sostenible en los estudiantes.&nbsp;<\/p>\n\n\n\n<p class=\"wp-block-paragraph\">Otras charlas significativas de la UdeC en el coloquio incluyeron: \u201cLa reconstrucci\u00f3n curricular del PE Bachillerato General de la Universidad de Colima: Enfoques innovadores para la formaci\u00f3n de una ciudadan\u00eda global y sostenible\u201d y \u201cTransformando la pr\u00e1ctica docente en la Universidad de Colima: Profesionalizaci\u00f3n para una cultura de paz y desarrollo sostenible en la Nueva Escuela Mexicana\u201d, ambos presentados por \u00d3scar Delgado S\u00e1nchez, catedr\u00e1tico de la Facultad de Pedagog\u00eda.<\/p>\n\n\n\n<p class=\"wp-block-paragraph\">La agenda del coloquio incluy\u00f3 una conferencia magistral titulada: \u201cDesde las Pol\u00edticas Docentes hacia la Revalorizaci\u00f3n del Magisterio: Lecciones Aprendidas y Rutas de Futuro para la Mejora de las Pr\u00e1cticas\u201d, as\u00ed como un panel de expertos sobre \u201cMediaci\u00f3n: herramienta de construcci\u00f3n para la paz y el di\u00e1logo en la comunidad escolar de educaci\u00f3n media superior\u201d.&nbsp;<\/p>\n\n\n\n<p class=\"wp-block-paragraph\">Asimismo, se presentaron otras ponencias de inter\u00e9s, entre ellas: \u201cImpacto del programa Adopta una Prepa en las j\u00f3venes estudiantes de Bachillerato de la Universidad de Colima\u201d, de la acad\u00e9mica Ariadna Z\u00fa\u00f1iga Torres, en el marco de la Red Global Mx, cap\u00edtulo Espa\u00f1a.<\/p>\n\n\n\n<p class=\"wp-block-paragraph\">Otras conferencias de inter\u00e9s presentadas en Nuevo Nayarit fuero: \u201cIntegraci\u00f3n de Tecnolog\u00eda Educativa para el Desarrollo de Competencias en Redacci\u00f3n Acad\u00e9mica\u201d, \u201cJuegos colaborativos como estrategia para fomentar una cultura de paz, de acuerdo con los principios de la nueva escuela mexicana\u201d, \u201cLa concreci\u00f3n dentro de la abstracci\u00f3n en la ense\u00f1anza del c\u00e1lculo\u201d y \u201cNeurodiversidad: perspectivas y estrategias desde la orientaci\u00f3n educativa, docencia y direcci\u00f3n escolar\u201d.<\/p>\n\n\n\n<p class=\"wp-block-paragraph\">Este encuentro educativo fue un espacio esencial para el intercambio de experiencias y la creaci\u00f3n de estrategias que promuevan una cultura de paz y la sostenibilidad en la educaci\u00f3n media superior, subrayando el compromiso de la Universidad de Colima con una formaci\u00f3n docente de vanguardia en beneficio de la comunidad acad\u00e9mica del pa\u00eds.<\/p>\n\n\n\n<p class=\"wp-block-paragraph\">El coloquio reafirm\u00f3 el compromiso del sector educativo con el desarrollo de una sociedad m\u00e1s inclusiva, equitativa y sostenible, en un esfuerzo conjunto que fortalezca la formaci\u00f3n docente y el impacto positivo en la comunidad educativa del pa\u00eds.<\/p>\n\n\n\n<figure class=\"wp-block-image\"><img decoding=\"async\" src=\"https:\/\/www.ucol.mx\/content\/enterate\/image\/Destaca_UdeC_en_el_XXIV_Coloquio_Nacional_de_Formaci__n_Docente_b.jpg\" alt=\"\"\/><\/figure>\n\n\n\n<figure class=\"wp-block-image\"><img decoding=\"async\" src=\"https:\/\/www.ucol.mx\/content\/enterate\/image\/Destaca_UdeC_en_el_XXIV_Coloquio_Nacional_de_Formaci__n_Docente_c.jpg\" alt=\"\"\/><\/figure>\n<div class=\"fb-background-color\">\n\t\t\t  <div \n\t\t\t  \tclass = \"fb-comments\" \n\t\t\t  \tdata-href = \"https:\/\/diarioavanzada.com.mx\/?p=65203\"\n\t\t\t  \tdata-numposts = \"10\"\n\t\t\t  \tdata-lazy = \"true\"\n\t\t\t\tdata-colorscheme = \"light\"\n\t\t\t\tdata-order-by = \"social\"\n\t\t\t\tdata-mobile=true>\n\t\t\t  <\/div><\/div>\n\t\t  <style>\n\t\t    .fb-background-color {\n\t\t\t\tbackground:  !important;\n\t\t\t}\n\t\t\t.fb_iframe_widget_fluid_desktop iframe {\n\t\t\t    width: 100% !important;\n\t\t\t}\n\t\t  <\/style>\n\t\t  ","protected":false},"excerpt":{"rendered":"<p>El contingente universitario present\u00f3 ocho ponencias y exposiciones acad\u00e9micas centradas en la recuperaci\u00f3n y mejora de la pr\u00e1ctica docente, abordando temas clave como ciencia, tecnolog\u00eda, compromiso social y sostenibilidad. Colima, M\u00e9xico, Comunicado (13\/11\/2024).-&nbsp;En el marco del XXIV Coloquio Nacional de Formaci\u00f3n Docente de Educaci\u00f3n Media Superior, celebrado del 4 al 6 de noviembre en Nuevo [&hellip;]<\/p>\n","protected":false},"author":7,"featured_media":65202,"comment_status":"closed","ping_status":"closed","sticky":false,"template":"","format":"standard","meta":{"_coblocks_attr":"","_coblocks_dimensions":"","_coblocks_responsive_height":"","_coblocks_accordion_ie_support":"","_crdt_document":"","advanced_seo_description":"","jetpack_seo_html_title":"","jetpack_seo_noindex":false,"_jetpack_memberships_contains_paid_content":false,"footnotes":""},"categories":[19,209,7],"tags":[],"class_list":["post-65203","post","type-post","status-publish","format-standard","has-post-thumbnail","hentry","category-colima","category-importantes","category-noticias"],"jetpack_featured_media_url":"https:\/\/diarioavanzada.com.mx\/wp-content\/uploads\/2024\/11\/img_8922-1.jpg","jetpack-related-posts":[],"jetpack_sharing_enabled":true,"amp_enabled":true,"_links":{"self":[{"href":"https:\/\/diarioavanzada.com.mx\/index.php?rest_route=\/wp\/v2\/posts\/65203","targetHints":{"allow":["GET"]}}],"collection":[{"href":"https:\/\/diarioavanzada.com.mx\/index.php?rest_route=\/wp\/v2\/posts"}],"about":[{"href":"https:\/\/diarioavanzada.com.mx\/index.php?rest_route=\/wp\/v2\/types\/post"}],"author":[{"embeddable":true,"href":"https:\/\/diarioavanzada.com.mx\/index.php?rest_route=\/wp\/v2\/users\/7"}],"replies":[{"embeddable":true,"href":"https:\/\/diarioavanzada.com.mx\/index.php?rest_route=%2Fwp%2Fv2%2Fcomments&post=65203"}],"version-history":[{"count":0,"href":"https:\/\/diarioavanzada.com.mx\/index.php?rest_route=\/wp\/v2\/posts\/65203\/revisions"}],"wp:featuredmedia":[{"embeddable":true,"href":"https:\/\/diarioavanzada.com.mx\/index.php?rest_route=\/wp\/v2\/media\/65202"}],"wp:attachment":[{"href":"https:\/\/diarioavanzada.com.mx\/index.php?rest_route=%2Fwp%2Fv2%2Fmedia&parent=65203"}],"wp:term":[{"taxonomy":"category","embeddable":true,"href":"https:\/\/diarioavanzada.com.mx\/index.php?rest_route=%2Fwp%2Fv2%2Fcategories&post=65203"},{"taxonomy":"post_tag","embeddable":true,"href":"https:\/\/diarioavanzada.com.mx\/index.php?rest_route=%2Fwp%2Fv2%2Ftags&post=65203"}],"curies":[{"name":"wp","href":"https:\/\/api.w.org\/{rel}","templated":true}]}}