{"id":65045,"date":"2024-11-11T22:47:28","date_gmt":"2024-11-12T04:47:28","guid":{"rendered":"https:\/\/diarioavanzada.com.mx\/?p=65045"},"modified":"2024-11-11T22:47:28","modified_gmt":"2024-11-12T04:47:28","slug":"accidente-entre-dos-traileres-bloquea-la-autopista-manzanillo-colima","status":"publish","type":"post","link":"https:\/\/diarioavanzada.com.mx\/?p=65045","title":{"rendered":"Accidente entre dos tr\u00e1ileres bloquea la autopista Manzanillo-Colima"},"content":{"rendered":"\n<p class=\"wp-block-paragraph\">Colima, M\u00e9xico, Avanzada (11\/11\/2024).- La noche de este lunes se registr\u00f3 un aparatoso accidente de tr\u00e1nsito sobre la autopista Manzanillo-Colima, en el sentido de Manzanillo hacia la capital del estado, cerca de la caseta de Cuyutl\u00e1n. El incidente involucr\u00f3 a dos tr\u00e1ileres y provoc\u00f3 la obstrucci\u00f3n total de ambos carriles.<\/p>\n\n\n\n<p class=\"wp-block-paragraph\">Protecci\u00f3n Civil estatal inform\u00f3 que el bloqueo est\u00e1 generando problemas de tr\u00e1nsito en la zona, y exhort\u00f3 a las y los conductores a extremar precauciones y evitar circular por esta v\u00eda mientras contin\u00faan los trabajos para liberar la carretera.<\/p>\n\n\n\n<p class=\"wp-block-paragraph\">En el lugar se encuentra personal de la Guardia Nacional, encargado de coordinar el tr\u00e1fico y de agilizar los esfuerzos para reabrir la circulaci\u00f3n lo antes posible. Hasta el momento, se desconoce el tiempo estimado para el restablecimiento del paso vehicular.<\/p>\n<div class=\"fb-background-color\">\n\t\t\t  <div \n\t\t\t  \tclass = \"fb-comments\" \n\t\t\t  \tdata-href = \"https:\/\/diarioavanzada.com.mx\/?p=65045\"\n\t\t\t  \tdata-numposts = \"10\"\n\t\t\t  \tdata-lazy = \"true\"\n\t\t\t\tdata-colorscheme = \"light\"\n\t\t\t\tdata-order-by = \"social\"\n\t\t\t\tdata-mobile=true>\n\t\t\t  <\/div><\/div>\n\t\t  <style>\n\t\t    .fb-background-color {\n\t\t\t\tbackground:  !important;\n\t\t\t}\n\t\t\t.fb_iframe_widget_fluid_desktop iframe {\n\t\t\t    width: 100% !important;\n\t\t\t}\n\t\t  <\/style>\n\t\t  ","protected":false},"excerpt":{"rendered":"<p>Colima, M\u00e9xico, Avanzada (11\/11\/2024).- La noche de este lunes se registr\u00f3 un aparatoso accidente de tr\u00e1nsito sobre la autopista Manzanillo-Colima, en el sentido de Manzanillo hacia la capital del estado, cerca de la caseta de Cuyutl\u00e1n. El incidente involucr\u00f3 a dos tr\u00e1ileres y provoc\u00f3 la obstrucci\u00f3n total de ambos carriles. Protecci\u00f3n Civil estatal inform\u00f3 que [&hellip;]<\/p>\n","protected":false},"author":7,"featured_media":65044,"comment_status":"closed","ping_status":"closed","sticky":false,"template":"","format":"standard","meta":{"_coblocks_attr":"","_coblocks_dimensions":"","_coblocks_responsive_height":"","_coblocks_accordion_ie_support":"","_crdt_document":"","advanced_seo_description":"","jetpack_seo_html_title":"","jetpack_seo_noindex":false,"_jetpack_memberships_contains_paid_content":false,"footnotes":""},"categories":[19,297,209,231],"tags":[],"class_list":["post-65045","post","type-post","status-publish","format-standard","has-post-thumbnail","hentry","category-colima","category-fotonotas-y-videos","category-importantes","category-seguridad"],"jetpack_featured_media_url":"https:\/\/diarioavanzada.com.mx\/wp-content\/uploads\/2024\/11\/img_2431-1.jpg","jetpack-related-posts":[],"jetpack_sharing_enabled":true,"amp_enabled":true,"_links":{"self":[{"href":"https:\/\/diarioavanzada.com.mx\/index.php?rest_route=\/wp\/v2\/posts\/65045","targetHints":{"allow":["GET"]}}],"collection":[{"href":"https:\/\/diarioavanzada.com.mx\/index.php?rest_route=\/wp\/v2\/posts"}],"about":[{"href":"https:\/\/diarioavanzada.com.mx\/index.php?rest_route=\/wp\/v2\/types\/post"}],"author":[{"embeddable":true,"href":"https:\/\/diarioavanzada.com.mx\/index.php?rest_route=\/wp\/v2\/users\/7"}],"replies":[{"embeddable":true,"href":"https:\/\/diarioavanzada.com.mx\/index.php?rest_route=%2Fwp%2Fv2%2Fcomments&post=65045"}],"version-history":[{"count":0,"href":"https:\/\/diarioavanzada.com.mx\/index.php?rest_route=\/wp\/v2\/posts\/65045\/revisions"}],"wp:featuredmedia":[{"embeddable":true,"href":"https:\/\/diarioavanzada.com.mx\/index.php?rest_route=\/wp\/v2\/media\/65044"}],"wp:attachment":[{"href":"https:\/\/diarioavanzada.com.mx\/index.php?rest_route=%2Fwp%2Fv2%2Fmedia&parent=65045"}],"wp:term":[{"taxonomy":"category","embeddable":true,"href":"https:\/\/diarioavanzada.com.mx\/index.php?rest_route=%2Fwp%2Fv2%2Fcategories&post=65045"},{"taxonomy":"post_tag","embeddable":true,"href":"https:\/\/diarioavanzada.com.mx\/index.php?rest_route=%2Fwp%2Fv2%2Ftags&post=65045"}],"curies":[{"name":"wp","href":"https:\/\/api.w.org\/{rel}","templated":true}]}}