{"id":64874,"date":"2024-11-09T22:18:15","date_gmt":"2024-11-10T04:18:15","guid":{"rendered":"https:\/\/diarioavanzada.com.mx\/?p=64874"},"modified":"2024-11-09T22:18:55","modified_gmt":"2024-11-10T04:18:55","slug":"encuentran-los-cadaveres-de-madre-e-hija-de-1-ano-en-predio-de-cuauhtemoc","status":"publish","type":"post","link":"https:\/\/diarioavanzada.com.mx\/?p=64874","title":{"rendered":"Encuentran los cad\u00e1veres de madre e hija de 1 a\u00f1o en un predio de Cuauht\u00e9moc"},"content":{"rendered":"\n<p class=\"wp-block-paragraph\">Colima, M\u00e9xico, Comunicado (09\/11\/2024).- Tras la denuncia interpuesta por familiares de las desaparecidas, la Fiscal\u00eda inici\u00f3 las labores de investigaci\u00f3n y b\u00fasqueda que permitieron la localizaci\u00f3n de dos cuerpos as\u00ed como la identificaci\u00f3n del presunto autor del crimen.<\/p>\n\n\n\n<p class=\"wp-block-paragraph\">Derivado de trabajo de inteligencia para la localizaci\u00f3n de personas, la Fiscal\u00eda General del Estado (FGE), a trav\u00e9s de la Fiscal\u00eda Especializada en la Investigaci\u00f3n en Materia de Desaparici\u00f3n de Personas, despleg\u00f3 diversos operativos de b\u00fasqueda ante la denuncia interpuesta por la desaparici\u00f3n de una mujer y su hija menor de edad, localizando sin vida los cuerpos&nbsp;de las dos&nbsp;femeninas anteriormente mencionadas en un predio del municipio de Cuauht\u00e9moc, mismos que fueron &nbsp;trasladados al Servicio M\u00e9dico Forense (SEMEFO), donde personal de esa \u00e1rea realiz\u00f3 las necropsias de ley correspondiente.<\/p>\n\n\n\n<p class=\"wp-block-paragraph\">Asimismo, las labores de inteligencia e investigaci\u00f3n, tanto de campo como gabinete, permitieron obtener datos de prueba provenientes del an\u00e1lisis de videos, geolocalizaciones, entrevistas y otros indicios, d\u00f3nde esta Fiscal\u00eda logr\u00f3 tener plenamente identificado, as\u00ed como localizado al presunto responsable de estos hechos.<\/p>\n\n\n\n<p class=\"wp-block-paragraph\">Las investigaciones y la judicializaci\u00f3n del caso contin\u00faa su curso y los resultados se informar\u00e1n en el momento procesal que as\u00ed lo permita a trav\u00e9s de canales oficiales.<\/p>\n<div class=\"fb-background-color\">\n\t\t\t  <div \n\t\t\t  \tclass = \"fb-comments\" \n\t\t\t  \tdata-href = \"https:\/\/diarioavanzada.com.mx\/?p=64874\"\n\t\t\t  \tdata-numposts = \"10\"\n\t\t\t  \tdata-lazy = \"true\"\n\t\t\t\tdata-colorscheme = \"light\"\n\t\t\t\tdata-order-by = \"social\"\n\t\t\t\tdata-mobile=true>\n\t\t\t  <\/div><\/div>\n\t\t  <style>\n\t\t    .fb-background-color {\n\t\t\t\tbackground:  !important;\n\t\t\t}\n\t\t\t.fb_iframe_widget_fluid_desktop iframe {\n\t\t\t    width: 100% !important;\n\t\t\t}\n\t\t  <\/style>\n\t\t  ","protected":false},"excerpt":{"rendered":"<p>Colima, M\u00e9xico, Comunicado (09\/11\/2024).- Tras la denuncia interpuesta por familiares de las desaparecidas, la Fiscal\u00eda inici\u00f3 las labores de investigaci\u00f3n y b\u00fasqueda que permitieron la localizaci\u00f3n de dos cuerpos as\u00ed como la identificaci\u00f3n del presunto autor del crimen. Derivado de trabajo de inteligencia para la localizaci\u00f3n de personas, la Fiscal\u00eda General del Estado (FGE), a [&hellip;]<\/p>\n","protected":false},"author":7,"featured_media":64873,"comment_status":"closed","ping_status":"closed","sticky":false,"template":"","format":"standard","meta":{"_coblocks_attr":"","_coblocks_dimensions":"","_coblocks_responsive_height":"","_coblocks_accordion_ie_support":"","_crdt_document":"","advanced_seo_description":"","jetpack_seo_html_title":"","jetpack_seo_noindex":false,"_jetpack_memberships_contains_paid_content":false,"footnotes":""},"categories":[19,209,231],"tags":[],"class_list":["post-64874","post","type-post","status-publish","format-standard","has-post-thumbnail","hentry","category-colima","category-importantes","category-seguridad"],"jetpack_featured_media_url":"https:\/\/diarioavanzada.com.mx\/wp-content\/uploads\/2024\/11\/img_8975-1.jpg","jetpack-related-posts":[],"jetpack_sharing_enabled":true,"amp_enabled":true,"_links":{"self":[{"href":"https:\/\/diarioavanzada.com.mx\/index.php?rest_route=\/wp\/v2\/posts\/64874","targetHints":{"allow":["GET"]}}],"collection":[{"href":"https:\/\/diarioavanzada.com.mx\/index.php?rest_route=\/wp\/v2\/posts"}],"about":[{"href":"https:\/\/diarioavanzada.com.mx\/index.php?rest_route=\/wp\/v2\/types\/post"}],"author":[{"embeddable":true,"href":"https:\/\/diarioavanzada.com.mx\/index.php?rest_route=\/wp\/v2\/users\/7"}],"replies":[{"embeddable":true,"href":"https:\/\/diarioavanzada.com.mx\/index.php?rest_route=%2Fwp%2Fv2%2Fcomments&post=64874"}],"version-history":[{"count":1,"href":"https:\/\/diarioavanzada.com.mx\/index.php?rest_route=\/wp\/v2\/posts\/64874\/revisions"}],"predecessor-version":[{"id":64875,"href":"https:\/\/diarioavanzada.com.mx\/index.php?rest_route=\/wp\/v2\/posts\/64874\/revisions\/64875"}],"wp:featuredmedia":[{"embeddable":true,"href":"https:\/\/diarioavanzada.com.mx\/index.php?rest_route=\/wp\/v2\/media\/64873"}],"wp:attachment":[{"href":"https:\/\/diarioavanzada.com.mx\/index.php?rest_route=%2Fwp%2Fv2%2Fmedia&parent=64874"}],"wp:term":[{"taxonomy":"category","embeddable":true,"href":"https:\/\/diarioavanzada.com.mx\/index.php?rest_route=%2Fwp%2Fv2%2Fcategories&post=64874"},{"taxonomy":"post_tag","embeddable":true,"href":"https:\/\/diarioavanzada.com.mx\/index.php?rest_route=%2Fwp%2Fv2%2Ftags&post=64874"}],"curies":[{"name":"wp","href":"https:\/\/api.w.org\/{rel}","templated":true}]}}