{"id":64845,"date":"2024-11-09T09:10:01","date_gmt":"2024-11-09T15:10:01","guid":{"rendered":"https:\/\/diarioavanzada.com.mx\/?p=64845"},"modified":"2024-11-09T09:10:01","modified_gmt":"2024-11-09T15:10:01","slug":"sismo-de-magnitud-4-3-sacude-el-sur-de-veracruz","status":"publish","type":"post","link":"https:\/\/diarioavanzada.com.mx\/?p=64845","title":{"rendered":"Sismo de magnitud 4.3 sacude el sur de Veracruz"},"content":{"rendered":"\n<p class=\"wp-block-paragraph\">Colima, M\u00e9xico, Avanzada (09\/11\/2024).- Durante la madrugada de este s\u00e1bado, se registr\u00f3 un sismo de magnitud 4.3 en las cercan\u00edas de Sayula de Alem\u00e1n, en el estado de Veracruz. De acuerdo con el Servicio Sismol\u00f3gico Nacional (SSN), el movimiento tel\u00farico ocurri\u00f3 a las 02:05 horas y su epicentro se localiz\u00f3 a 44 kil\u00f3metros al sur de Sayula de Alem\u00e1n.<\/p>\n\n\n\n<p class=\"wp-block-paragraph\">El sismo tuvo una profundidad de 138 kil\u00f3metros, con coordenadas de latitud 17.48 y longitud -94.94. Aunque el temblor se sinti\u00f3 en algunas zonas de la regi\u00f3n, hasta el momento no se reportan da\u00f1os materiales ni personas lesionadas.<\/p>\n\n\n\n<p class=\"wp-block-paragraph\">Protecci\u00f3n Civil del estado inform\u00f3 que se activaron los protocolos de revisi\u00f3n en las \u00e1reas cercanas al epicentro para descartar afectaciones en la infraestructura local. Se recomienda a la poblaci\u00f3n mantenerse atenta a las indicaciones oficiales y estar preparada ante posibles r\u00e9plicas.<\/p>\n<div class=\"fb-background-color\">\n\t\t\t  <div \n\t\t\t  \tclass = \"fb-comments\" \n\t\t\t  \tdata-href = \"https:\/\/diarioavanzada.com.mx\/?p=64845\"\n\t\t\t  \tdata-numposts = \"10\"\n\t\t\t  \tdata-lazy = \"true\"\n\t\t\t\tdata-colorscheme = \"light\"\n\t\t\t\tdata-order-by = \"social\"\n\t\t\t\tdata-mobile=true>\n\t\t\t  <\/div><\/div>\n\t\t  <style>\n\t\t    .fb-background-color {\n\t\t\t\tbackground:  !important;\n\t\t\t}\n\t\t\t.fb_iframe_widget_fluid_desktop iframe {\n\t\t\t    width: 100% !important;\n\t\t\t}\n\t\t  <\/style>\n\t\t  ","protected":false},"excerpt":{"rendered":"<p>Colima, M\u00e9xico, Avanzada (09\/11\/2024).- Durante la madrugada de este s\u00e1bado, se registr\u00f3 un sismo de magnitud 4.3 en las cercan\u00edas de Sayula de Alem\u00e1n, en el estado de Veracruz. De acuerdo con el Servicio Sismol\u00f3gico Nacional (SSN), el movimiento tel\u00farico ocurri\u00f3 a las 02:05 horas y su epicentro se localiz\u00f3 a 44 kil\u00f3metros al sur [&hellip;]<\/p>\n","protected":false},"author":7,"featured_media":64844,"comment_status":"closed","ping_status":"closed","sticky":false,"template":"","format":"standard","meta":{"_coblocks_attr":"","_coblocks_dimensions":"","_coblocks_responsive_height":"","_coblocks_accordion_ie_support":"","_crdt_document":"","advanced_seo_description":"","jetpack_seo_html_title":"","jetpack_seo_noindex":false,"_jetpack_memberships_contains_paid_content":false,"footnotes":""},"categories":[7],"tags":[],"class_list":["post-64845","post","type-post","status-publish","format-standard","has-post-thumbnail","hentry","category-noticias"],"jetpack_featured_media_url":"https:\/\/diarioavanzada.com.mx\/wp-content\/uploads\/2024\/11\/img_8618-1.jpg","jetpack-related-posts":[],"jetpack_sharing_enabled":true,"amp_enabled":true,"_links":{"self":[{"href":"https:\/\/diarioavanzada.com.mx\/index.php?rest_route=\/wp\/v2\/posts\/64845","targetHints":{"allow":["GET"]}}],"collection":[{"href":"https:\/\/diarioavanzada.com.mx\/index.php?rest_route=\/wp\/v2\/posts"}],"about":[{"href":"https:\/\/diarioavanzada.com.mx\/index.php?rest_route=\/wp\/v2\/types\/post"}],"author":[{"embeddable":true,"href":"https:\/\/diarioavanzada.com.mx\/index.php?rest_route=\/wp\/v2\/users\/7"}],"replies":[{"embeddable":true,"href":"https:\/\/diarioavanzada.com.mx\/index.php?rest_route=%2Fwp%2Fv2%2Fcomments&post=64845"}],"version-history":[{"count":0,"href":"https:\/\/diarioavanzada.com.mx\/index.php?rest_route=\/wp\/v2\/posts\/64845\/revisions"}],"wp:featuredmedia":[{"embeddable":true,"href":"https:\/\/diarioavanzada.com.mx\/index.php?rest_route=\/wp\/v2\/media\/64844"}],"wp:attachment":[{"href":"https:\/\/diarioavanzada.com.mx\/index.php?rest_route=%2Fwp%2Fv2%2Fmedia&parent=64845"}],"wp:term":[{"taxonomy":"category","embeddable":true,"href":"https:\/\/diarioavanzada.com.mx\/index.php?rest_route=%2Fwp%2Fv2%2Fcategories&post=64845"},{"taxonomy":"post_tag","embeddable":true,"href":"https:\/\/diarioavanzada.com.mx\/index.php?rest_route=%2Fwp%2Fv2%2Ftags&post=64845"}],"curies":[{"name":"wp","href":"https:\/\/api.w.org\/{rel}","templated":true}]}}