{"id":64770,"date":"2024-11-08T06:27:27","date_gmt":"2024-11-08T12:27:27","guid":{"rendered":"https:\/\/diarioavanzada.com.mx\/?p=64770"},"modified":"2024-11-08T06:29:03","modified_gmt":"2024-11-08T12:29:03","slug":"fge-es-falso-que-el-estado-no-haya-tenido-ninguna-sentencia-condenatoria-en-delitos-como-el-homicidio-doloso-durante-2023","status":"publish","type":"post","link":"https:\/\/diarioavanzada.com.mx\/?p=64770","title":{"rendered":"FGE: Es falso que el estado no haya tenido ninguna sentencia condenatoria en delitos como el homicidio doloso durante 2023"},"content":{"rendered":"\n<p class=\"wp-block-paragraph\">+ La Fiscal\u00eda General del Estado aclara que durante 2023 se obtuvieron 193 sentencias condenatorias en delitos como el homicidio doloso, feminicidio y desaparici\u00f3n cometida por particulares, entre otros.<\/p>\n\n\n\n<p class=\"wp-block-paragraph\">La Fiscal\u00eda General del Estado (FGE) aclara que es completamente falso que durante el a\u00f1o 2023 no se lograra ninguna sentencia condenatoria en casos de homicidio doloso y de otros delitos, tal como fue asegurado por diversas notas period\u00edsticas de publicaci\u00f3n reciente.<\/p>\n\n\n\n<p class=\"wp-block-paragraph\">Con relaci\u00f3n a una nota period\u00edstica publicada el d\u00eda 06 de noviembre de este a\u00f1o, en el sitio web Diario Avanzada, firmada por Heidi de Le\u00f3n Guti\u00e9rrez, en la cual hace referencia a un an\u00e1lisis realizado por la organizaci\u00f3n civil \u201cM\u00e9xico Eval\u00faa\u201d, y asegura que en Colima no se ha logrado ninguna sentencia condenatoria por casos de homicidio doloso durante 2023, y que impera una gran impunidad en diversos delitos, la Fiscal\u00eda hace las siguientes precisiones:<\/p>\n\n\n\n<p class=\"wp-block-paragraph\">+En el 2023, la Fiscal\u00eda General del Estado logr\u00f3 un total de 114 sentencias condenatorias por delitos como homicidio en sus diferentes variables, feminicidio, desaparici\u00f3n cometidas por particulares, secuestro agravado, tentativa de homicidio, abuso sexual, extorsi\u00f3n y robo con penas que van desde los tres hasta los 90 a\u00f1os de prisi\u00f3n.<\/p>\n\n\n\n<p class=\"wp-block-paragraph\">+Adicionalmente, decenas de casos de delitos cometidos durante 2023, contin\u00faan siendo procesados en diversos juzgados y podr\u00edan derivar en sentencias condenatorias.<\/p>\n\n\n\n<p class=\"wp-block-paragraph\">+El Fiscal General del Estado, desde el inicio de su gesti\u00f3n, instruy\u00f3 a su equipo de trabajo al desarrollo de acciones de manera coordinada, en raz\u00f3n de la importancia de defender y procurar la justicia para todas y todos los colimenses, aplicando con ello toda la fuerza de acci\u00f3n en la investigaci\u00f3n y el esclarecimiento de los delitos.<\/p>\n\n\n\n<p class=\"wp-block-paragraph\">+A partir de que la instituci\u00f3n comenz\u00f3 a transitar en el nuevo sistema de justicia penal, se aplicaron los esfuerzos en la disminuci\u00f3n de impunidad utilizando tambi\u00e9n las herramientas que ofrecen los medios alternativos de soluci\u00f3n donde en el a\u00f1o 2023 se inform\u00f3 de la obtenci\u00f3n de 1,596 acuerdos reparatorios y se recuperaron m\u00e1s de 20 millones de pesos, por concepto de la reparaci\u00f3n del da\u00f1o en favor de las v\u00edctimas del delito.<\/p>\n\n\n\n<p class=\"wp-block-paragraph\">+Este organismo aut\u00f3nomo informa de manera permanente sobre hechos relevantes de inter\u00e9s para la poblaci\u00f3n como nunca antes se hab\u00eda hecho mediante boletines emitidos a trav\u00e9s de nuestras redes sociales oficiales, p\u00e1gina web adem\u00e1s de comunicar por medio de campa\u00f1as semestrales, informes anuales y entrevistas del titular de la dependencia, as\u00ed como de servidoras y servidores p\u00fablicos en diversos medios digitales, electr\u00f3nicos e impresos.<\/p>\n\n\n\n<p class=\"wp-block-paragraph\">+La informaci\u00f3n se encuentra a disposici\u00f3n de toda persona que desee consultarla en nuestras redes sociales de la Fiscal\u00eda General del Estado y en nuestra p\u00e1gina: <a href=\"http:\/\/www.fgecolima.mx\" rel=\"nofollow\">http:\/\/www.fgecolima.mx<\/a><\/p>\n\n\n\n<p class=\"wp-block-paragraph\">+La FGE, lamenta que no se hayan consultado a la instituci\u00f3n para el an\u00e1lisis de la organizaci\u00f3n civil, ni para las notas period\u00edsticas mencionadas; y reitera su disposici\u00f3n para colaborar con los medios de comunicaci\u00f3n y su total respeto a la libertad de expresi\u00f3n y la libertad de prensa.<\/p>\n\n\n\n<p class=\"wp-block-paragraph\">+La Fiscal\u00eda General del Estado, refrenda su compromiso y determinaci\u00f3n absoluta de continuar dando pasos firmes en el combate a la delincuencia y a la impunidad y que, todo aquel que haya quebrantado la ley deber\u00e1 rendir cuentas ante la justicia y asumir las consecuencias de sus actos.<\/p>\n\n\n\n<p class=\"wp-block-paragraph\">Colima, Col., a 07 de noviembre de 2024<\/p>\n\n\n\n<p class=\"wp-block-paragraph\"><\/p>\n\n\n\n<p class=\"wp-block-paragraph\"><em>Este texto se publica a solicitud de la parte interesada, en ejercicio del derecho de r\u00e9plica, y se reproduce de forma literal.<\/em><\/p>\n<div class=\"fb-background-color\">\n\t\t\t  <div \n\t\t\t  \tclass = \"fb-comments\" \n\t\t\t  \tdata-href = \"https:\/\/diarioavanzada.com.mx\/?p=64770\"\n\t\t\t  \tdata-numposts = \"10\"\n\t\t\t  \tdata-lazy = \"true\"\n\t\t\t\tdata-colorscheme = \"light\"\n\t\t\t\tdata-order-by = \"social\"\n\t\t\t\tdata-mobile=true>\n\t\t\t  <\/div><\/div>\n\t\t  <style>\n\t\t    .fb-background-color {\n\t\t\t\tbackground:  !important;\n\t\t\t}\n\t\t\t.fb_iframe_widget_fluid_desktop iframe {\n\t\t\t    width: 100% !important;\n\t\t\t}\n\t\t  <\/style>\n\t\t  ","protected":false},"excerpt":{"rendered":"<p>+ La Fiscal\u00eda General del Estado aclara que durante 2023 se obtuvieron 193 sentencias condenatorias en delitos como el homicidio doloso, feminicidio y desaparici\u00f3n cometida por particulares, entre otros. La Fiscal\u00eda General del Estado (FGE) aclara que es completamente falso que durante el a\u00f1o 2023 no se lograra ninguna sentencia condenatoria en casos de homicidio [&hellip;]<\/p>\n","protected":false},"author":7,"featured_media":64774,"comment_status":"closed","ping_status":"closed","sticky":false,"template":"","format":"standard","meta":{"_coblocks_attr":"","_coblocks_dimensions":"","_coblocks_responsive_height":"","_coblocks_accordion_ie_support":"","_crdt_document":"","advanced_seo_description":"","jetpack_seo_html_title":"","jetpack_seo_noindex":false,"_jetpack_memberships_contains_paid_content":false,"footnotes":""},"categories":[19,209,231],"tags":[210],"class_list":["post-64770","post","type-post","status-publish","format-standard","has-post-thumbnail","hentry","category-colima","category-importantes","category-seguridad","tag-portada"],"jetpack_featured_media_url":"https:\/\/diarioavanzada.com.mx\/wp-content\/uploads\/2024\/11\/img_8822-1.jpg","jetpack-related-posts":[],"jetpack_sharing_enabled":true,"amp_enabled":true,"_links":{"self":[{"href":"https:\/\/diarioavanzada.com.mx\/index.php?rest_route=\/wp\/v2\/posts\/64770","targetHints":{"allow":["GET"]}}],"collection":[{"href":"https:\/\/diarioavanzada.com.mx\/index.php?rest_route=\/wp\/v2\/posts"}],"about":[{"href":"https:\/\/diarioavanzada.com.mx\/index.php?rest_route=\/wp\/v2\/types\/post"}],"author":[{"embeddable":true,"href":"https:\/\/diarioavanzada.com.mx\/index.php?rest_route=\/wp\/v2\/users\/7"}],"replies":[{"embeddable":true,"href":"https:\/\/diarioavanzada.com.mx\/index.php?rest_route=%2Fwp%2Fv2%2Fcomments&post=64770"}],"version-history":[{"count":2,"href":"https:\/\/diarioavanzada.com.mx\/index.php?rest_route=\/wp\/v2\/posts\/64770\/revisions"}],"predecessor-version":[{"id":64772,"href":"https:\/\/diarioavanzada.com.mx\/index.php?rest_route=\/wp\/v2\/posts\/64770\/revisions\/64772"}],"wp:featuredmedia":[{"embeddable":true,"href":"https:\/\/diarioavanzada.com.mx\/index.php?rest_route=\/wp\/v2\/media\/64774"}],"wp:attachment":[{"href":"https:\/\/diarioavanzada.com.mx\/index.php?rest_route=%2Fwp%2Fv2%2Fmedia&parent=64770"}],"wp:term":[{"taxonomy":"category","embeddable":true,"href":"https:\/\/diarioavanzada.com.mx\/index.php?rest_route=%2Fwp%2Fv2%2Fcategories&post=64770"},{"taxonomy":"post_tag","embeddable":true,"href":"https:\/\/diarioavanzada.com.mx\/index.php?rest_route=%2Fwp%2Fv2%2Ftags&post=64770"}],"curies":[{"name":"wp","href":"https:\/\/api.w.org\/{rel}","templated":true}]}}