{"id":64768,"date":"2024-11-08T05:35:43","date_gmt":"2024-11-08T11:35:43","guid":{"rendered":"https:\/\/diarioavanzada.com.mx\/?p=64768"},"modified":"2024-11-08T05:36:45","modified_gmt":"2024-11-08T11:36:45","slug":"y-que-sigue","status":"publish","type":"post","link":"https:\/\/diarioavanzada.com.mx\/?p=64768","title":{"rendered":"\u00bfY qu\u00e9 sigue?"},"content":{"rendered":"\n<p class=\"wp-block-paragraph\"><strong>Bajo el lente de Ana Rosa Garc\u00eda.<\/strong><\/p>\n\n\n\n<p class=\"wp-block-paragraph\">Preguntan muchos despu\u00e9s del deceso y la traici\u00f3n a la patria por parte del ministro P\u00e9rez Day\u00e1n.&nbsp;<\/p>\n\n\n\n<p class=\"wp-block-paragraph\">\u00bfViviremos de la patada? Habr\u00e1 que preguntarles a los expertos oficialistas. Por ejemplo, a Cuauht\u00e9moc Blanco podr\u00edamos preguntarle si sabe qu\u00e9 es un ejercicio de inconstitucionalidad, o a Gabriela Benavides, qu\u00e9 logr\u00f3 realizar en la legislatura pasada a favor de Colima.<\/p>\n\n\n\n<p class=\"wp-block-paragraph\">Cuando lleg\u00f3 a la alcald\u00eda, contrajo nupcias, sali\u00f3 embarazada y se fue por maternidad, sin concluir los tres a\u00f1os porque pag\u00f3 una senadur\u00eda con los impuestos de Manzanillo.<\/p>\n\n\n\n<p class=\"wp-block-paragraph\">\u00bfY todav\u00eda quiere Rosa Bayardo que le explique Griselda Mart\u00ednez todos los, seg\u00fan ella, desfalcos? Por si no recuerda, la presidenta saliente tuvo que hacer malabares para corregir algunas direcciones con servicios esenciales como el relleno sanitario y la cuenta p\u00fablica.<\/p>\n\n\n\n<p class=\"wp-block-paragraph\">\u00bfNo sabe Bayardo sobre la tarjeta de cr\u00e9dito con la que Virgilio Mendoza, hoy senador de la Rep\u00fablica, y la citada Benavides, en complicidad, orde\u00f1aban recursos?<\/p>\n\n\n\n<p class=\"wp-block-paragraph\">\u00bfPor qu\u00e9 raz\u00f3n insisten en que el ciudadano padezca de Alzheimer y agache la cabeza? Esto, mi querido lector, se debe a que ya se est\u00e1n desmantelando los juzgados tradicionales y empieza la funci\u00f3n absolutista.<\/p>\n\n\n\n<p class=\"wp-block-paragraph\">Solo que, con tanto esc\u00e1ndalo en el pa\u00eds, se les olvid\u00f3 un detalle: \u00bfqui\u00e9n se ir\u00eda a vivir a la Casa Blanca y ser el vecino m\u00e1s implacable con la falta de gobernanza?<\/p>\n\n\n\n<p class=\"wp-block-paragraph\">Trump es la noticia m\u00e1s aplastante por lo que ha declarado respecto a nuestro pa\u00eds. Creo que va a iniciar una cacer\u00eda, y como ya lo saben las cabezas de los c\u00e1rteles, el legislador Macedonio ha mostrado el cobre antes de tiempo al oponerse a que se nombre a los c\u00e1rteles mexicanos como terroristas. \u00a1Pobre!<\/p>\n\n\n\n<p class=\"wp-block-paragraph\">\u00bfC\u00f3mo le fue en \u201cfama p\u00fablica\u201d al ministro P\u00e9rez Day\u00e1n? \u00bfTerrible, verdad? Por m\u00e1s que hubiera esgrimido un buen argumento para justificar su decisi\u00f3n, no lo hubiera logrado; al final, hasta sus asesores renunciaron, al ver el cambio de moneda al mejor postor: Morena.<\/p>\n\n\n\n<p class=\"wp-block-paragraph\">Conclusi\u00f3n: nada bueno se vislumbra en el escenario si comienzan las promesas de aranceles, migraci\u00f3n y combate a la delincuencia por parte de la derecha ya posicionada junto con Milei y Bukele.<\/p>\n<div class=\"fb-background-color\">\n\t\t\t  <div \n\t\t\t  \tclass = \"fb-comments\" \n\t\t\t  \tdata-href = \"https:\/\/diarioavanzada.com.mx\/?p=64768\"\n\t\t\t  \tdata-numposts = \"10\"\n\t\t\t  \tdata-lazy = \"true\"\n\t\t\t\tdata-colorscheme = \"light\"\n\t\t\t\tdata-order-by = \"social\"\n\t\t\t\tdata-mobile=true>\n\t\t\t  <\/div><\/div>\n\t\t  <style>\n\t\t    .fb-background-color {\n\t\t\t\tbackground:  !important;\n\t\t\t}\n\t\t\t.fb_iframe_widget_fluid_desktop iframe {\n\t\t\t    width: 100% !important;\n\t\t\t}\n\t\t  <\/style>\n\t\t  ","protected":false},"excerpt":{"rendered":"<p>Bajo el lente de Ana Rosa Garc\u00eda. Preguntan muchos despu\u00e9s del deceso y la traici\u00f3n a la patria por parte del ministro P\u00e9rez Day\u00e1n.&nbsp; \u00bfViviremos de la patada? Habr\u00e1 que preguntarles a los expertos oficialistas. Por ejemplo, a Cuauht\u00e9moc Blanco podr\u00edamos preguntarle si sabe qu\u00e9 es un ejercicio de inconstitucionalidad, o a Gabriela Benavides, qu\u00e9 [&hellip;]<\/p>\n","protected":false},"author":7,"featured_media":64767,"comment_status":"closed","ping_status":"closed","sticky":false,"template":"","format":"standard","meta":{"_coblocks_attr":"","_coblocks_dimensions":"","_coblocks_responsive_height":"","_coblocks_accordion_ie_support":"","_crdt_document":"","advanced_seo_description":"","jetpack_seo_html_title":"","jetpack_seo_noindex":false,"_jetpack_memberships_contains_paid_content":false,"footnotes":""},"categories":[19,209,24],"tags":[],"class_list":["post-64768","post","type-post","status-publish","format-standard","has-post-thumbnail","hentry","category-colima","category-importantes","category-opinion"],"jetpack_featured_media_url":"https:\/\/diarioavanzada.com.mx\/wp-content\/uploads\/2024\/11\/img_8817-1.jpg","jetpack-related-posts":[],"jetpack_sharing_enabled":true,"amp_enabled":true,"_links":{"self":[{"href":"https:\/\/diarioavanzada.com.mx\/index.php?rest_route=\/wp\/v2\/posts\/64768","targetHints":{"allow":["GET"]}}],"collection":[{"href":"https:\/\/diarioavanzada.com.mx\/index.php?rest_route=\/wp\/v2\/posts"}],"about":[{"href":"https:\/\/diarioavanzada.com.mx\/index.php?rest_route=\/wp\/v2\/types\/post"}],"author":[{"embeddable":true,"href":"https:\/\/diarioavanzada.com.mx\/index.php?rest_route=\/wp\/v2\/users\/7"}],"replies":[{"embeddable":true,"href":"https:\/\/diarioavanzada.com.mx\/index.php?rest_route=%2Fwp%2Fv2%2Fcomments&post=64768"}],"version-history":[{"count":1,"href":"https:\/\/diarioavanzada.com.mx\/index.php?rest_route=\/wp\/v2\/posts\/64768\/revisions"}],"predecessor-version":[{"id":64769,"href":"https:\/\/diarioavanzada.com.mx\/index.php?rest_route=\/wp\/v2\/posts\/64768\/revisions\/64769"}],"wp:featuredmedia":[{"embeddable":true,"href":"https:\/\/diarioavanzada.com.mx\/index.php?rest_route=\/wp\/v2\/media\/64767"}],"wp:attachment":[{"href":"https:\/\/diarioavanzada.com.mx\/index.php?rest_route=%2Fwp%2Fv2%2Fmedia&parent=64768"}],"wp:term":[{"taxonomy":"category","embeddable":true,"href":"https:\/\/diarioavanzada.com.mx\/index.php?rest_route=%2Fwp%2Fv2%2Fcategories&post=64768"},{"taxonomy":"post_tag","embeddable":true,"href":"https:\/\/diarioavanzada.com.mx\/index.php?rest_route=%2Fwp%2Fv2%2Ftags&post=64768"}],"curies":[{"name":"wp","href":"https:\/\/api.w.org\/{rel}","templated":true}]}}