{"id":64702,"date":"2024-11-07T07:47:10","date_gmt":"2024-11-07T13:47:10","guid":{"rendered":"https:\/\/diarioavanzada.com.mx\/?p=64702"},"modified":"2024-11-07T07:47:10","modified_gmt":"2024-11-07T13:47:10","slug":"contrasta-discurso-feminista-de-la-gobernadora-con-la-integracion-de-su-gabinete","status":"publish","type":"post","link":"https:\/\/diarioavanzada.com.mx\/?p=64702","title":{"rendered":"Contrasta discurso feminista de la gobernadora con la integraci\u00f3n de su gabinete"},"content":{"rendered":"\n<p class=\"wp-block-paragraph\">Colima, M\u00e9xico, Avanzada (07\/11\/2024).- La gobernadora de Colima, Indira Vizca\u00edno Silva, ha mantenido un discurso en favor de la equidad de g\u00e9nero y la inclusi\u00f3n de las mujeres en todos los niveles de gobierno, se\u00f1alando en diversas ocasiones que \u201cla transformaci\u00f3n ser\u00e1 feminista o no ser\u00e1\u201d. Sin embargo, la composici\u00f3n de su gabinete parece contradecir este compromiso, pues de las 18 secretar\u00edas y subsecretar\u00edas de su administraci\u00f3n, solo cuatro est\u00e1n ocupadas por mujeres.<\/p>\n\n\n\n<p class=\"wp-block-paragraph\">Esta disparidad cuestiona la coherencia entre sus declaraciones y su pol\u00edtica en la integraci\u00f3n de su equipo. En eventos anteriores, Vizca\u00edno ha destacado la importancia de construir una \u201cequidad total\u201d y ha insistido en que la igualdad entre mujeres y hombres debe ser una realidad, y no solo un ideal en Colima. No obstante, con una representaci\u00f3n femenina limitada en su gabinete, su promesa de transformaci\u00f3n feminista luce debilitada, evidenciando que el liderazgo de las mujeres sigue siendo reducido en la estructura de su gobierno.<\/p>\n\n\n\n<p class=\"wp-block-paragraph\">En t\u00e9rminos legales, la Constituci\u00f3n y diversas leyes en M\u00e9xico impulsan la paridad de g\u00e9nero en cargos p\u00fablicos, especialmente en el \u00e1mbito legislativo, pero a\u00fan no obligan a los ejecutivos estatales, como los gobernadores, a mantener una paridad estricta en su gabinete. Esto significa que, aunque la gobernadora no est\u00e9 obligada a tener un gabinete con un equilibrio exacto entre hombres y mujeres, su integraci\u00f3n refleja la pol\u00edtica de g\u00e9nero de su administraci\u00f3n.<\/p>\n\n\n\n<p class=\"wp-block-paragraph\">La composici\u00f3n de un gabinete con catorce hombres y solo cuatro mujeres puede ser significativa en varios aspectos. Primero, env\u00eda un mensaje sobre la prioridad que la administraci\u00f3n le da a la inclusi\u00f3n de mujeres en roles de liderazgo, especialmente en un contexto donde se busca reducir las brechas de g\u00e9nero en el \u00e1mbito pol\u00edtico y de toma de decisiones. Este desbalance puede reforzar la idea de que, a pesar de los avances en igualdad de g\u00e9nero, a\u00fan persisten estructuras que favorecen la presencia masculina en altos cargos.<\/p>\n\n\n\n<p class=\"wp-block-paragraph\">Adem\u00e1s, tener un gabinete mayoritariamente masculino podr\u00eda afectar la diversidad de perspectivas y enfoques en la toma de decisiones, ya que la experiencia y visi\u00f3n femenina aportan matices distintos en pol\u00edticas p\u00fablicas, especialmente en \u00e1reas que impactan directamente a las mujeres. Aunque no es una obligaci\u00f3n legal, un gabinete m\u00e1s equilibrado en t\u00e9rminos de g\u00e9nero suele reflejar un compromiso mayor con la equidad y puede inspirar confianza en la poblaci\u00f3n respecto al respeto y apoyo hacia la participaci\u00f3n femenina en la vida p\u00fablica y pol\u00edtica.<\/p>\n\n\n\n<p class=\"wp-block-paragraph\">El contraste entre las palabras y la realidad de su administraci\u00f3n genera interrogantes sobre la autenticidad de su compromiso con el feminismo y la igualdad de g\u00e9nero en el \u00e1mbito pol\u00edtico de Colima.<\/p>\n<div class=\"fb-background-color\">\n\t\t\t  <div \n\t\t\t  \tclass = \"fb-comments\" \n\t\t\t  \tdata-href = \"https:\/\/diarioavanzada.com.mx\/?p=64702\"\n\t\t\t  \tdata-numposts = \"10\"\n\t\t\t  \tdata-lazy = \"true\"\n\t\t\t\tdata-colorscheme = \"light\"\n\t\t\t\tdata-order-by = \"social\"\n\t\t\t\tdata-mobile=true>\n\t\t\t  <\/div><\/div>\n\t\t  <style>\n\t\t    .fb-background-color {\n\t\t\t\tbackground:  !important;\n\t\t\t}\n\t\t\t.fb_iframe_widget_fluid_desktop iframe {\n\t\t\t    width: 100% !important;\n\t\t\t}\n\t\t  <\/style>\n\t\t  ","protected":false},"excerpt":{"rendered":"<p>Colima, M\u00e9xico, Avanzada (07\/11\/2024).- La gobernadora de Colima, Indira Vizca\u00edno Silva, ha mantenido un discurso en favor de la equidad de g\u00e9nero y la inclusi\u00f3n de las mujeres en todos los niveles de gobierno, se\u00f1alando en diversas ocasiones que \u201cla transformaci\u00f3n ser\u00e1 feminista o no ser\u00e1\u201d. Sin embargo, la composici\u00f3n de su gabinete parece contradecir [&hellip;]<\/p>\n","protected":false},"author":7,"featured_media":64701,"comment_status":"closed","ping_status":"closed","sticky":false,"template":"","format":"standard","meta":{"_coblocks_attr":"","_coblocks_dimensions":"","_coblocks_responsive_height":"","_coblocks_accordion_ie_support":"","_crdt_document":"","advanced_seo_description":"","jetpack_seo_html_title":"","jetpack_seo_noindex":false,"_jetpack_memberships_contains_paid_content":false,"footnotes":""},"categories":[19,209],"tags":[],"class_list":["post-64702","post","type-post","status-publish","format-standard","has-post-thumbnail","hentry","category-colima","category-importantes"],"jetpack_featured_media_url":"https:\/\/diarioavanzada.com.mx\/wp-content\/uploads\/2024\/11\/img_8771-1.jpg","jetpack-related-posts":[],"jetpack_sharing_enabled":true,"amp_enabled":true,"_links":{"self":[{"href":"https:\/\/diarioavanzada.com.mx\/index.php?rest_route=\/wp\/v2\/posts\/64702","targetHints":{"allow":["GET"]}}],"collection":[{"href":"https:\/\/diarioavanzada.com.mx\/index.php?rest_route=\/wp\/v2\/posts"}],"about":[{"href":"https:\/\/diarioavanzada.com.mx\/index.php?rest_route=\/wp\/v2\/types\/post"}],"author":[{"embeddable":true,"href":"https:\/\/diarioavanzada.com.mx\/index.php?rest_route=\/wp\/v2\/users\/7"}],"replies":[{"embeddable":true,"href":"https:\/\/diarioavanzada.com.mx\/index.php?rest_route=%2Fwp%2Fv2%2Fcomments&post=64702"}],"version-history":[{"count":0,"href":"https:\/\/diarioavanzada.com.mx\/index.php?rest_route=\/wp\/v2\/posts\/64702\/revisions"}],"wp:featuredmedia":[{"embeddable":true,"href":"https:\/\/diarioavanzada.com.mx\/index.php?rest_route=\/wp\/v2\/media\/64701"}],"wp:attachment":[{"href":"https:\/\/diarioavanzada.com.mx\/index.php?rest_route=%2Fwp%2Fv2%2Fmedia&parent=64702"}],"wp:term":[{"taxonomy":"category","embeddable":true,"href":"https:\/\/diarioavanzada.com.mx\/index.php?rest_route=%2Fwp%2Fv2%2Fcategories&post=64702"},{"taxonomy":"post_tag","embeddable":true,"href":"https:\/\/diarioavanzada.com.mx\/index.php?rest_route=%2Fwp%2Fv2%2Ftags&post=64702"}],"curies":[{"name":"wp","href":"https:\/\/api.w.org\/{rel}","templated":true}]}}