{"id":64679,"date":"2024-11-07T04:39:50","date_gmt":"2024-11-07T10:39:50","guid":{"rendered":"https:\/\/diarioavanzada.com.mx\/?p=64679"},"modified":"2024-11-07T04:39:50","modified_gmt":"2024-11-07T10:39:50","slug":"la-fiscalia-es-una-porqueria","status":"publish","type":"post","link":"https:\/\/diarioavanzada.com.mx\/?p=64679","title":{"rendered":"La fiscal\u00eda es una porquer\u00eda"},"content":{"rendered":"\n<p class=\"wp-block-paragraph\">Columna<\/p>\n\n\n\n<p class=\"wp-block-paragraph\">El Puercoesp\u00edn&nbsp;<\/p>\n\n\n\n<p class=\"s5 wp-block-paragraph\">\u201cLa Fiscal\u00eda es una porquer\u00eda, aqu\u00ed todos est\u00e1n metidos con la delincuencia organizada, empezando por el fiscal\u201d. Son palabras que se le acreditan a Francisco Javier Almaz\u00e1n Torres en las redes sociales.<\/p>\n\n\n\n<p class=\"s5 wp-block-paragraph\">El&nbsp;vicefiscal&nbsp;de procedimientos penales&nbsp;y&nbsp;vocero de seguridad, Francisco Javier Almaz\u00e1n Torres, renunci\u00f3 hace unos d\u00edas a sus dos cargos, seg\u00fan versiones extraoficiales, pero considerando la opacidad y la incapacidad de comunicar algo bien&nbsp;por parte del gobierno todo&nbsp;indica que es verdad.<\/p>\n\n\n\n<p class=\"s5 wp-block-paragraph\">Francisco Javier Almaz\u00e1n es capit\u00e1n activo de la Secretar\u00eda de Marina y fue nombrado&nbsp;vicefiscal&nbsp;de Procedimientos Penales, de la Fiscal\u00eda General del Estado, y a su vez fue designado vocero de la Mesa de Coordinaci\u00f3n para la Construcci\u00f3n de la Paz y la Seguridad.<\/p>\n\n\n\n<p class=\"s5 wp-block-paragraph\">Almaz\u00e1n Torres sustituy\u00f3 al licenciado Gustavo Adri\u00e1n Joya Cervera, pues \u00e9ste representaba conflictos de inter\u00e9s en la Fiscal\u00eda,&nbsp;pues su sobrino Axel Joya est\u00e1 siendo investigado por fraude.<\/p>\n\n\n\n<p class=\"s5 wp-block-paragraph\">La salida de Francisco Javier Almaz\u00e1n Torres se da&nbsp;en tiempos cr\u00edticos para la Fiscal\u00eda.&nbsp;<\/p>\n\n\n\n<p class=\"s5 wp-block-paragraph\">Dos casos cr\u00edticos est\u00e1n latentes en la opini\u00f3n p\u00fablica:&nbsp;la masacre del Crimen de Puerta de Anzar y&nbsp;la revictimizaci\u00f3n del asesinato de la periodista Paty Bunbury. En ambos casos la Fiscal\u00eda sale muy mal parada, pues sus acciones son m\u00e1s propias de un c\u00e1rtel criminal que&nbsp;de&nbsp;una&nbsp;instituci\u00f3n&nbsp;de procuraci\u00f3n de justicia.<\/p>\n\n\n\n<p class=\"s5 wp-block-paragraph\">En el caso del Crimen de Puerta de \u00c1nzar el fiscal se encarg\u00f3 de contaminar el caso, pero la Fiscal\u00eda General de la Rep\u00fablica ya investiga, y,&nbsp;por lo pronto,&nbsp;el procurador se declar\u00f3&nbsp;confeso&nbsp;de haber abierto los celulares de los asesinados y haberse encontrado&nbsp;\u201cpor azar\u201d&nbsp;informaci\u00f3n de que se trata de miembros del crimen organizado denominados \u201cmata polic\u00edas\u201d.&nbsp;<\/p>\n\n\n\n<p class=\"s5 wp-block-paragraph\">En el caso de Paty Bunbury el fiscal fiel a su falta de \u00e9tica y su condici\u00f3n de inhumano se dedic\u00f3 a humillar y defenestrar a la asesinada, as\u00ed como a su familia.<\/p>\n\n\n\n<p class=\"s5 wp-block-paragraph\">En ambos casos: humill\u00f3, ofendi\u00f3, revictimiz\u00f3, juzg\u00f3 y conden\u00f3. Vaya fiscal antisocial.&nbsp;<\/p>\n\n\n\n<p class=\"s5 wp-block-paragraph\">Las&nbsp;declaraciones&nbsp;de&nbsp;Almaz\u00e1n&nbsp;Torres son muy congruentes con&nbsp;la&nbsp;realidad y tambi\u00e9n con las declaraciones-denuncias de polic\u00edas activos de la Polic\u00eda Estatal Preventiva.<\/p>\n\n\n\n<p class=\"s5 wp-block-paragraph\">Por&nbsp;otro lado,&nbsp;un comunico an\u00f3nimo que denominan: \u201cCOMUNICADO PARA INDIRA VIZCAINO SILVA GOBERNADORA DEL ESTADO DE COLIMA\u201d, y dice as\u00ed en su introducci\u00f3n:<\/p>\n\n\n\n<p class=\"s5 wp-block-paragraph\">\u201cHASTA CUANDO VAS A PONER ORDEN EN CADA INSTITUCI\u00d3N DE SEGURIDAD PUBLICA (POLICIA ESTATAL PREVENTIVA Y FISCALIA GENERAL DEL ESTADO DE COLIMA, YA ESTAMOS HARTOS DE QUE NUESTROS SUPERIORES NO NOS ESCUCHEN, QUE NUESTRAS PROPUESTAS SEAN IGNORADAS Y RECIBAMOS AMENAZAS A DIARIO.\u201d<\/p>\n\n\n\n<p class=\"s5 wp-block-paragraph\">En el cuerpo del texto se quejan de que los marinos que han puesto al mando y encargados de turnos les exigen: mont\u00f3n de efectivo por turno; firmar papeles fuera de la legalidad; amenazas de sanciones;&nbsp;arrestos; darlos de baja arbitrariamente: e incluso, privarlos de su libertad.&nbsp;<\/p>\n\n\n\n<p class=\"s5 wp-block-paragraph\">Adem\u00e1s, exponen casos concretos de corrupci\u00f3n y abusos con nombres concretos y apodos.<\/p>\n\n\n\n<p class=\"s5 wp-block-paragraph\">Los pasquines aparecidos a lo largo y lo ancho del estado son testimonios de que la corrupci\u00f3n en la Polic\u00eda Estatal Preventiva y la Fiscal\u00eda supura pus por donde se le pinche.<\/p>\n\n\n\n<p class=\"s5 wp-block-paragraph\">La corrupci\u00f3n en las instituciones policiacas no son rumores, son secretos a voces. La Fiscal\u00eda est\u00e1 podrida y el gobierno no hace nada, todo lo contario la tolera, la apoya y la impulsa.<\/p>\n\n\n\n<p class=\"s5 wp-block-paragraph\">\u201cLa Fiscal\u00eda es una porquer\u00eda, aqu\u00ed todos est\u00e1n metidos con la delincuencia organizada, empezando por el fiscal\u201d. Cualquiera en Colima podr\u00eda pronunciar estas palabras y no faltar a la verdad porque en el&nbsp;Colima estamos padeciendo la inseguridad en gran escala,&nbsp;solo los miembros del gobierno de Indira Vizcaino no se dan cuenta.<\/p>\n\n\n\n<p class=\"s5 wp-block-paragraph\">El gobierno de Indira es un gobierno podrido y ella lo sabe.<\/p>\n<div class=\"fb-background-color\">\n\t\t\t  <div \n\t\t\t  \tclass = \"fb-comments\" \n\t\t\t  \tdata-href = \"https:\/\/diarioavanzada.com.mx\/?p=64679\"\n\t\t\t  \tdata-numposts = \"10\"\n\t\t\t  \tdata-lazy = \"true\"\n\t\t\t\tdata-colorscheme = \"light\"\n\t\t\t\tdata-order-by = \"social\"\n\t\t\t\tdata-mobile=true>\n\t\t\t  <\/div><\/div>\n\t\t  <style>\n\t\t    .fb-background-color {\n\t\t\t\tbackground:  !important;\n\t\t\t}\n\t\t\t.fb_iframe_widget_fluid_desktop iframe {\n\t\t\t    width: 100% !important;\n\t\t\t}\n\t\t  <\/style>\n\t\t  ","protected":false},"excerpt":{"rendered":"<p>Columna El Puercoesp\u00edn&nbsp; \u201cLa Fiscal\u00eda es una porquer\u00eda, aqu\u00ed todos est\u00e1n metidos con la delincuencia organizada, empezando por el fiscal\u201d. Son palabras que se le acreditan a Francisco Javier Almaz\u00e1n Torres en las redes sociales. El&nbsp;vicefiscal&nbsp;de procedimientos penales&nbsp;y&nbsp;vocero de seguridad, Francisco Javier Almaz\u00e1n Torres, renunci\u00f3 hace unos d\u00edas a sus dos cargos, seg\u00fan versiones extraoficiales, [&hellip;]<\/p>\n","protected":false},"author":9,"featured_media":64678,"comment_status":"closed","ping_status":"closed","sticky":false,"template":"","format":"standard","meta":{"_coblocks_attr":"","_coblocks_dimensions":"","_coblocks_responsive_height":"","_coblocks_accordion_ie_support":"","_crdt_document":"","advanced_seo_description":"","jetpack_seo_html_title":"","jetpack_seo_noindex":false,"_jetpack_memberships_contains_paid_content":false,"footnotes":""},"categories":[19,209,24],"tags":[],"class_list":["post-64679","post","type-post","status-publish","format-standard","has-post-thumbnail","hentry","category-colima","category-importantes","category-opinion"],"jetpack_featured_media_url":"https:\/\/diarioavanzada.com.mx\/wp-content\/uploads\/2024\/11\/img_8736-1.jpg","jetpack-related-posts":[],"jetpack_sharing_enabled":true,"amp_enabled":true,"_links":{"self":[{"href":"https:\/\/diarioavanzada.com.mx\/index.php?rest_route=\/wp\/v2\/posts\/64679","targetHints":{"allow":["GET"]}}],"collection":[{"href":"https:\/\/diarioavanzada.com.mx\/index.php?rest_route=\/wp\/v2\/posts"}],"about":[{"href":"https:\/\/diarioavanzada.com.mx\/index.php?rest_route=\/wp\/v2\/types\/post"}],"author":[{"embeddable":true,"href":"https:\/\/diarioavanzada.com.mx\/index.php?rest_route=\/wp\/v2\/users\/9"}],"replies":[{"embeddable":true,"href":"https:\/\/diarioavanzada.com.mx\/index.php?rest_route=%2Fwp%2Fv2%2Fcomments&post=64679"}],"version-history":[{"count":0,"href":"https:\/\/diarioavanzada.com.mx\/index.php?rest_route=\/wp\/v2\/posts\/64679\/revisions"}],"wp:featuredmedia":[{"embeddable":true,"href":"https:\/\/diarioavanzada.com.mx\/index.php?rest_route=\/wp\/v2\/media\/64678"}],"wp:attachment":[{"href":"https:\/\/diarioavanzada.com.mx\/index.php?rest_route=%2Fwp%2Fv2%2Fmedia&parent=64679"}],"wp:term":[{"taxonomy":"category","embeddable":true,"href":"https:\/\/diarioavanzada.com.mx\/index.php?rest_route=%2Fwp%2Fv2%2Fcategories&post=64679"},{"taxonomy":"post_tag","embeddable":true,"href":"https:\/\/diarioavanzada.com.mx\/index.php?rest_route=%2Fwp%2Fv2%2Ftags&post=64679"}],"curies":[{"name":"wp","href":"https:\/\/api.w.org\/{rel}","templated":true}]}}