{"id":64596,"date":"2024-11-06T06:12:18","date_gmt":"2024-11-06T12:12:18","guid":{"rendered":"https:\/\/diarioavanzada.com.mx\/?p=64596"},"modified":"2024-11-06T06:17:06","modified_gmt":"2024-11-06T12:17:06","slug":"la-mala-hora-de-colima","status":"publish","type":"post","link":"https:\/\/diarioavanzada.com.mx\/?p=64596","title":{"rendered":"La mala hora&nbsp;de&nbsp;Colima"},"content":{"rendered":"\n<p class=\"wp-block-paragraph\">Columna<\/p>\n\n\n\n<p class=\"wp-block-paragraph\">El Puercoesp\u00edn&nbsp;<\/p>\n\n\n\n<p class=\"s5 wp-block-paragraph\">\u201cPor este medio nos dirigimos a toda la ciudadan\u00eda en general.<\/p>\n\n\n\n<p class=\"s5 wp-block-paragraph\">No vamos a permitir secuestros&nbsp;express, ladrones de todo tipo, chapulines,&nbsp;extorsionadoras&nbsp;y violadores, estos delitos son reprobables para nosotros. Vamos a seguir limpiando las calles, as\u00ed como se ha hecho hasta ahora. La consigna es regresar la paz a Colima; cueste lo que cueste.<\/p>\n\n\n\n<p class=\"s5 wp-block-paragraph\">ATTE. GRUPO T.A.I &nbsp; CJNG\u201d<\/p>\n\n\n\n<p class=\"s5 wp-block-paragraph\">En la zona conurbada de Colima-Villla&nbsp;de \u00c1lvarez aparecieron unos decretos a manera de pasquines donde el crimen organizado advierte y ordena a los delincuentes comunes las disposiciones a seguir en las conductas&nbsp;civiles.&nbsp;El crimen organizado gobernado por decreto.<\/p>\n\n\n\n<p class=\"s5 wp-block-paragraph\">El gobierno ni por enterado se da y su vocero ni la boca abre, particularmente el vocero de la Fiscal\u00eda es muy&nbsp;\u201cestridente\u201d. El gobierno de&nbsp;Indira&nbsp;pr\u00e1cticamente se est\u00e1 replegando a las disposiciones del c\u00e1rtel de las cuatro letras,&nbsp;el CJNG.<\/p>\n\n\n\n<p class=\"s5 wp-block-paragraph\">Las colonias Tabachines, el Rancho de Villa, los departamentos de F\u00e1tima, jardines Villas de la Flores, colonia la Albarrada&nbsp;y el jard\u00edn de Villa&nbsp;Izcalli&nbsp;amanecieron con pasquines a manera de&nbsp;decretos&nbsp;dictando las nuevas normas a seguir por los civiles.<\/p>\n\n\n\n<p class=\"s5 wp-block-paragraph\">El gobierno de Indira y la Fiscal\u00eda con su silencio est\u00e1n dando el benepl\u00e1cito a los edictos del crimen organizado.<\/p>\n\n\n\n<p class=\"s5 wp-block-paragraph\">Garc\u00eda M\u00e1rquez en&nbsp;La mala hora&nbsp;describe&nbsp;la corrupci\u00f3n inherente al poder y la fragilidad&nbsp;de la verdad en una sociedad basada en rumores.&nbsp;La&nbsp;mala hora&nbsp;es un paradigma de&nbsp;c\u00f3mo&nbsp;lleva el rumor a una sociedad a situaciones de violencia extremas, en la&nbsp;novela&nbsp;Garc\u00eda M\u00e1rquez&nbsp;explorar la profundidad de la experiencia humana.<\/p>\n\n\n\n<p class=\"s5 wp-block-paragraph\">En la novela M\u00e1rquez relata como un comerciante de ganado mata a un cantor popular, supuesto amante de su esposa, tras leer un pasqu\u00edn an\u00f3nimo en la puerta de su casa.<\/p>\n\n\n\n<p class=\"s5 wp-block-paragraph\">Los pasquines son denuncias sobre la vida priva de los ciudadanos, que revelan secretos que ya se sab\u00edan.<\/p>\n\n\n\n<p class=\"s5 wp-block-paragraph\">Los pasquines representan la materializaci\u00f3n de la violencia colectiva, que podr\u00eda detonar el inicio de un conflicto armado, una guerra civil.&nbsp;<\/p>\n\n\n\n<p class=\"s5 wp-block-paragraph\">La novela termina con la respuesta de Casandra, la adivina del circo, a la pregunta del&nbsp;alcalde: \u201cEs todo el pueblo y no es nadie.\u201d<\/p>\n\n\n\n<p class=\"s5 wp-block-paragraph\">Los pasquines en Colima son,\u00a0en la vida\u00a0real,\u00a0la expansi\u00f3n del rumor para\u00a0confrontar\u00a0un c\u00e1rtel contra otro y se desate una lucha\u00a0fratricida\u00a0y sea la violencia el m\u00e9todo para resolver sus diferencias del mercado de las drogas \u00bfY\u00a0el gobierno? El gobierno parece estar pintado en\u00a0la\u00a0\u201cpader\u201d. El gobierno\u00a0abiertamente est\u00e1 dejando hacer\u00a0dejando\u00a0pasar todo lo que haga el CJNG, se lava las manos, todo indica que est\u00e1 tomando parte en uno de los bandos del conflicto y\u00a0est\u00e1 haciendo\u00a0creer\u00a0que la lucha es entre c\u00e1rteles donde el gobierno no tiene nada que ver.\u00a0La disputa entre los c\u00e1rteles de Sinaloa, los Mezcales y CJNG pareciera una disputa entre pares, pero no,\u00a0el gobierno ya tom\u00f3 partido por el de cuatro letras.\u00a0<\/p>\n\n\n\n<p class=\"s5 wp-block-paragraph\">Grave la postura del gobierno que ha optado por apoyar a un c\u00e1rtel y utilizar el rumor para propiciar los asesinatos en la v\u00eda p\u00fablica como una guerra ajena a sus competencias.<\/p>\n\n\n\n<p class=\"s5 wp-block-paragraph\">Indira no sirve para gobernar y lo peor es que ya tom\u00f3 parte del conflicto, ella es parte de un c\u00e1rtel, el c\u00e1rtel de los pasquines.&nbsp;<\/p>\n\n\n\n<p class=\"s5 wp-block-paragraph\">La mala hora&nbsp;se public\u00f3 en 1962 y su trama sigue tan vigente en Colima como el mismo d\u00eda que se escribi\u00f3.<\/p>\n\n\n\n<p class=\"s5 wp-block-paragraph\">En Colima no hay gobierno solo c\u00e1rteles en disputa. \u00bfQu\u00e9 sigue? No lo sabemos,&nbsp;lo \u00fanico certero es que&nbsp;la&nbsp;disputa ser\u00e1 m\u00e1s sanguinaria.<\/p>\n\n\n\n<p class=\"s5 wp-block-paragraph\">No cabe duda\u00a0de que\u00a0Indira Vizca\u00edno y sus ineptos miembros de su gabinete ante el inminente fin del sexenio han optado por el rumor y\u00a0la mentira como m\u00e9todos pol\u00edticos:\u00a0con Indira estamos viviendo La mala hora.<\/p>\n\n\n\n<p class=\"s5 wp-block-paragraph\">&nbsp;<\/p>\n\n\n\n<p class=\"s5 wp-block-paragraph\">&nbsp;<\/p>\n\n\n\n<p class=\"s5 wp-block-paragraph\">&nbsp;<\/p>\n\n\n\n<p class=\"s5 wp-block-paragraph\">&nbsp;<\/p>\n<div class=\"fb-background-color\">\n\t\t\t  <div \n\t\t\t  \tclass = \"fb-comments\" \n\t\t\t  \tdata-href = \"https:\/\/diarioavanzada.com.mx\/?p=64596\"\n\t\t\t  \tdata-numposts = \"10\"\n\t\t\t  \tdata-lazy = \"true\"\n\t\t\t\tdata-colorscheme = \"light\"\n\t\t\t\tdata-order-by = \"social\"\n\t\t\t\tdata-mobile=true>\n\t\t\t  <\/div><\/div>\n\t\t  <style>\n\t\t    .fb-background-color {\n\t\t\t\tbackground:  !important;\n\t\t\t}\n\t\t\t.fb_iframe_widget_fluid_desktop iframe {\n\t\t\t    width: 100% !important;\n\t\t\t}\n\t\t  <\/style>\n\t\t  ","protected":false},"excerpt":{"rendered":"<p>Columna El Puercoesp\u00edn&nbsp; \u201cPor este medio nos dirigimos a toda la ciudadan\u00eda en general. No vamos a permitir secuestros&nbsp;express, ladrones de todo tipo, chapulines,&nbsp;extorsionadoras&nbsp;y violadores, estos delitos son reprobables para nosotros. Vamos a seguir limpiando las calles, as\u00ed como se ha hecho hasta ahora. La consigna es regresar la paz a Colima; cueste lo que [&hellip;]<\/p>\n","protected":false},"author":9,"featured_media":64595,"comment_status":"closed","ping_status":"closed","sticky":false,"template":"","format":"standard","meta":{"_coblocks_attr":"","_coblocks_dimensions":"","_coblocks_responsive_height":"","_coblocks_accordion_ie_support":"","_crdt_document":"","advanced_seo_description":"","jetpack_seo_html_title":"","jetpack_seo_noindex":false,"_jetpack_memberships_contains_paid_content":false,"footnotes":""},"categories":[19,209,24],"tags":[],"class_list":["post-64596","post","type-post","status-publish","format-standard","has-post-thumbnail","hentry","category-colima","category-importantes","category-opinion"],"jetpack_featured_media_url":"https:\/\/diarioavanzada.com.mx\/wp-content\/uploads\/2024\/11\/img_8619-1.jpg","jetpack-related-posts":[],"jetpack_sharing_enabled":true,"amp_enabled":true,"_links":{"self":[{"href":"https:\/\/diarioavanzada.com.mx\/index.php?rest_route=\/wp\/v2\/posts\/64596","targetHints":{"allow":["GET"]}}],"collection":[{"href":"https:\/\/diarioavanzada.com.mx\/index.php?rest_route=\/wp\/v2\/posts"}],"about":[{"href":"https:\/\/diarioavanzada.com.mx\/index.php?rest_route=\/wp\/v2\/types\/post"}],"author":[{"embeddable":true,"href":"https:\/\/diarioavanzada.com.mx\/index.php?rest_route=\/wp\/v2\/users\/9"}],"replies":[{"embeddable":true,"href":"https:\/\/diarioavanzada.com.mx\/index.php?rest_route=%2Fwp%2Fv2%2Fcomments&post=64596"}],"version-history":[{"count":1,"href":"https:\/\/diarioavanzada.com.mx\/index.php?rest_route=\/wp\/v2\/posts\/64596\/revisions"}],"predecessor-version":[{"id":64598,"href":"https:\/\/diarioavanzada.com.mx\/index.php?rest_route=\/wp\/v2\/posts\/64596\/revisions\/64598"}],"wp:featuredmedia":[{"embeddable":true,"href":"https:\/\/diarioavanzada.com.mx\/index.php?rest_route=\/wp\/v2\/media\/64595"}],"wp:attachment":[{"href":"https:\/\/diarioavanzada.com.mx\/index.php?rest_route=%2Fwp%2Fv2%2Fmedia&parent=64596"}],"wp:term":[{"taxonomy":"category","embeddable":true,"href":"https:\/\/diarioavanzada.com.mx\/index.php?rest_route=%2Fwp%2Fv2%2Fcategories&post=64596"},{"taxonomy":"post_tag","embeddable":true,"href":"https:\/\/diarioavanzada.com.mx\/index.php?rest_route=%2Fwp%2Fv2%2Ftags&post=64596"}],"curies":[{"name":"wp","href":"https:\/\/api.w.org\/{rel}","templated":true}]}}