{"id":64557,"date":"2024-11-05T17:44:09","date_gmt":"2024-11-05T23:44:09","guid":{"rendered":"https:\/\/diarioavanzada.com.mx\/?p=64557"},"modified":"2024-11-05T17:46:00","modified_gmt":"2024-11-05T23:46:00","slug":"asesinan-al-ambientalista-abraham-alejandro-gobel-en-tlaquepaque-jalisco-habria-sido-victima-de-un-robo-con-violencia","status":"publish","type":"post","link":"https:\/\/diarioavanzada.com.mx\/?p=64557","title":{"rendered":"Asesinan al ambientalista Abraham Alejandro Gobel en Jalisco"},"content":{"rendered":"\n<p class=\"p1 wp-block-paragraph\">Jalisco, M\u00e9xico, Avanzada (05\/11\/2024).- El ambientalista y luchador social Abraham Alejandro Gobel fue asesinado la noche del domingo en la colonia El \u00c1lamo, en San Pedro Tlaquepaque, luego de ser v\u00edctima de un violento robo. Seg\u00fan las primeras investigaciones, Gobel habr\u00eda sido citado por dos sujetos interesados en la compra de su motocicleta, en el cruce de la Calzada C\u00f3rdoba y la Avenida Ni\u00f1os H\u00e9roes.<\/p>\n\n\n\n<p class=\"p1 wp-block-paragraph\">De acuerdo con testimonios y reportes policiales, los presuntos compradores lo amenazaron con un arma de fuego en un intento de despojarlo de su motocicleta. Sin embargo, al resistirse, fue atacado a balazos, recibiendo al menos cuatro impactos en distintas partes del cuerpo. Los agresores tomaron la motocicleta y huyeron del lugar, dejando a Gobel tendido en el pavimento.<\/p>\n\n\n\n<p class=\"p1 wp-block-paragraph\">Vecinos de la zona dieron aviso al 911, y minutos despu\u00e9s, param\u00e9dicos de la Cruz Verde Marcos Montero acudieron al lugar. Lamentablemente, al revisar al activista, confirmaron que ya no presentaba signos vitales. Polic\u00edas municipales acordonaron la escena del crimen y peritos del Instituto Jalisciense de Ciencias Forenses realizaron el levantamiento del cuerpo.<\/p>\n\n\n\n<p class=\"p1 wp-block-paragraph\">Gobel era conocido en la comunidad por su activismo en defensa del medio ambiente y, recientemente, por su postura cr\u00edtica contra el programa de verificaci\u00f3n vehicular en Jalisco, el cual consideraba una medida ineficaz para mejorar la calidad del aire en la entidad.<\/p>\n\n\n\n<p class=\"p1 wp-block-paragraph\">Este crimen se suma a una preocupante tendencia de violencia en Jalisco. Seg\u00fan datos de la organizaci\u00f3n Causa en Com\u00fan, en el primer semestre de 2024, la entidad registr\u00f3 273 v\u00edctimas de hechos violentos, lo que la coloca en el cuarto lugar nacional en cuanto a multihomicidios. En comparaci\u00f3n con 2023, cuando Jalisco ocupaba el lugar 16 en esta estad\u00edstica, este a\u00f1o se ha elevado al cuarto puesto, solo por debajo de Guanajuato, Guerrero y Michoac\u00e1n.<\/p>\n\n\n\n<p class=\"p1 wp-block-paragraph\">La Fiscal\u00eda del Estado inici\u00f3 las investigaciones correspondientes para esclarecer el caso y dar con los responsables. El asesinato de Abraham Alejandro Gobel ha conmocionado a la comunidad local y a sus colegas del movimiento ambientalista, quienes exigen justicia y se\u00f1alan la creciente inseguridad que afecta a Jalisco.<\/p>\n<div class=\"fb-background-color\">\n\t\t\t  <div \n\t\t\t  \tclass = \"fb-comments\" \n\t\t\t  \tdata-href = \"https:\/\/diarioavanzada.com.mx\/?p=64557\"\n\t\t\t  \tdata-numposts = \"10\"\n\t\t\t  \tdata-lazy = \"true\"\n\t\t\t\tdata-colorscheme = \"light\"\n\t\t\t\tdata-order-by = \"social\"\n\t\t\t\tdata-mobile=true>\n\t\t\t  <\/div><\/div>\n\t\t  <style>\n\t\t    .fb-background-color {\n\t\t\t\tbackground:  !important;\n\t\t\t}\n\t\t\t.fb_iframe_widget_fluid_desktop iframe {\n\t\t\t    width: 100% !important;\n\t\t\t}\n\t\t  <\/style>\n\t\t  ","protected":false},"excerpt":{"rendered":"<p>Jalisco, M\u00e9xico, Avanzada (05\/11\/2024).- El ambientalista y luchador social Abraham Alejandro Gobel fue asesinado la noche del domingo en la colonia El \u00c1lamo, en San Pedro Tlaquepaque, luego de ser v\u00edctima de un violento robo. Seg\u00fan las primeras investigaciones, Gobel habr\u00eda sido citado por dos sujetos interesados en la compra de su motocicleta, en el [&hellip;]<\/p>\n","protected":false},"author":7,"featured_media":64556,"comment_status":"closed","ping_status":"closed","sticky":false,"template":"","format":"standard","meta":{"_coblocks_attr":"","_coblocks_dimensions":"","_coblocks_responsive_height":"","_coblocks_accordion_ie_support":"","_crdt_document":"","advanced_seo_description":"","jetpack_seo_html_title":"","jetpack_seo_noindex":false,"_jetpack_memberships_contains_paid_content":false,"footnotes":""},"categories":[353,7,231],"tags":[],"class_list":["post-64557","post","type-post","status-publish","format-standard","has-post-thumbnail","hentry","category-jalisco","category-noticias","category-seguridad"],"jetpack_featured_media_url":"https:\/\/diarioavanzada.com.mx\/wp-content\/uploads\/2024\/11\/img_8430-1.jpg","jetpack-related-posts":[],"jetpack_sharing_enabled":true,"amp_enabled":true,"_links":{"self":[{"href":"https:\/\/diarioavanzada.com.mx\/index.php?rest_route=\/wp\/v2\/posts\/64557","targetHints":{"allow":["GET"]}}],"collection":[{"href":"https:\/\/diarioavanzada.com.mx\/index.php?rest_route=\/wp\/v2\/posts"}],"about":[{"href":"https:\/\/diarioavanzada.com.mx\/index.php?rest_route=\/wp\/v2\/types\/post"}],"author":[{"embeddable":true,"href":"https:\/\/diarioavanzada.com.mx\/index.php?rest_route=\/wp\/v2\/users\/7"}],"replies":[{"embeddable":true,"href":"https:\/\/diarioavanzada.com.mx\/index.php?rest_route=%2Fwp%2Fv2%2Fcomments&post=64557"}],"version-history":[{"count":2,"href":"https:\/\/diarioavanzada.com.mx\/index.php?rest_route=\/wp\/v2\/posts\/64557\/revisions"}],"predecessor-version":[{"id":64562,"href":"https:\/\/diarioavanzada.com.mx\/index.php?rest_route=\/wp\/v2\/posts\/64557\/revisions\/64562"}],"wp:featuredmedia":[{"embeddable":true,"href":"https:\/\/diarioavanzada.com.mx\/index.php?rest_route=\/wp\/v2\/media\/64556"}],"wp:attachment":[{"href":"https:\/\/diarioavanzada.com.mx\/index.php?rest_route=%2Fwp%2Fv2%2Fmedia&parent=64557"}],"wp:term":[{"taxonomy":"category","embeddable":true,"href":"https:\/\/diarioavanzada.com.mx\/index.php?rest_route=%2Fwp%2Fv2%2Fcategories&post=64557"},{"taxonomy":"post_tag","embeddable":true,"href":"https:\/\/diarioavanzada.com.mx\/index.php?rest_route=%2Fwp%2Fv2%2Ftags&post=64557"}],"curies":[{"name":"wp","href":"https:\/\/api.w.org\/{rel}","templated":true}]}}