{"id":64516,"date":"2024-11-05T06:41:30","date_gmt":"2024-11-05T12:41:30","guid":{"rendered":"https:\/\/diarioavanzada.com.mx\/?p=64516"},"modified":"2024-11-05T06:41:30","modified_gmt":"2024-11-05T12:41:30","slug":"perseguidos-y-perseguidores","status":"publish","type":"post","link":"https:\/\/diarioavanzada.com.mx\/?p=64516","title":{"rendered":"Perseguidos y perseguidores"},"content":{"rendered":"\n<p class=\"wp-block-paragraph\">Columna<\/p>\n\n\n\n<p class=\"wp-block-paragraph\">El Puercoesp\u00edn&nbsp;<\/p>\n\n\n\n<p class=\"s8 wp-block-paragraph\">La obra de Elena Garro es reconocida por su fuerte cr\u00edtica social, y&nbsp;<strong><em>Andamos huyendo Lola<\/em><\/strong>&nbsp;no es la excepci\u00f3n. A trav\u00e9s de la historia de Lola y su familia, Garro expone las injusticias y desigualdades que existen en la sociedad mexicana. En la novela, se muestra c\u00f3mo la pobreza y la falta de oportunidades afectan a las personas m\u00e1s vulnerables, especialmente a las mujeres.<\/p>\n\n\n\n<p class=\"s8 wp-block-paragraph\">Garro tambi\u00e9n aborda temas como la corrupci\u00f3n y la violencia pol\u00edtica, que son problemas que a\u00fan persisten en M\u00e9xico. La autora denuncia la opresi\u00f3n y la represi\u00f3n que sufren los ciudadanos por parte del gobierno y las fuerzas armadas. Adem\u00e1s, critica la hipocres\u00eda de la sociedad mexicana, que se muestra indiferente ante la violencia y la injusticia, pero que al mismo tiempo se escandaliza por los esc\u00e1ndalos de la vida privada de los pol\u00edticos.<\/p>\n\n\n\n<p class=\"s8 wp-block-paragraph\">En resumen,&nbsp;<strong><em>Andamos huyendo Lola<\/em><\/strong>&nbsp;es una obra que no solo entretiene, sino que tambi\u00e9n invita a la reflexi\u00f3n sobre los problemas sociales que enfrenta M\u00e9xico. Elena Garro logra plasmar de manera magistral la realidad de su pa\u00eds y, a trav\u00e9s de su obra, nos invita a cuestionar y a luchar contra las injusticias que a\u00fan persisten en nuestra sociedad.<\/p>\n\n\n\n<p class=\"s10 wp-block-paragraph\">En&nbsp;<strong><em>Andamos huyendo Lola<\/em><\/strong>&nbsp;hace una magistral exposici\u00f3n de como las personas bajo sus distintas apariencias,&nbsp;no podemos saber a primera instancia,&nbsp;qui\u00e9n es el perseguidor y qui\u00e9nes&nbsp;los perseguidos.<\/p>\n\n\n\n<p class=\"s10 wp-block-paragraph\">Al fina del cuento&nbsp;<strong><em>Andamos huyendo Lola<\/em><\/strong>&nbsp;dice \u201c\u00a1S\u00ed, la&nbsp;Bucci&nbsp;Basso Bass tan andrajosa, parec\u00eda una de esas personas perseguidas y \u00e9l,&nbsp;Soffer, no se dio cuenta de que pertenec\u00eda al otro bando: al de los perseguidores!&nbsp;<strong><em>La experiencia le hab\u00eda ense\u00f1ado que el mundo nuevo, el mundo que \u00e9l lo aterrorizaba, estaba dividido en dos grupos: los perseguidos y los perseguidores<\/em><\/strong>. \u00bfQui\u00e9n hubiera cre\u00eddo que la se\u00f1ora&nbsp;Lelinca&nbsp;con su abrigo de vis\u00f3n de m\u00e1s de cuatro mil d\u00f3lares y su hija alegre y de belles maneras eran las perseguidas? La otra en cambio, con sus harapos ten\u00eda el aire de un animal acorralado.\u201d&nbsp;(p.248 Antolog\u00eda Elena Garro).<\/p>\n\n\n\n<p class=\"s10 wp-block-paragraph\">En Colima el gobierno de Indira desde la campa\u00f1a se victimiz\u00f3 y se present\u00f3 como un grupo democr\u00e1tico que aspiraba a instalar la democracia y a transformar el mundo de la sociedad&nbsp;pol\u00edtica&nbsp;colimense a partir de hacerles justicia a los pobres.&nbsp;<\/p>\n\n\n\n<p class=\"s10 wp-block-paragraph\">Se ubic\u00f3 desde la campa\u00f1a en el bando de los perseguidos, se declar\u00f3 perseguida por el grupo perverso y represor de Nacho Peralta -al cual por cierto perteneci\u00f3 y nunca se ha deslindado-. En&nbsp;s\u00edntesis,&nbsp;se present\u00f3 como una perseguida por un r\u00e9gimen corrupto. La&nbsp;gente le compr\u00f3 la idea y la vot\u00f3 como gobernadora.<\/p>\n\n\n\n<p class=\"s10 wp-block-paragraph\">Hoy ella y su \u00e9lite visten bien, gastan bien, compran casas, carros Tesla y siguen asumi\u00e9ndose como perseguidos; sin embargo, todos los ciudadanos nos hemos dado cuenta&nbsp;de que&nbsp;ellos son ahora los perseguidores.<\/p>\n\n\n\n<p class=\"s10 wp-block-paragraph\">Acosan a los periodistas desde las instituciones, usan al Instituto Electoral del Estado de Colima para lanzar falsas acusaciones de violencia de genero para mantener en acoso a los periodistas, usan la&nbsp;procuradur\u00eda anticorrupci\u00f3n para amenazar y acosar a sus enemigos pol\u00edticos, usan los medios para propalar mentiras contras sus competidores pol\u00edticos y manipulan las redes sociales para fabricar distractoras y acosos contra lo periodistas.<\/p>\n\n\n\n<p class=\"s10 wp-block-paragraph\">Y sobre todo est\u00e1n usando la&nbsp;Fiscal\u00eda General&nbsp;del Estado para construir un r\u00e9gimen de terror.<\/p>\n\n\n\n<p class=\"s10 wp-block-paragraph\">Indira&nbsp;y su grupo,&nbsp;sin darse cuenta,&nbsp;pasaron de ser \u201cperseguidos\u201d a perseguidores, seg\u00fan la visi\u00f3n de la violencia de Elena Garro en su cuento&nbsp;<strong><em>Andamos Huyendo Lola<\/em><\/strong>.<\/p>\n\n\n\n<p class=\"s10 wp-block-paragraph\">El gobierno de Indira pas\u00f3&nbsp;de ser&nbsp;v\u00edctimas&nbsp;a victimarios y simulan no darse cuenta.<\/p>\n\n\n\n<p class=\"s10 wp-block-paragraph\">Pero en resumen son ineptos y lo saben, son perversos y lo saben.<\/p>\n\n\n\n<p class=\"s10 wp-block-paragraph\">La&nbsp;Fiscal\u00eda General&nbsp;del Estado la han convertido en el mejor instrumento para ser unos perfectos perseguidores de la sociedad, ya no son mediadores o defensores de la sociedad del crimen organizado,&nbsp;pues todos los indicadores los ubican como una parte m\u00e1s del crimen organizado.&nbsp;<\/p>\n\n\n\n<p class=\"s10 wp-block-paragraph\">El gobierno de Indira es gobierno perseguidor,&nbsp;seg\u00fan los conceptos de Elena Garro.<\/p>\n\n\n\n<p class=\"s10 wp-block-paragraph\">&nbsp;<\/p>\n\n\n\n<p class=\"s10 wp-block-paragraph\">&nbsp;<\/p>\n\n\n\n<p class=\"s10 wp-block-paragraph\">&nbsp;<\/p>\n\n\n\n<p class=\"s10 wp-block-paragraph\">&nbsp;<\/p>\n<div class=\"fb-background-color\">\n\t\t\t  <div \n\t\t\t  \tclass = \"fb-comments\" \n\t\t\t  \tdata-href = \"https:\/\/diarioavanzada.com.mx\/?p=64516\"\n\t\t\t  \tdata-numposts = \"10\"\n\t\t\t  \tdata-lazy = \"true\"\n\t\t\t\tdata-colorscheme = \"light\"\n\t\t\t\tdata-order-by = \"social\"\n\t\t\t\tdata-mobile=true>\n\t\t\t  <\/div><\/div>\n\t\t  <style>\n\t\t    .fb-background-color {\n\t\t\t\tbackground:  !important;\n\t\t\t}\n\t\t\t.fb_iframe_widget_fluid_desktop iframe {\n\t\t\t    width: 100% !important;\n\t\t\t}\n\t\t  <\/style>\n\t\t  ","protected":false},"excerpt":{"rendered":"<p>Columna El Puercoesp\u00edn&nbsp; La obra de Elena Garro es reconocida por su fuerte cr\u00edtica social, y&nbsp;Andamos huyendo Lola&nbsp;no es la excepci\u00f3n. A trav\u00e9s de la historia de Lola y su familia, Garro expone las injusticias y desigualdades que existen en la sociedad mexicana. En la novela, se muestra c\u00f3mo la pobreza y la falta de [&hellip;]<\/p>\n","protected":false},"author":9,"featured_media":64515,"comment_status":"closed","ping_status":"closed","sticky":false,"template":"","format":"standard","meta":{"_coblocks_attr":"","_coblocks_dimensions":"","_coblocks_responsive_height":"","_coblocks_accordion_ie_support":"","_crdt_document":"","advanced_seo_description":"","jetpack_seo_html_title":"","jetpack_seo_noindex":false,"_jetpack_memberships_contains_paid_content":false,"footnotes":""},"categories":[19,209,24],"tags":[],"class_list":["post-64516","post","type-post","status-publish","format-standard","has-post-thumbnail","hentry","category-colima","category-importantes","category-opinion"],"jetpack_featured_media_url":"https:\/\/diarioavanzada.com.mx\/wp-content\/uploads\/2024\/11\/6c982efe-d63c-4ee4-9c45-f68254bce297-1.png","jetpack-related-posts":[],"jetpack_sharing_enabled":true,"amp_enabled":true,"_links":{"self":[{"href":"https:\/\/diarioavanzada.com.mx\/index.php?rest_route=\/wp\/v2\/posts\/64516","targetHints":{"allow":["GET"]}}],"collection":[{"href":"https:\/\/diarioavanzada.com.mx\/index.php?rest_route=\/wp\/v2\/posts"}],"about":[{"href":"https:\/\/diarioavanzada.com.mx\/index.php?rest_route=\/wp\/v2\/types\/post"}],"author":[{"embeddable":true,"href":"https:\/\/diarioavanzada.com.mx\/index.php?rest_route=\/wp\/v2\/users\/9"}],"replies":[{"embeddable":true,"href":"https:\/\/diarioavanzada.com.mx\/index.php?rest_route=%2Fwp%2Fv2%2Fcomments&post=64516"}],"version-history":[{"count":0,"href":"https:\/\/diarioavanzada.com.mx\/index.php?rest_route=\/wp\/v2\/posts\/64516\/revisions"}],"wp:featuredmedia":[{"embeddable":true,"href":"https:\/\/diarioavanzada.com.mx\/index.php?rest_route=\/wp\/v2\/media\/64515"}],"wp:attachment":[{"href":"https:\/\/diarioavanzada.com.mx\/index.php?rest_route=%2Fwp%2Fv2%2Fmedia&parent=64516"}],"wp:term":[{"taxonomy":"category","embeddable":true,"href":"https:\/\/diarioavanzada.com.mx\/index.php?rest_route=%2Fwp%2Fv2%2Fcategories&post=64516"},{"taxonomy":"post_tag","embeddable":true,"href":"https:\/\/diarioavanzada.com.mx\/index.php?rest_route=%2Fwp%2Fv2%2Ftags&post=64516"}],"curies":[{"name":"wp","href":"https:\/\/api.w.org\/{rel}","templated":true}]}}