{"id":64497,"date":"2024-11-04T21:12:37","date_gmt":"2024-11-05T03:12:37","guid":{"rendered":"https:\/\/diarioavanzada.com.mx\/?p=64497"},"modified":"2024-11-04T21:12:37","modified_gmt":"2024-11-05T03:12:37","slug":"se-buscan-alejandra-y-su-hija-maria-desaparecieron-al-salir-de-jalisco-y-viajar-a-colima","status":"publish","type":"post","link":"https:\/\/diarioavanzada.com.mx\/?p=64497","title":{"rendered":"Se buscan: Alejandra y su hija Mar\u00eda desaparecieron al salir de Jalisco y viajar a Colima"},"content":{"rendered":"\n<p class=\"wp-block-paragraph\">Colima, M\u00e9\ufffcxico, Avanzada (04\/11\/2024).- La Comisi\u00f3n de B\u00fasqueda de Personas del Estado de Colima solicita el apoyo de la ciudadan\u00eda para localizar a Alejandra Rivas G\u00f3mez, de 35 a\u00f1os, y a su hija Mar\u00eda Jos\u00e9 Rivas G\u00f3mez, de un a\u00f1o de edad, quienes fueron vistas por \u00faltima vez el pasado 1 de noviembre de 2024 en la ciudad de Colima, Colima. La desaparici\u00f3n de ambas fue reportada el 4 de noviembre.<\/p>\n\n\n\n<p class=\"wp-block-paragraph\">Alejandra mide 1.65 metros de estatura, tiene el rostro redondo, nariz aguile\u00f1a, cabello chino casta\u00f1o claro y ojos medianos color caf\u00e9. Su tez es blanca y presenta una cicatriz en el brazo izquierdo a la altura del b\u00edceps. Al momento de su desaparici\u00f3n, vest\u00eda pantal\u00f3n de mezclilla, playera negra y tenis negros de la marca Puma.<\/p>\n\n\n\n<p class=\"wp-block-paragraph\">Alejandra y su hija hab\u00edan salido del estado de Jalisco con la intenci\u00f3n de visitar a un familiar en Colima. Desde entonces, no se ha tenido noticia de ellas.<\/p>\n\n\n\n<p class=\"wp-block-paragraph\">La Comisi\u00f3n de B\u00fasqueda de Personas del Estado de Colima pone a disposici\u00f3n de la ciudadan\u00eda el n\u00famero telef\u00f3nico 312 131 3809 para recibir cualquier informaci\u00f3n que pueda ayudar a localizar a Alejandra y Mar\u00eda Jos\u00e9. Cualquier dato es importante para facilitar su regreso a casa.<\/p>\n\n\n\n<figure class=\"wp-block-image size-large\"><img loading=\"lazy\" decoding=\"async\" width=\"989\" height=\"846\" src=\"https:\/\/diarioavanzada.com.mx\/wp-content\/uploads\/2024\/11\/img_8465-1.jpg\" class=\"wp-image-64495\" srcset=\"https:\/\/diarioavanzada.com.mx\/wp-content\/uploads\/2024\/11\/img_8465-1.jpg 989w, https:\/\/diarioavanzada.com.mx\/wp-content\/uploads\/2024\/11\/img_8465-1-300x257.jpg 300w, https:\/\/diarioavanzada.com.mx\/wp-content\/uploads\/2024\/11\/img_8465-1-768x657.jpg 768w\" sizes=\"auto, (max-width: 989px) 100vw, 989px\" \/><\/figure>\n<div class=\"fb-background-color\">\n\t\t\t  <div \n\t\t\t  \tclass = \"fb-comments\" \n\t\t\t  \tdata-href = \"https:\/\/diarioavanzada.com.mx\/?p=64497\"\n\t\t\t  \tdata-numposts = \"10\"\n\t\t\t  \tdata-lazy = \"true\"\n\t\t\t\tdata-colorscheme = \"light\"\n\t\t\t\tdata-order-by = \"social\"\n\t\t\t\tdata-mobile=true>\n\t\t\t  <\/div><\/div>\n\t\t  <style>\n\t\t    .fb-background-color {\n\t\t\t\tbackground:  !important;\n\t\t\t}\n\t\t\t.fb_iframe_widget_fluid_desktop iframe {\n\t\t\t    width: 100% !important;\n\t\t\t}\n\t\t  <\/style>\n\t\t  ","protected":false},"excerpt":{"rendered":"<p>Colima, M\u00e9\ufffcxico, Avanzada (04\/11\/2024).- La Comisi\u00f3n de B\u00fasqueda de Personas del Estado de Colima solicita el apoyo de la ciudadan\u00eda para localizar a Alejandra Rivas G\u00f3mez, de 35 a\u00f1os, y a su hija Mar\u00eda Jos\u00e9 Rivas G\u00f3mez, de un a\u00f1o de edad, quienes fueron vistas por \u00faltima vez el pasado 1 de noviembre de 2024 [&hellip;]<\/p>\n","protected":false},"author":7,"featured_media":64496,"comment_status":"closed","ping_status":"closed","sticky":false,"template":"","format":"standard","meta":{"_coblocks_attr":"","_coblocks_dimensions":"","_coblocks_responsive_height":"","_coblocks_accordion_ie_support":"","_crdt_document":"","advanced_seo_description":"","jetpack_seo_html_title":"","jetpack_seo_noindex":false,"_jetpack_memberships_contains_paid_content":false,"footnotes":""},"categories":[19,209,231],"tags":[],"class_list":["post-64497","post","type-post","status-publish","format-standard","has-post-thumbnail","hentry","category-colima","category-importantes","category-seguridad"],"jetpack_featured_media_url":"https:\/\/diarioavanzada.com.mx\/wp-content\/uploads\/2024\/11\/img_8467-1.jpg","jetpack-related-posts":[],"jetpack_sharing_enabled":true,"amp_enabled":true,"_links":{"self":[{"href":"https:\/\/diarioavanzada.com.mx\/index.php?rest_route=\/wp\/v2\/posts\/64497","targetHints":{"allow":["GET"]}}],"collection":[{"href":"https:\/\/diarioavanzada.com.mx\/index.php?rest_route=\/wp\/v2\/posts"}],"about":[{"href":"https:\/\/diarioavanzada.com.mx\/index.php?rest_route=\/wp\/v2\/types\/post"}],"author":[{"embeddable":true,"href":"https:\/\/diarioavanzada.com.mx\/index.php?rest_route=\/wp\/v2\/users\/7"}],"replies":[{"embeddable":true,"href":"https:\/\/diarioavanzada.com.mx\/index.php?rest_route=%2Fwp%2Fv2%2Fcomments&post=64497"}],"version-history":[{"count":0,"href":"https:\/\/diarioavanzada.com.mx\/index.php?rest_route=\/wp\/v2\/posts\/64497\/revisions"}],"wp:featuredmedia":[{"embeddable":true,"href":"https:\/\/diarioavanzada.com.mx\/index.php?rest_route=\/wp\/v2\/media\/64496"}],"wp:attachment":[{"href":"https:\/\/diarioavanzada.com.mx\/index.php?rest_route=%2Fwp%2Fv2%2Fmedia&parent=64497"}],"wp:term":[{"taxonomy":"category","embeddable":true,"href":"https:\/\/diarioavanzada.com.mx\/index.php?rest_route=%2Fwp%2Fv2%2Fcategories&post=64497"},{"taxonomy":"post_tag","embeddable":true,"href":"https:\/\/diarioavanzada.com.mx\/index.php?rest_route=%2Fwp%2Fv2%2Ftags&post=64497"}],"curies":[{"name":"wp","href":"https:\/\/api.w.org\/{rel}","templated":true}]}}