{"id":64426,"date":"2024-11-04T06:50:54","date_gmt":"2024-11-04T12:50:54","guid":{"rendered":"https:\/\/diarioavanzada.com.mx\/?p=64426"},"modified":"2024-11-04T07:05:51","modified_gmt":"2024-11-04T13:05:51","slug":"el-juntacadaveres","status":"publish","type":"post","link":"https:\/\/diarioavanzada.com.mx\/?p=64426","title":{"rendered":"El&nbsp;Juntacad\u00e1veres"},"content":{"rendered":"\n<p class=\"wp-block-paragraph\">Columna<\/p>\n\n\n\n<p class=\"wp-block-paragraph\">El Puercoesp\u00edn&nbsp;<\/p>\n\n\n\n<p class=\"s5 wp-block-paragraph\">El&nbsp;Juntacad\u00e1veres&nbsp;es&nbsp;una novela del gran escritor uruguayo, Juan Carlos Onetti, donde&nbsp;despliega&nbsp;ante&nbsp;los ojos del lector la lucha entre dos fuerzas ferozmente enfrentadas, a pesar de la ambig\u00fcedad que les prestan la hipocres\u00eda y las apariencias.<\/p>\n\n\n\n<p class=\"s5 wp-block-paragraph\">El personaje&nbsp;Larsen, conocido como&nbsp;juntacad\u00e1veres, llega a Santa Mar\u00eda con Irene, Nelly y Mar\u00eda Bonita, tres prostitutas entradas en a\u00f1os con las que monta un burdel. No se trata de un lugar cualquiera, dedicado al simple desahogo sexual, o al menos eso es lo que pretende Larsen. All\u00ed, gracias al saber hacer de las viejas meretrices, los hombres conocer\u00e1n el para\u00edso y alcanzar\u00e1n la felicidad. Esta exc\u00e9ntrica empresa se topa con la oposici\u00f3n implacable de las gentes de bien, como el padre&nbsp;Bergner, cuyos sermones incendiar\u00e1n los \u00e1nimos de los parroquianos.<\/p>\n\n\n\n<p class=\"s5 wp-block-paragraph\">El apodo de Larsen se refiere a que \u00e9ste es un reclutador de prostitutas a las que&nbsp;popularmente se les conoce como cad\u00e1veres, por&nbsp;tanto,&nbsp;Larsen es un&nbsp;juntacad\u00e1veres, un&nbsp;enrolador de prostitutas.<\/p>\n\n\n\n<p class=\"s5 wp-block-paragraph\">En Colima el&nbsp;Byant&nbsp;se ha convertido en el oficial&nbsp;juntacad\u00e1veres del gobierno, se saben&nbsp;ineptos&nbsp;y&nbsp;est\u00e1n&nbsp;a punto&nbsp;de verse como lo que son, unos simples&nbsp;juntacad\u00e1veres, levanta cuerpos de las aceras de nuestra hermosa ciudad, pueblos y rancher\u00edas.&nbsp;En colima el Bryant no recluta o levanta prostitutas, no.&nbsp;No son m\u00e1s que&nbsp;unos inhumanos levanta muertos,&nbsp;junta cad\u00e1veres. Y no les importa, hasta se r\u00eden de los familiares y de la sociedad sensible.&nbsp;Son levanta muertos y no hacen nada m\u00e1s.&nbsp;<\/p>\n\n\n\n<p class=\"s5 wp-block-paragraph\">El de Indira es un gobierno tan&nbsp;in\u00fatil&nbsp;que su fiscal es el oficial&nbsp;juntacad\u00e1veres, pero no de prostitutas como en&nbsp;la novela&nbsp;de Juan Carlos Onetti sino de literalmente levanta cuerpos. El levanta asesinados.&nbsp;El Bryant es un hombre que,&nbsp;lejos de procurar justicia,&nbsp;est\u00e1 para todo lo contrario revictimizar a los asesinados.<\/p>\n\n\n\n<p class=\"s5 wp-block-paragraph\">Este mi\u00e9rcoles, la periodista Patricia Ram\u00edrez Gonz\u00e1lez, conocida como \u201cPaty&nbsp;Bunburi\u201d, fue asesinada en su establecimiento de comida en Colima. A plena luz del d\u00eda, alrededor de las 14:00 horas, un hombre armado ingres\u00f3 al local, situado en la colonia La Atrevida, y dispar\u00f3 en su contra. Este&nbsp;tr\u00e1gico suceso&nbsp;sum\u00f3 un nombre m\u00e1s a la larga lista de asesinatos que azotan al estado, en un contexto de creciente violencia e inseguridad.<\/p>\n\n\n\n<p class=\"s5 wp-block-paragraph\">Sin embargo, el crimen contra Patricia Ram\u00edrez ha sido particularmente&nbsp;revictimizante&nbsp;debido a la actuaci\u00f3n de la&nbsp;Fiscal\u00eda General&nbsp;del Estado de Colima (FGE). En un primer comunicado, la fiscal\u00eda omiti\u00f3 el hecho de que Ram\u00edrez Gonz\u00e1lez era periodista, sin explicar las circunstancias exactas de su homicidio ni resguardar la identidad de sus familiares. Posteriormente, en una \u201cactualizaci\u00f3n\u201d sobre el caso, la FGE divulg\u00f3 detalles que vinculan a la hermana de la v\u00edctima con actividades il\u00edcitas, en un intento de relacionar a la v\u00edctima y su familia con el crimen organizado. Este enfoque desvi\u00f3 la atenci\u00f3n de la investigaci\u00f3n del homicidio, insinuando una supuesta \u201cresponsabilidad\u201d indirecta de la propia v\u00edctima.<\/p>\n\n\n\n<p class=\"s5 wp-block-paragraph\">Este tipo de revictimizaci\u00f3n no es un caso aislado en Colima. A lo largo de los a\u00f1os, la FGE y otros funcionarios estatales han seguido una pr\u00e1ctica preocupante de criminalizar a las v\u00edctimas y sus entornos familiares tras ser objeto de un delito, bajo el argumento de \u201cclaridad en las investigaciones\u201d.<\/p>\n\n\n\n<p class=\"s5 wp-block-paragraph\">El caso de Patricia Ram\u00edrez Gonz\u00e1lez es un doloroso recordatorio de que el Estado debe garantizar el respeto y la dignidad de las v\u00edctimas en todas las etapas del proceso de justicia, algo que, en Colima, sigue siendo una deuda pendiente.<\/p>\n\n\n\n<p class=\"s5 wp-block-paragraph\">El&nbsp;juntacad\u00e1veres, es decir, el Bryant,&nbsp;aparte&nbsp;de saberse in\u00fatil se r\u00ede de las v\u00edctimas. Triste y terror\u00edfico su papel en el gobierno.<\/p>\n\n\n\n<p class=\"s5 wp-block-paragraph\">No es de&nbsp;humanos&nbsp;las acciones del Fiscal.<\/p>\n\n\n\n<p class=\"s5 wp-block-paragraph\">En el caso del&nbsp;Crimen de Puerta de&nbsp;Anzar&nbsp;p\u00fablicamente contamin\u00f3 la escena del crimen al haber declarado a La Jornada que hab\u00eda abierto los tel\u00e9fonos de los asesinados extrajudicialmente y \u00a1oh sorpresa!, en esos tel\u00e9fonos encontraron evidencias de que se trataba&nbsp;de&nbsp;los mata&nbsp;polic\u00edas, es decir, y en pocas palabras que s\u00ed iban por ellos y los cuerpos de seguridad del estado se comportaron como un c\u00e1rtel m\u00e1s.&nbsp;<\/p>\n\n\n\n<p class=\"wp-block-paragraph\">Qu\u00e9&nbsp;opina&nbsp;la prensa organizada<\/p>\n\n\n\n<p class=\"s5 wp-block-paragraph\">La Federaci\u00f3n de Asociaciones de Periodistas Mexicanos, el Club de Reporteros de Colima, reporteros, articulistas, analistas period\u00edsticos, fot\u00f3grafos y camar\u00f3grafos del estado de Colima, condenamos el cobarde asesinato de la reportera de espect\u00e1culos Patricia Ram\u00edrez Gonz\u00e1lez, mejor conocida como Paty Bunbury, cometido la tarde de este mi\u00e9rcoles en calles de la zona centro de la ciudad de Colima.<\/p>\n\n\n\n<p class=\"s5 wp-block-paragraph\">Este lamentable hecho no solamente agravia a los familiares y amigos de nuestra compa\u00f1era Patricia Ram\u00edrez, sino a todo el gremio period\u00edstico colimense, ya que este cobarde asesinato se convierte en el primero que se comete en contra de alg\u00fan comunicador en el Estado de Colima.<\/p>\n\n\n\n<p class=\"s5 wp-block-paragraph\">No es posible que en una administraci\u00f3n estatal que desde que asumi\u00f3 responsabilidades se autodefini\u00f3 como feminista, permita que se sigan cometiendo asesinatos y feminicidios, sin que se d\u00e9 con los responsables.<\/p>\n\n\n\n<p class=\"s5 wp-block-paragraph\">Por eso le exigimos que se realicen las investigaciones del caso y se llegue al r\u00e1pido esclarecimiento de este lamentable suceso que mucho agravia al gremio de las mujeres y en particular al gremio period\u00edstico.<\/p>\n\n\n\n<p class=\"s5 wp-block-paragraph\">El artero asesinato cometido a plena luz del&nbsp;d\u00eda&nbsp;no debe ser ignorado.&nbsp;Exigimos justicia para Patricia.&nbsp;<\/p>\n\n\n\n<p class=\"s5 wp-block-paragraph\">\u00a1Ya basta de tanta impunidad! Exigimos se frene ya el ba\u00f1o de sangre que se viene cometiendo en el pa\u00eds, en contra de las y los periodistas.&nbsp;Y lo firman Juan Ram\u00f3n Negrete y Alfredo Quiles Cabrera.<\/p>\n\n\n\n<p class=\"s5 wp-block-paragraph\">En La Il\u00edada, un poema \u00e9pico de Homero, el&nbsp;rey Pr\u00edamo&nbsp;es ese pap\u00e1&nbsp;que sabe enterrar a sus muertos con honor y decoro. El rey Pr\u00edamo es el rey de Troya y el padre de H\u00e9ctor y Paris. Tiene muchas&nbsp;fortalezas, que incluyen coraje, deseo de proteger a su gente, empat\u00eda y amor por sus hijos.&nbsp;Y uno&nbsp;de sus m\u00e1s grandevalores es enterrar a&nbsp;su hijo&nbsp;H\u00e9ctor,&nbsp;con decoro,&nbsp;con&nbsp;todo&nbsp;el deber de&nbsp;un buen&nbsp;padre.<\/p>\n\n\n\n<p class=\"s5 wp-block-paragraph\">Se humilla ante Aquiles para que le entregue el cuerpo y Aquiles cede ante el dolor y el valor de un padre dolido.<\/p>\n\n\n\n<p class=\"s5 wp-block-paragraph\">Quienes le\u00edmos La Il\u00edada en la secundaria aprendimos este valor profundo del respeto a los muertos precisamente porque ya no pueden defenderse.<\/p>\n\n\n\n<p class=\"s5 wp-block-paragraph\">Muchos de los elementos del gobierno de Indira,&nbsp;al parecer,&nbsp;no leyeron&nbsp;La Il\u00edada, no&nbsp;hicieron la&nbsp;tarea.&nbsp;<\/p>\n\n\n\n<p class=\"s5 wp-block-paragraph\">El Bryant es el&nbsp;juntacad\u00e1veres&nbsp;de Indira, porque se saben ineptos, porque su incultura se los impide, porque se saben ajenos a lo humano.&nbsp;El gobierno del estado se est\u00e1 comportando en el caso del Crimen de Puerta de&nbsp;Anzar&nbsp;y el asesinato de Paty como un c\u00e1rtel m\u00e1s.&nbsp;<\/p>\n\n\n\n<p class=\"s5 wp-block-paragraph\">Justicia para Paty, respeto para su familia, pues ya est\u00e1n cargando con bastante dolor. &nbsp;<\/p>\n\n\n\n<p class=\"s5 wp-block-paragraph\">&nbsp;<\/p>\n<div class=\"fb-background-color\">\n\t\t\t  <div \n\t\t\t  \tclass = \"fb-comments\" \n\t\t\t  \tdata-href = \"https:\/\/diarioavanzada.com.mx\/?p=64426\"\n\t\t\t  \tdata-numposts = \"10\"\n\t\t\t  \tdata-lazy = \"true\"\n\t\t\t\tdata-colorscheme = \"light\"\n\t\t\t\tdata-order-by = \"social\"\n\t\t\t\tdata-mobile=true>\n\t\t\t  <\/div><\/div>\n\t\t  <style>\n\t\t    .fb-background-color {\n\t\t\t\tbackground:  !important;\n\t\t\t}\n\t\t\t.fb_iframe_widget_fluid_desktop iframe {\n\t\t\t    width: 100% !important;\n\t\t\t}\n\t\t  <\/style>\n\t\t  ","protected":false},"excerpt":{"rendered":"<p>Columna El Puercoesp\u00edn&nbsp; El&nbsp;Juntacad\u00e1veres&nbsp;es&nbsp;una novela del gran escritor uruguayo, Juan Carlos Onetti, donde&nbsp;despliega&nbsp;ante&nbsp;los ojos del lector la lucha entre dos fuerzas ferozmente enfrentadas, a pesar de la ambig\u00fcedad que les prestan la hipocres\u00eda y las apariencias. El personaje&nbsp;Larsen, conocido como&nbsp;juntacad\u00e1veres, llega a Santa Mar\u00eda con Irene, Nelly y Mar\u00eda Bonita, tres prostitutas entradas en a\u00f1os [&hellip;]<\/p>\n","protected":false},"author":9,"featured_media":64425,"comment_status":"closed","ping_status":"closed","sticky":false,"template":"","format":"standard","meta":{"_coblocks_attr":"","_coblocks_dimensions":"","_coblocks_responsive_height":"","_coblocks_accordion_ie_support":"","_crdt_document":"","advanced_seo_description":"","jetpack_seo_html_title":"","jetpack_seo_noindex":false,"_jetpack_memberships_contains_paid_content":false,"footnotes":""},"categories":[19,209,24],"tags":[],"class_list":["post-64426","post","type-post","status-publish","format-standard","has-post-thumbnail","hentry","category-colima","category-importantes","category-opinion"],"jetpack_featured_media_url":"https:\/\/diarioavanzada.com.mx\/wp-content\/uploads\/2024\/11\/9547a358-759a-405e-ad35-72197047f6b4-1.jpg","jetpack-related-posts":[],"jetpack_sharing_enabled":true,"amp_enabled":true,"_links":{"self":[{"href":"https:\/\/diarioavanzada.com.mx\/index.php?rest_route=\/wp\/v2\/posts\/64426","targetHints":{"allow":["GET"]}}],"collection":[{"href":"https:\/\/diarioavanzada.com.mx\/index.php?rest_route=\/wp\/v2\/posts"}],"about":[{"href":"https:\/\/diarioavanzada.com.mx\/index.php?rest_route=\/wp\/v2\/types\/post"}],"author":[{"embeddable":true,"href":"https:\/\/diarioavanzada.com.mx\/index.php?rest_route=\/wp\/v2\/users\/9"}],"replies":[{"embeddable":true,"href":"https:\/\/diarioavanzada.com.mx\/index.php?rest_route=%2Fwp%2Fv2%2Fcomments&post=64426"}],"version-history":[{"count":5,"href":"https:\/\/diarioavanzada.com.mx\/index.php?rest_route=\/wp\/v2\/posts\/64426\/revisions"}],"predecessor-version":[{"id":64431,"href":"https:\/\/diarioavanzada.com.mx\/index.php?rest_route=\/wp\/v2\/posts\/64426\/revisions\/64431"}],"wp:featuredmedia":[{"embeddable":true,"href":"https:\/\/diarioavanzada.com.mx\/index.php?rest_route=\/wp\/v2\/media\/64425"}],"wp:attachment":[{"href":"https:\/\/diarioavanzada.com.mx\/index.php?rest_route=%2Fwp%2Fv2%2Fmedia&parent=64426"}],"wp:term":[{"taxonomy":"category","embeddable":true,"href":"https:\/\/diarioavanzada.com.mx\/index.php?rest_route=%2Fwp%2Fv2%2Fcategories&post=64426"},{"taxonomy":"post_tag","embeddable":true,"href":"https:\/\/diarioavanzada.com.mx\/index.php?rest_route=%2Fwp%2Fv2%2Ftags&post=64426"}],"curies":[{"name":"wp","href":"https:\/\/api.w.org\/{rel}","templated":true}]}}