{"id":64415,"date":"2024-11-03T22:40:13","date_gmt":"2024-11-04T04:40:13","guid":{"rendered":"https:\/\/diarioavanzada.com.mx\/?p=64415"},"modified":"2024-11-03T22:40:13","modified_gmt":"2024-11-04T04:40:13","slug":"se-busca-genesis-tiene-14-anos-de-edad-desaparecio-en-tecoman","status":"publish","type":"post","link":"https:\/\/diarioavanzada.com.mx\/?p=64415","title":{"rendered":"Se busca: G\u00e9nesis tiene 14 a\u00f1os de edad, desapareci\u00f3 en Tecom\u00e1n"},"content":{"rendered":"\n<p class=\"wp-block-paragraph\">Colima, M\u00e9xico, Avanzada (03\/11\/2024).\u2013 La Fiscal\u00eda General del Estado de Colima activ\u00f3 una alerta Alba tras la desaparici\u00f3n de G\u00e9nesis Michel Gonz\u00e1lez Ugarte, una joven de 14 a\u00f1os, quien fue vista por \u00faltima vez el pasado 2 de noviembre de 2024, alrededor de las 20:15 horas, en un domicilio ubicado en la colonia Miguel Hidalgo, en la ciudad de Tecom\u00e1n.<\/p>\n\n\n\n<p class=\"wp-block-paragraph\">G\u00e9nesis Michel es descrita con complexi\u00f3n delgada, mide aproximadamente 1.53 metros, tiene tez blanca y cabello largo, lacio, de color caf\u00e9 oscuro. Entre otros rasgos distintivos, posee cejas pobladas y delineadas, frente amplia, nariz y ojos medianos de color caf\u00e9 oscuro, orejas medianas y labios gruesos.<\/p>\n\n\n\n<p class=\"wp-block-paragraph\">La familia present\u00f3 la denuncia por su desaparici\u00f3n el 3 de noviembre, lo que motiv\u00f3 la activaci\u00f3n de la alerta Alba. Este mecanismo se emplea para agilizar la localizaci\u00f3n de mujeres y ni\u00f1as en riesgo, mediante la colaboraci\u00f3n de las autoridades y la ciudadan\u00eda.<\/p>\n\n\n\n<p class=\"wp-block-paragraph\">Las autoridades hacen un llamado a cualquier persona que tenga informaci\u00f3n sobre el paradero de G\u00e9nesis Michel para que se comunique con la Fiscal\u00eda del Estado. La participaci\u00f3n de la comunidad es esencial para su pronta localizaci\u00f3n y retorno seguro.<\/p>\n\n\n\n<figure class=\"wp-block-image\"><img loading=\"lazy\" decoding=\"async\" width=\"768\" height=\"1024\" src=\"https:\/\/diarioavanzada.com.mx\/wp-content\/uploads\/2024\/11\/54f9598c-b72a-4482-875c-01a5d528ca11-69188-00000667a90a7543_file-768x1024.jpg\" alt=\"\" class=\"wp-image-64413\" srcset=\"https:\/\/diarioavanzada.com.mx\/wp-content\/uploads\/2024\/11\/54f9598c-b72a-4482-875c-01a5d528ca11-69188-00000667a90a7543_file-768x1024.jpg 768w, https:\/\/diarioavanzada.com.mx\/wp-content\/uploads\/2024\/11\/54f9598c-b72a-4482-875c-01a5d528ca11-69188-00000667a90a7543_file-225x300.jpg 225w, https:\/\/diarioavanzada.com.mx\/wp-content\/uploads\/2024\/11\/54f9598c-b72a-4482-875c-01a5d528ca11-69188-00000667a90a7543_file.jpg 960w\" sizes=\"auto, (max-width: 768px) 100vw, 768px\" \/><\/figure>\n<div class=\"fb-background-color\">\n\t\t\t  <div \n\t\t\t  \tclass = \"fb-comments\" \n\t\t\t  \tdata-href = \"https:\/\/diarioavanzada.com.mx\/?p=64415\"\n\t\t\t  \tdata-numposts = \"10\"\n\t\t\t  \tdata-lazy = \"true\"\n\t\t\t\tdata-colorscheme = \"light\"\n\t\t\t\tdata-order-by = \"social\"\n\t\t\t\tdata-mobile=true>\n\t\t\t  <\/div><\/div>\n\t\t  <style>\n\t\t    .fb-background-color {\n\t\t\t\tbackground:  !important;\n\t\t\t}\n\t\t\t.fb_iframe_widget_fluid_desktop iframe {\n\t\t\t    width: 100% !important;\n\t\t\t}\n\t\t  <\/style>\n\t\t  ","protected":false},"excerpt":{"rendered":"<p>Colima, M\u00e9xico, Avanzada (03\/11\/2024).\u2013 La Fiscal\u00eda General del Estado de Colima activ\u00f3 una alerta Alba tras la desaparici\u00f3n de G\u00e9nesis Michel Gonz\u00e1lez Ugarte, una joven de 14 a\u00f1os, quien fue vista por \u00faltima vez el pasado 2 de noviembre de 2024, alrededor de las 20:15 horas, en un domicilio ubicado en la colonia Miguel Hidalgo, [&hellip;]<\/p>\n","protected":false},"author":7,"featured_media":64414,"comment_status":"closed","ping_status":"closed","sticky":false,"template":"","format":"standard","meta":{"_coblocks_attr":"","_coblocks_dimensions":"","_coblocks_responsive_height":"","_coblocks_accordion_ie_support":"","_crdt_document":"","advanced_seo_description":"","jetpack_seo_html_title":"","jetpack_seo_noindex":false,"_jetpack_memberships_contains_paid_content":false,"footnotes":""},"categories":[19,209,231],"tags":[],"class_list":["post-64415","post","type-post","status-publish","format-standard","has-post-thumbnail","hentry","category-colima","category-importantes","category-seguridad"],"jetpack_featured_media_url":"https:\/\/diarioavanzada.com.mx\/wp-content\/uploads\/2024\/11\/img_8384-1.jpg","jetpack-related-posts":[],"jetpack_sharing_enabled":true,"amp_enabled":true,"_links":{"self":[{"href":"https:\/\/diarioavanzada.com.mx\/index.php?rest_route=\/wp\/v2\/posts\/64415","targetHints":{"allow":["GET"]}}],"collection":[{"href":"https:\/\/diarioavanzada.com.mx\/index.php?rest_route=\/wp\/v2\/posts"}],"about":[{"href":"https:\/\/diarioavanzada.com.mx\/index.php?rest_route=\/wp\/v2\/types\/post"}],"author":[{"embeddable":true,"href":"https:\/\/diarioavanzada.com.mx\/index.php?rest_route=\/wp\/v2\/users\/7"}],"replies":[{"embeddable":true,"href":"https:\/\/diarioavanzada.com.mx\/index.php?rest_route=%2Fwp%2Fv2%2Fcomments&post=64415"}],"version-history":[{"count":0,"href":"https:\/\/diarioavanzada.com.mx\/index.php?rest_route=\/wp\/v2\/posts\/64415\/revisions"}],"wp:featuredmedia":[{"embeddable":true,"href":"https:\/\/diarioavanzada.com.mx\/index.php?rest_route=\/wp\/v2\/media\/64414"}],"wp:attachment":[{"href":"https:\/\/diarioavanzada.com.mx\/index.php?rest_route=%2Fwp%2Fv2%2Fmedia&parent=64415"}],"wp:term":[{"taxonomy":"category","embeddable":true,"href":"https:\/\/diarioavanzada.com.mx\/index.php?rest_route=%2Fwp%2Fv2%2Fcategories&post=64415"},{"taxonomy":"post_tag","embeddable":true,"href":"https:\/\/diarioavanzada.com.mx\/index.php?rest_route=%2Fwp%2Fv2%2Ftags&post=64415"}],"curies":[{"name":"wp","href":"https:\/\/api.w.org\/{rel}","templated":true}]}}