{"id":64342,"date":"2024-11-02T13:23:11","date_gmt":"2024-11-02T19:23:11","guid":{"rendered":"https:\/\/diarioavanzada.com.mx\/?p=64342"},"modified":"2024-11-02T13:23:11","modified_gmt":"2024-11-02T19:23:11","slug":"convocan-a-marchar-por-la-paz-en-colima","status":"publish","type":"post","link":"https:\/\/diarioavanzada.com.mx\/?p=64342","title":{"rendered":"Convocan a marchar por la paz en Colima"},"content":{"rendered":"\n<p class=\"wp-block-paragraph\">Colima, M\u00e9xico, Avanzada (02\/11\/2024).- En un esfuerzo por promover la paz y la unidad en la capital, el Ayuntamiento de Colima invita a la ciudadan\u00eda a participar en la primera \u201cMarcha por la Paz\u201d, que se celebrar\u00e1 en el marco del Festival Recu\u00e9rdame Bonito.<\/p>\n\n\n\n<p class=\"wp-block-paragraph\">El evento se realizar\u00e1 este s\u00e1bado, iniciando a las 5:00 p.m. en el emblem\u00e1tico Jard\u00edn N\u00fa\u00f1ez, desde donde partir\u00e1 la marcha que recorrer\u00e1 las calles de la ciudad en un mensaje simb\u00f3lico de paz y esperanza para el municipio. La ruta concluir\u00e1 en el Pante\u00f3n Municipal de Colima, lugar donde los asistentes podr\u00e1n encender sus veladoras como acto de recuerdo y homenaje a los seres queridos que ya no est\u00e1n, as\u00ed como en se\u00f1al de uni\u00f3n comunitaria.<\/p>\n\n\n\n<p class=\"wp-block-paragraph\">El Ayuntamiento exhorta a quienes asistan a vestir de blanco y llevar una veladora, en un acto que busca fortalecer el sentido de armon\u00eda y cohesi\u00f3n en la comunidad. \u201cCelebremos juntos nuestras tradiciones y un\u00e1monos por un Colima de paz y armon\u00eda\u201d, public\u00f3 el Ayuntamiento en la convocatoria.<\/p>\n\n\n\n<p class=\"wp-block-paragraph\">Esta iniciativa forma parte de las actividades del Festival Recu\u00e9rdame Bonito, una celebraci\u00f3n que no solo recuerda a los difuntos, sino que tambi\u00e9n promueve la reflexi\u00f3n y el compromiso ciudadano por construir un entorno de paz.<\/p>\n\n\n\n<p class=\"wp-block-paragraph\"><\/p>\n<div class=\"fb-background-color\">\n\t\t\t  <div \n\t\t\t  \tclass = \"fb-comments\" \n\t\t\t  \tdata-href = \"https:\/\/diarioavanzada.com.mx\/?p=64342\"\n\t\t\t  \tdata-numposts = \"10\"\n\t\t\t  \tdata-lazy = \"true\"\n\t\t\t\tdata-colorscheme = \"light\"\n\t\t\t\tdata-order-by = \"social\"\n\t\t\t\tdata-mobile=true>\n\t\t\t  <\/div><\/div>\n\t\t  <style>\n\t\t    .fb-background-color {\n\t\t\t\tbackground:  !important;\n\t\t\t}\n\t\t\t.fb_iframe_widget_fluid_desktop iframe {\n\t\t\t    width: 100% !important;\n\t\t\t}\n\t\t  <\/style>\n\t\t  ","protected":false},"excerpt":{"rendered":"<p>Colima, M\u00e9xico, Avanzada (02\/11\/2024).- En un esfuerzo por promover la paz y la unidad en la capital, el Ayuntamiento de Colima invita a la ciudadan\u00eda a participar en la primera \u201cMarcha por la Paz\u201d, que se celebrar\u00e1 en el marco del Festival Recu\u00e9rdame Bonito. El evento se realizar\u00e1 este s\u00e1bado, iniciando a las 5:00 p.m. [&hellip;]<\/p>\n","protected":false},"author":7,"featured_media":64341,"comment_status":"closed","ping_status":"closed","sticky":false,"template":"","format":"standard","meta":{"_coblocks_attr":"","_coblocks_dimensions":"","_coblocks_responsive_height":"","_coblocks_accordion_ie_support":"","_crdt_document":"","advanced_seo_description":"","jetpack_seo_html_title":"","jetpack_seo_noindex":false,"_jetpack_memberships_contains_paid_content":false,"footnotes":""},"categories":[19,209],"tags":[],"class_list":["post-64342","post","type-post","status-publish","format-standard","has-post-thumbnail","hentry","category-colima","category-importantes"],"jetpack_featured_media_url":"https:\/\/diarioavanzada.com.mx\/wp-content\/uploads\/2024\/11\/img_8266-1.jpg","jetpack-related-posts":[],"jetpack_sharing_enabled":true,"amp_enabled":true,"_links":{"self":[{"href":"https:\/\/diarioavanzada.com.mx\/index.php?rest_route=\/wp\/v2\/posts\/64342","targetHints":{"allow":["GET"]}}],"collection":[{"href":"https:\/\/diarioavanzada.com.mx\/index.php?rest_route=\/wp\/v2\/posts"}],"about":[{"href":"https:\/\/diarioavanzada.com.mx\/index.php?rest_route=\/wp\/v2\/types\/post"}],"author":[{"embeddable":true,"href":"https:\/\/diarioavanzada.com.mx\/index.php?rest_route=\/wp\/v2\/users\/7"}],"replies":[{"embeddable":true,"href":"https:\/\/diarioavanzada.com.mx\/index.php?rest_route=%2Fwp%2Fv2%2Fcomments&post=64342"}],"version-history":[{"count":0,"href":"https:\/\/diarioavanzada.com.mx\/index.php?rest_route=\/wp\/v2\/posts\/64342\/revisions"}],"wp:featuredmedia":[{"embeddable":true,"href":"https:\/\/diarioavanzada.com.mx\/index.php?rest_route=\/wp\/v2\/media\/64341"}],"wp:attachment":[{"href":"https:\/\/diarioavanzada.com.mx\/index.php?rest_route=%2Fwp%2Fv2%2Fmedia&parent=64342"}],"wp:term":[{"taxonomy":"category","embeddable":true,"href":"https:\/\/diarioavanzada.com.mx\/index.php?rest_route=%2Fwp%2Fv2%2Fcategories&post=64342"},{"taxonomy":"post_tag","embeddable":true,"href":"https:\/\/diarioavanzada.com.mx\/index.php?rest_route=%2Fwp%2Fv2%2Ftags&post=64342"}],"curies":[{"name":"wp","href":"https:\/\/api.w.org\/{rel}","templated":true}]}}