{"id":64258,"date":"2024-10-31T20:41:23","date_gmt":"2024-11-01T02:41:23","guid":{"rendered":"https:\/\/diarioavanzada.com.mx\/?p=64258"},"modified":"2024-10-31T20:41:23","modified_gmt":"2024-11-01T02:41:23","slug":"presentan-version-impresa-del-libro-volcan-de-fuego-y-luz","status":"publish","type":"post","link":"https:\/\/diarioavanzada.com.mx\/?p=64258","title":{"rendered":"Presentan versi\u00f3n impresa del libro Volc\u00e1n de fuego y luz"},"content":{"rendered":"\n<p class=\"wp-block-paragraph\"><em>\u201cRa\u00fal es un explorador del mundo natural y un narrador visual que invita a los dem\u00e1s a contemplar la grandeza del volc\u00e1n y su entorno. Su obra es un testimonio de la armon\u00eda que puede existir entre el conocimiento acad\u00e9mico y la creatividad\u201d: A. Cabrera.<\/em><\/p>\n\n\n\n<figure class=\"wp-block-image\"><img loading=\"lazy\" decoding=\"async\" width=\"1024\" height=\"682\" src=\"https:\/\/diarioavanzada.com.mx\/wp-content\/uploads\/2024\/10\/4a3cbb56-5278-4d90-814f-cdbc4cac76a0-63064-00001af6e665fd9e_file-1024x682.jpg\" alt=\"\" class=\"wp-image-64247\" srcset=\"https:\/\/diarioavanzada.com.mx\/wp-content\/uploads\/2024\/10\/4a3cbb56-5278-4d90-814f-cdbc4cac76a0-63064-00001af6e665fd9e_file-1024x682.jpg 1024w, https:\/\/diarioavanzada.com.mx\/wp-content\/uploads\/2024\/10\/4a3cbb56-5278-4d90-814f-cdbc4cac76a0-63064-00001af6e665fd9e_file-300x200.jpg 300w, https:\/\/diarioavanzada.com.mx\/wp-content\/uploads\/2024\/10\/4a3cbb56-5278-4d90-814f-cdbc4cac76a0-63064-00001af6e665fd9e_file-768x512.jpg 768w, https:\/\/diarioavanzada.com.mx\/wp-content\/uploads\/2024\/10\/4a3cbb56-5278-4d90-814f-cdbc4cac76a0-63064-00001af6e665fd9e_file.jpg 1100w\" sizes=\"auto, (max-width: 1024px) 100vw, 1024px\" \/><\/figure>\n\n\n\n<p class=\"wp-block-paragraph\">Colima, M\u00e9xico, Comunicado (31\/10\/2024).- Con la participaci\u00f3n de estudiantes, acad\u00e9micos y funcionarios de la Universidad de Colima, este martes se realiz\u00f3 en el museo y observatorio Casa del Volc\u00e1n la presentaci\u00f3n del libro \u201cVolc\u00e1n de Colima. Volc\u00e1n de Fuego y Luz\u201d, del investigador y fot\u00f3grafo Ra\u00fal Ar\u00e1mbula Mendoza. El evento form\u00f3 parte de las actividades por el 84 Aniversario de la UdeC y cont\u00f3 con la presencia del Rector Christian Jorge Torres Ortiz Zerme\u00f1o.<\/p>\n\n\n\n<p class=\"wp-block-paragraph\">El rector se\u00f1al\u00f3 que esta obra, impresa en color, significa una gran inversi\u00f3n, pero a la vez \u201ces un aporte significativo a la sociedad en t\u00e9rminos de investigaci\u00f3n, divulgaci\u00f3n y el arte mismo plasmado en sus im\u00e1genes fotogr\u00e1ficas. Es un trabajo realizado por su autor durante diez a\u00f1os. En ese sentido, quiero reconocer a Ra\u00fal Ar\u00e1mbula por su relevancia como investigador y como responsable del Centro Universitario de Estudios Vulcanol\u00f3gicos\u201d.<\/p>\n\n\n\n<p class=\"wp-block-paragraph\">Record\u00f3 que hace un a\u00f1o se reabri\u00f3 la Casa del Volc\u00e1n, un espacio que ha venido fortaleciendo la instituci\u00f3n a trav\u00e9s de numerosas actividades. \u201cQueremos que lo visiten estudiantes de todos los niveles educativos, profesores, investigadores y la sociedad en general porque es necesario, como habitantes de la entidad, tener informaci\u00f3n sobre el Volc\u00e1n\u201d.&nbsp;<\/p>\n\n\n\n<p class=\"wp-block-paragraph\">Finalmente, el rector resalt\u00f3 que la UdeC cuenta con m\u00e1s de 900 publicaciones en toda su historia y ofrece de manera digital 200 obras a trav\u00e9s del portal en internet\u201d.<\/p>\n\n\n\n<p class=\"wp-block-paragraph\">El investigador y director de la Casa del Volc\u00e1n, Mauricio Bret\u00f3n Gonz\u00e1lez asegur\u00f3 que el libro de Ar\u00e1mbula \u201cva m\u00e1s all\u00e1 de un cat\u00e1logo de fotos bonitas sobre el volc\u00e1n y su entorno, porque cada imagen es una obra art\u00edstica y adem\u00e1s una obra de alto contenido cient\u00edfico. Entre im\u00e1genes de eventos explosivos, cielos estrellados, v\u00eda l\u00e1ctea, planetas, cometas, sat\u00e9lites, constelaciones, esta obra nos da una riqueza impresionante\u201d.<\/p>\n\n\n\n<figure class=\"wp-block-image\"><img loading=\"lazy\" decoding=\"async\" width=\"1024\" height=\"682\" src=\"https:\/\/diarioavanzada.com.mx\/wp-content\/uploads\/2024\/10\/3dce1fd9-9b7f-4268-b877-7077f3855a77-63064-00001af736e4f5a6_file-1024x682.jpg\" alt=\"\" class=\"wp-image-64248\" srcset=\"https:\/\/diarioavanzada.com.mx\/wp-content\/uploads\/2024\/10\/3dce1fd9-9b7f-4268-b877-7077f3855a77-63064-00001af736e4f5a6_file-1024x682.jpg 1024w, https:\/\/diarioavanzada.com.mx\/wp-content\/uploads\/2024\/10\/3dce1fd9-9b7f-4268-b877-7077f3855a77-63064-00001af736e4f5a6_file-300x200.jpg 300w, https:\/\/diarioavanzada.com.mx\/wp-content\/uploads\/2024\/10\/3dce1fd9-9b7f-4268-b877-7077f3855a77-63064-00001af736e4f5a6_file-768x512.jpg 768w, https:\/\/diarioavanzada.com.mx\/wp-content\/uploads\/2024\/10\/3dce1fd9-9b7f-4268-b877-7077f3855a77-63064-00001af736e4f5a6_file.jpg 1100w\" sizes=\"auto, (max-width: 1024px) 100vw, 1024px\" \/><\/figure>\n\n\n\n<p class=\"wp-block-paragraph\">Explic\u00f3 que el libro tiene dos grandes partes. La primera de ellas, \u201cUn planeta de volcanes\u201d, detall\u00f3, \u201cnos introduce al mundo de la vulcanolog\u00eda y explica paso a paso los aspectos m\u00e1s importantes para comprender el c\u00f3mo y por qu\u00e9 surgen los volcanes, mientras que el apartado \u2018Volc\u00e1n de Colima a trav\u00e9s de la lente de una c\u00e1mara\u2019, es un recorrido por varios t\u00f3picos que el autor ha querido desarrollar, entre ellos la actividad efusiva y explosiva del volc\u00e1n\u201d.<\/p>\n\n\n\n<p class=\"wp-block-paragraph\">\u201cA trav\u00e9s de sus im\u00e1genes es posible disfrutar la fusi\u00f3n entre la belleza inmediata y la belleza eterna, un encuentro entre el pasado geol\u00f3gico que compone la estructura volc\u00e1nica y un presente convulso y explosivo en el que es posible apreciar fumarolas, incandescencias, crecimientos del domo, flujos pirocl\u00e1sticos, derrumbes, rel\u00e1mpagos y columnas eruptivas\u201d, concluy\u00f3 Bret\u00f3n.&nbsp;<\/p>\n\n\n\n<p class=\"wp-block-paragraph\">Otro de los presentadores, el director de la Facultad de Arquitectura y Dise\u00f1o, Alfonso Cabrera Macedo, asegur\u00f3 que el libro es a la vez una obra de divulgaci\u00f3n y un objeto de arte. \u201cRa\u00fal Ar\u00e1mbula combina su conocimiento t\u00e9cnico para crear un puente entre la percepci\u00f3n cient\u00edfica y la belleza art\u00edstica. En esencia, Ra\u00fal es un explorador del mundo natural y un narrador visual que invita a los dem\u00e1s a contemplar la grandeza del volc\u00e1n y su entorno. Su obra es un testimonio de la armon\u00eda que puede existir entre el conocimiento acad\u00e9mico y la creatividad\u201d.<\/p>\n\n\n\n<figure class=\"wp-block-image\"><img loading=\"lazy\" decoding=\"async\" width=\"1024\" height=\"663\" src=\"https:\/\/diarioavanzada.com.mx\/wp-content\/uploads\/2024\/10\/a44931b6-e8e2-4798-a42d-7c3311497c86-63064-00001af79b1b39eb_file-1024x663.jpg\" alt=\"\" class=\"wp-image-64249\" srcset=\"https:\/\/diarioavanzada.com.mx\/wp-content\/uploads\/2024\/10\/a44931b6-e8e2-4798-a42d-7c3311497c86-63064-00001af79b1b39eb_file-1024x663.jpg 1024w, https:\/\/diarioavanzada.com.mx\/wp-content\/uploads\/2024\/10\/a44931b6-e8e2-4798-a42d-7c3311497c86-63064-00001af79b1b39eb_file-300x194.jpg 300w, https:\/\/diarioavanzada.com.mx\/wp-content\/uploads\/2024\/10\/a44931b6-e8e2-4798-a42d-7c3311497c86-63064-00001af79b1b39eb_file-768x497.jpg 768w, https:\/\/diarioavanzada.com.mx\/wp-content\/uploads\/2024\/10\/a44931b6-e8e2-4798-a42d-7c3311497c86-63064-00001af79b1b39eb_file.jpg 1100w\" sizes=\"auto, (max-width: 1024px) 100vw, 1024px\" \/><\/figure>\n\n\n\n<p class=\"wp-block-paragraph\">Para terminar, dijo que este libro \u201ces la celebraci\u00f3n de una obra que trasciende el an\u00e1lisis y explora la fusi\u00f3n entre ciencia y arte, donde el autor, a trav\u00e9s de su c\u00e1mara, nos muestra los colores de la naturaleza, que se transforman en un espect\u00e1culo\u201d.<\/p>\n\n\n\n<p class=\"wp-block-paragraph\">Ra\u00fal Ar\u00e1mbula, al tomar el micr\u00f3fono, agradeci\u00f3 el apoyo y respaldo brindado por el rector Christian Torres Ortiz para la publicaci\u00f3n de la obra y reconoci\u00f3 los esfuerzos institucionales para convertir a la Casa del Volc\u00e1n en un referente de divulgaci\u00f3n cient\u00edfica para los estudiantes y la sociedad en general.&nbsp;<\/p>\n\n\n\n<p class=\"wp-block-paragraph\">Dijo que la divulgaci\u00f3n busca acercar el conocimiento cient\u00edfico a la sociedad en general \u201cen un mundo donde muchas veces circula informaci\u00f3n incorrecta. Es por eso que, como cient\u00edficos, debemos buscar la forma de transmitir nuestros conocimientos a la gente, principalmente para combatir la ignorancia y motivar a los j\u00f3venes a que sigan el camino de la ciencia\u201d.&nbsp;<\/p>\n\n\n\n<p class=\"wp-block-paragraph\">Comparti\u00f3 que en 2014 comenz\u00f3 a fotografiar al Volc\u00e1n de Colima con la intenci\u00f3n, en un primer momento, de documentar la actividad volc\u00e1nica, pero con el paso de los a\u00f1os fue mejorando la t\u00e9cnica y composici\u00f3n de sus im\u00e1genes incorporando aspectos como la proporci\u00f3n \u00e1urea, puntos de fuga o simetr\u00edas. \u201cParte de mi labor fotogr\u00e1fica tiene un objetivo muy claro, y es que el Volc\u00e1n nos da un sentido de pertenencia\u201d.<\/p>\n\n\n\n<p class=\"wp-block-paragraph\">Adem\u00e1s, invit\u00f3 a la sociedad en general a conocer m\u00e1s sobre el entorno natural y los fen\u00f3menos que en \u00e9l ocurren. \u201cUna sociedad que no est\u00e1 preparada se vuelve vulnerable, y es lo que provoca los desastres. En realidad, los desastres no son naturales, son construidos socialmente como consecuencia de no estar lo suficientemente preparados ante la presencia de un fen\u00f3meno natural\u201d.&nbsp;<\/p>\n\n\n\n<p class=\"wp-block-paragraph\">Finalmente, Ar\u00e1mbula dijo que, \u201cparticularmente la Universidad de Colima a trav\u00e9s de este libro y de la Casa del Volc\u00e1n, abona a mejorar la educaci\u00f3n y divulgaci\u00f3n cient\u00edfica entre la poblaci\u00f3n, con el fin de tomar mejores decisiones\u201d.&nbsp;<\/p>\n\n\n\n<p class=\"wp-block-paragraph\">En el evento tambi\u00e9n estuvieron el secretario de Educaci\u00f3n y Cultural de Gobierno del Estado, Adolfo N\u00fa\u00f1ez; la presidenta del Voluntariado, Blanca Liliana D\u00edaz y la directora general de Publicaciones, Karina Robles, quien fungi\u00f3 como moderadora.<\/p>\n\n\n\n<figure class=\"wp-block-image\"><img loading=\"lazy\" decoding=\"async\" width=\"1024\" height=\"682\" src=\"https:\/\/diarioavanzada.com.mx\/wp-content\/uploads\/2024\/10\/2f812681-f639-4bdf-8b10-21fbf4cdf839-63064-00001af7e110856f_file-1024x682.jpg\" alt=\"\" class=\"wp-image-64250\" srcset=\"https:\/\/diarioavanzada.com.mx\/wp-content\/uploads\/2024\/10\/2f812681-f639-4bdf-8b10-21fbf4cdf839-63064-00001af7e110856f_file-1024x682.jpg 1024w, https:\/\/diarioavanzada.com.mx\/wp-content\/uploads\/2024\/10\/2f812681-f639-4bdf-8b10-21fbf4cdf839-63064-00001af7e110856f_file-300x200.jpg 300w, https:\/\/diarioavanzada.com.mx\/wp-content\/uploads\/2024\/10\/2f812681-f639-4bdf-8b10-21fbf4cdf839-63064-00001af7e110856f_file-768x512.jpg 768w, https:\/\/diarioavanzada.com.mx\/wp-content\/uploads\/2024\/10\/2f812681-f639-4bdf-8b10-21fbf4cdf839-63064-00001af7e110856f_file.jpg 1100w\" sizes=\"auto, (max-width: 1024px) 100vw, 1024px\" \/><\/figure>\n\n\n\n<figure class=\"wp-block-image\"><img loading=\"lazy\" decoding=\"async\" width=\"1024\" height=\"685\" src=\"https:\/\/diarioavanzada.com.mx\/wp-content\/uploads\/2024\/10\/90e659b1-6539-437e-85da-a0d15947b22e-63064-00001af7f61c2d83_file-1024x685.jpg\" alt=\"\" class=\"wp-image-64251\" srcset=\"https:\/\/diarioavanzada.com.mx\/wp-content\/uploads\/2024\/10\/90e659b1-6539-437e-85da-a0d15947b22e-63064-00001af7f61c2d83_file-1024x685.jpg 1024w, https:\/\/diarioavanzada.com.mx\/wp-content\/uploads\/2024\/10\/90e659b1-6539-437e-85da-a0d15947b22e-63064-00001af7f61c2d83_file-300x201.jpg 300w, https:\/\/diarioavanzada.com.mx\/wp-content\/uploads\/2024\/10\/90e659b1-6539-437e-85da-a0d15947b22e-63064-00001af7f61c2d83_file-768x514.jpg 768w, https:\/\/diarioavanzada.com.mx\/wp-content\/uploads\/2024\/10\/90e659b1-6539-437e-85da-a0d15947b22e-63064-00001af7f61c2d83_file.jpg 1100w\" sizes=\"auto, (max-width: 1024px) 100vw, 1024px\" \/><\/figure>\n\n\n\n<figure class=\"wp-block-image\"><img loading=\"lazy\" decoding=\"async\" width=\"1024\" height=\"682\" src=\"https:\/\/diarioavanzada.com.mx\/wp-content\/uploads\/2024\/10\/fbd55d29-801f-4457-b48a-cbb1d491e314-63064-00001af80a1a5fc3_file-1024x682.jpg\" alt=\"\" class=\"wp-image-64252\" srcset=\"https:\/\/diarioavanzada.com.mx\/wp-content\/uploads\/2024\/10\/fbd55d29-801f-4457-b48a-cbb1d491e314-63064-00001af80a1a5fc3_file-1024x682.jpg 1024w, https:\/\/diarioavanzada.com.mx\/wp-content\/uploads\/2024\/10\/fbd55d29-801f-4457-b48a-cbb1d491e314-63064-00001af80a1a5fc3_file-300x200.jpg 300w, https:\/\/diarioavanzada.com.mx\/wp-content\/uploads\/2024\/10\/fbd55d29-801f-4457-b48a-cbb1d491e314-63064-00001af80a1a5fc3_file-768x512.jpg 768w, https:\/\/diarioavanzada.com.mx\/wp-content\/uploads\/2024\/10\/fbd55d29-801f-4457-b48a-cbb1d491e314-63064-00001af80a1a5fc3_file.jpg 1100w\" sizes=\"auto, (max-width: 1024px) 100vw, 1024px\" \/><\/figure>\n\n\n\n<figure class=\"wp-block-image\"><img loading=\"lazy\" decoding=\"async\" width=\"1024\" height=\"679\" src=\"https:\/\/diarioavanzada.com.mx\/wp-content\/uploads\/2024\/10\/fca4fcbb-1795-48aa-82aa-dc4a8f8e9633-63064-00001af82141a1aa_file-1024x679.jpg\" alt=\"\" class=\"wp-image-64253\" srcset=\"https:\/\/diarioavanzada.com.mx\/wp-content\/uploads\/2024\/10\/fca4fcbb-1795-48aa-82aa-dc4a8f8e9633-63064-00001af82141a1aa_file-1024x679.jpg 1024w, https:\/\/diarioavanzada.com.mx\/wp-content\/uploads\/2024\/10\/fca4fcbb-1795-48aa-82aa-dc4a8f8e9633-63064-00001af82141a1aa_file-300x199.jpg 300w, https:\/\/diarioavanzada.com.mx\/wp-content\/uploads\/2024\/10\/fca4fcbb-1795-48aa-82aa-dc4a8f8e9633-63064-00001af82141a1aa_file-768x509.jpg 768w, https:\/\/diarioavanzada.com.mx\/wp-content\/uploads\/2024\/10\/fca4fcbb-1795-48aa-82aa-dc4a8f8e9633-63064-00001af82141a1aa_file.jpg 1100w\" sizes=\"auto, (max-width: 1024px) 100vw, 1024px\" \/><\/figure>\n\n\n\n<figure class=\"wp-block-image\"><img loading=\"lazy\" decoding=\"async\" width=\"1024\" height=\"682\" src=\"https:\/\/diarioavanzada.com.mx\/wp-content\/uploads\/2024\/10\/1313d334-52b0-44e8-8e97-ebf5c544765e-63064-00001af834bd9ebc_file-1024x682.jpg\" alt=\"\" class=\"wp-image-64254\" srcset=\"https:\/\/diarioavanzada.com.mx\/wp-content\/uploads\/2024\/10\/1313d334-52b0-44e8-8e97-ebf5c544765e-63064-00001af834bd9ebc_file-1024x682.jpg 1024w, https:\/\/diarioavanzada.com.mx\/wp-content\/uploads\/2024\/10\/1313d334-52b0-44e8-8e97-ebf5c544765e-63064-00001af834bd9ebc_file-300x200.jpg 300w, https:\/\/diarioavanzada.com.mx\/wp-content\/uploads\/2024\/10\/1313d334-52b0-44e8-8e97-ebf5c544765e-63064-00001af834bd9ebc_file-768x512.jpg 768w, https:\/\/diarioavanzada.com.mx\/wp-content\/uploads\/2024\/10\/1313d334-52b0-44e8-8e97-ebf5c544765e-63064-00001af834bd9ebc_file.jpg 1100w\" sizes=\"auto, (max-width: 1024px) 100vw, 1024px\" \/><\/figure>\n\n\n\n<figure class=\"wp-block-image\"><img loading=\"lazy\" decoding=\"async\" width=\"1024\" height=\"682\" src=\"https:\/\/diarioavanzada.com.mx\/wp-content\/uploads\/2024\/10\/da227b43-666b-48b6-ab36-fc663da63c81-63064-00001af844cd7887_file-1024x682.jpg\" alt=\"\" class=\"wp-image-64255\" srcset=\"https:\/\/diarioavanzada.com.mx\/wp-content\/uploads\/2024\/10\/da227b43-666b-48b6-ab36-fc663da63c81-63064-00001af844cd7887_file-1024x682.jpg 1024w, https:\/\/diarioavanzada.com.mx\/wp-content\/uploads\/2024\/10\/da227b43-666b-48b6-ab36-fc663da63c81-63064-00001af844cd7887_file-300x200.jpg 300w, https:\/\/diarioavanzada.com.mx\/wp-content\/uploads\/2024\/10\/da227b43-666b-48b6-ab36-fc663da63c81-63064-00001af844cd7887_file-768x512.jpg 768w, https:\/\/diarioavanzada.com.mx\/wp-content\/uploads\/2024\/10\/da227b43-666b-48b6-ab36-fc663da63c81-63064-00001af844cd7887_file.jpg 1100w\" sizes=\"auto, (max-width: 1024px) 100vw, 1024px\" \/><\/figure>\n\n\n\n<figure class=\"wp-block-image\"><img loading=\"lazy\" decoding=\"async\" width=\"1024\" height=\"682\" src=\"https:\/\/diarioavanzada.com.mx\/wp-content\/uploads\/2024\/10\/67ab007e-901e-45f6-9123-25c4d6a74630-63064-00001af856c13115_file-1024x682.jpg\" alt=\"\" class=\"wp-image-64256\" srcset=\"https:\/\/diarioavanzada.com.mx\/wp-content\/uploads\/2024\/10\/67ab007e-901e-45f6-9123-25c4d6a74630-63064-00001af856c13115_file-1024x682.jpg 1024w, https:\/\/diarioavanzada.com.mx\/wp-content\/uploads\/2024\/10\/67ab007e-901e-45f6-9123-25c4d6a74630-63064-00001af856c13115_file-300x200.jpg 300w, https:\/\/diarioavanzada.com.mx\/wp-content\/uploads\/2024\/10\/67ab007e-901e-45f6-9123-25c4d6a74630-63064-00001af856c13115_file-768x512.jpg 768w, https:\/\/diarioavanzada.com.mx\/wp-content\/uploads\/2024\/10\/67ab007e-901e-45f6-9123-25c4d6a74630-63064-00001af856c13115_file.jpg 1100w\" sizes=\"auto, (max-width: 1024px) 100vw, 1024px\" \/><\/figure>\n<div class=\"fb-background-color\">\n\t\t\t  <div \n\t\t\t  \tclass = \"fb-comments\" \n\t\t\t  \tdata-href = \"https:\/\/diarioavanzada.com.mx\/?p=64258\"\n\t\t\t  \tdata-numposts = \"10\"\n\t\t\t  \tdata-lazy = \"true\"\n\t\t\t\tdata-colorscheme = \"light\"\n\t\t\t\tdata-order-by = \"social\"\n\t\t\t\tdata-mobile=true>\n\t\t\t  <\/div><\/div>\n\t\t  <style>\n\t\t    .fb-background-color {\n\t\t\t\tbackground:  !important;\n\t\t\t}\n\t\t\t.fb_iframe_widget_fluid_desktop iframe {\n\t\t\t    width: 100% !important;\n\t\t\t}\n\t\t  <\/style>\n\t\t  ","protected":false},"excerpt":{"rendered":"<p>\u201cRa\u00fal es un explorador del mundo natural y un narrador visual que invita a los dem\u00e1s a contemplar la grandeza del volc\u00e1n y su entorno. Su obra es un testimonio de la armon\u00eda que puede existir entre el conocimiento acad\u00e9mico y la creatividad\u201d: A. Cabrera. Colima, M\u00e9xico, Comunicado (31\/10\/2024).- Con la participaci\u00f3n de estudiantes, acad\u00e9micos [&hellip;]<\/p>\n","protected":false},"author":7,"featured_media":64257,"comment_status":"closed","ping_status":"closed","sticky":false,"template":"","format":"standard","meta":{"_coblocks_attr":"","_coblocks_dimensions":"","_coblocks_responsive_height":"","_coblocks_accordion_ie_support":"","_crdt_document":"","advanced_seo_description":"","jetpack_seo_html_title":"","jetpack_seo_noindex":false,"_jetpack_memberships_contains_paid_content":false,"footnotes":""},"categories":[7],"tags":[],"class_list":["post-64258","post","type-post","status-publish","format-standard","has-post-thumbnail","hentry","category-noticias"],"jetpack_featured_media_url":"https:\/\/diarioavanzada.com.mx\/wp-content\/uploads\/2024\/10\/img_8224-1.jpg","jetpack-related-posts":[],"jetpack_sharing_enabled":true,"amp_enabled":true,"_links":{"self":[{"href":"https:\/\/diarioavanzada.com.mx\/index.php?rest_route=\/wp\/v2\/posts\/64258","targetHints":{"allow":["GET"]}}],"collection":[{"href":"https:\/\/diarioavanzada.com.mx\/index.php?rest_route=\/wp\/v2\/posts"}],"about":[{"href":"https:\/\/diarioavanzada.com.mx\/index.php?rest_route=\/wp\/v2\/types\/post"}],"author":[{"embeddable":true,"href":"https:\/\/diarioavanzada.com.mx\/index.php?rest_route=\/wp\/v2\/users\/7"}],"replies":[{"embeddable":true,"href":"https:\/\/diarioavanzada.com.mx\/index.php?rest_route=%2Fwp%2Fv2%2Fcomments&post=64258"}],"version-history":[{"count":0,"href":"https:\/\/diarioavanzada.com.mx\/index.php?rest_route=\/wp\/v2\/posts\/64258\/revisions"}],"wp:featuredmedia":[{"embeddable":true,"href":"https:\/\/diarioavanzada.com.mx\/index.php?rest_route=\/wp\/v2\/media\/64257"}],"wp:attachment":[{"href":"https:\/\/diarioavanzada.com.mx\/index.php?rest_route=%2Fwp%2Fv2%2Fmedia&parent=64258"}],"wp:term":[{"taxonomy":"category","embeddable":true,"href":"https:\/\/diarioavanzada.com.mx\/index.php?rest_route=%2Fwp%2Fv2%2Fcategories&post=64258"},{"taxonomy":"post_tag","embeddable":true,"href":"https:\/\/diarioavanzada.com.mx\/index.php?rest_route=%2Fwp%2Fv2%2Ftags&post=64258"}],"curies":[{"name":"wp","href":"https:\/\/api.w.org\/{rel}","templated":true}]}}