{"id":64148,"date":"2024-10-30T08:04:16","date_gmt":"2024-10-30T14:04:16","guid":{"rendered":"https:\/\/diarioavanzada.com.mx\/?p=64148"},"modified":"2024-10-30T08:04:16","modified_gmt":"2024-10-30T14:04:16","slug":"altas-temperaturas-en-colima-para-este-30-de-octubre","status":"publish","type":"post","link":"https:\/\/diarioavanzada.com.mx\/?p=64148","title":{"rendered":"Altas temperaturas en Colima para este 30 de octubre"},"content":{"rendered":"\n<p class=\"wp-block-paragraph\">Colima, M\u00e9xico, Avanzada (30\/10\/2024).- Este mi\u00e9rcoles, Colima se ver\u00e1 afectado por lluvias aisladas y condiciones c\u00e1lidas a lo largo del d\u00eda, de acuerdo con el Servicio Meteorol\u00f3gico Nacional (SMN). En el Pac\u00edfico Centro, que incluye Colima, se pronostica un ambiente fresco y fr\u00edo en zonas altas por la ma\u00f1ana, con posibilidad de bancos de niebla. Por la tarde, se espera un aumento de nubosidad, lo que incrementar\u00e1 la probabilidad de lluvias ligeras en el sur del estado, adem\u00e1s de chubascos y descargas el\u00e9ctricas en la regi\u00f3n cercana a Michoac\u00e1n.<\/p>\n\n\n\n<p class=\"wp-block-paragraph\">Rachas de viento y temperaturas elevadas en la regi\u00f3n<br \/>Se prev\u00e9n vientos del oeste con rachas de 40 a 60 km\/h en zonas de Colima y sus alrededores, incluyendo Nayarit y Jalisco. Adem\u00e1s, se espera que el ambiente caluroso predomine en las zonas costeras y \u00e1reas del interior, con temperaturas m\u00e1ximas que podr\u00edan oscilar entre los 30 y 35 \u00b0C.<\/p>\n\n\n\n<p class=\"wp-block-paragraph\">Condiciones en otras regiones del pa\u00eds<br \/>Mientras tanto, el sureste de M\u00e9xico, en especial Yucat\u00e1n y Quintana Roo, enfrentar\u00e1 lluvias intensas debido a la aproximaci\u00f3n de la onda tropical No. 30 y un canal de baja presi\u00f3n. En el norte, el frente fr\u00edo No. 6 generar\u00e1 vientos fuertes y bajas temperaturas, con posible formaci\u00f3n de torbellinos en estados como Coahuila, Nuevo Le\u00f3n y Tamaulipas.<\/p>\n\n\n\n<p class=\"wp-block-paragraph\">Recomendaciones para la poblaci\u00f3n de Colima<br \/>Las autoridades recomiendan a la poblaci\u00f3n mantenerse alerta ante posibles rachas de viento y evitar actividades al aire libre en horas de mayor calor.<\/p>\n<div class=\"fb-background-color\">\n\t\t\t  <div \n\t\t\t  \tclass = \"fb-comments\" \n\t\t\t  \tdata-href = \"https:\/\/diarioavanzada.com.mx\/?p=64148\"\n\t\t\t  \tdata-numposts = \"10\"\n\t\t\t  \tdata-lazy = \"true\"\n\t\t\t\tdata-colorscheme = \"light\"\n\t\t\t\tdata-order-by = \"social\"\n\t\t\t\tdata-mobile=true>\n\t\t\t  <\/div><\/div>\n\t\t  <style>\n\t\t    .fb-background-color {\n\t\t\t\tbackground:  !important;\n\t\t\t}\n\t\t\t.fb_iframe_widget_fluid_desktop iframe {\n\t\t\t    width: 100% !important;\n\t\t\t}\n\t\t  <\/style>\n\t\t  ","protected":false},"excerpt":{"rendered":"<p>Colima, M\u00e9xico, Avanzada (30\/10\/2024).- Este mi\u00e9rcoles, Colima se ver\u00e1 afectado por lluvias aisladas y condiciones c\u00e1lidas a lo largo del d\u00eda, de acuerdo con el Servicio Meteorol\u00f3gico Nacional (SMN). En el Pac\u00edfico Centro, que incluye Colima, se pronostica un ambiente fresco y fr\u00edo en zonas altas por la ma\u00f1ana, con posibilidad de bancos de niebla. [&hellip;]<\/p>\n","protected":false},"author":7,"featured_media":64147,"comment_status":"closed","ping_status":"closed","sticky":false,"template":"","format":"standard","meta":{"_coblocks_attr":"","_coblocks_dimensions":"","_coblocks_responsive_height":"","_coblocks_accordion_ie_support":"","_crdt_document":"","advanced_seo_description":"","jetpack_seo_html_title":"","jetpack_seo_noindex":false,"_jetpack_memberships_contains_paid_content":false,"footnotes":""},"categories":[7],"tags":[],"class_list":["post-64148","post","type-post","status-publish","format-standard","has-post-thumbnail","hentry","category-noticias"],"jetpack_featured_media_url":"https:\/\/diarioavanzada.com.mx\/wp-content\/uploads\/2024\/10\/img_8160-1.jpg","jetpack-related-posts":[],"jetpack_sharing_enabled":true,"amp_enabled":true,"_links":{"self":[{"href":"https:\/\/diarioavanzada.com.mx\/index.php?rest_route=\/wp\/v2\/posts\/64148","targetHints":{"allow":["GET"]}}],"collection":[{"href":"https:\/\/diarioavanzada.com.mx\/index.php?rest_route=\/wp\/v2\/posts"}],"about":[{"href":"https:\/\/diarioavanzada.com.mx\/index.php?rest_route=\/wp\/v2\/types\/post"}],"author":[{"embeddable":true,"href":"https:\/\/diarioavanzada.com.mx\/index.php?rest_route=\/wp\/v2\/users\/7"}],"replies":[{"embeddable":true,"href":"https:\/\/diarioavanzada.com.mx\/index.php?rest_route=%2Fwp%2Fv2%2Fcomments&post=64148"}],"version-history":[{"count":0,"href":"https:\/\/diarioavanzada.com.mx\/index.php?rest_route=\/wp\/v2\/posts\/64148\/revisions"}],"wp:featuredmedia":[{"embeddable":true,"href":"https:\/\/diarioavanzada.com.mx\/index.php?rest_route=\/wp\/v2\/media\/64147"}],"wp:attachment":[{"href":"https:\/\/diarioavanzada.com.mx\/index.php?rest_route=%2Fwp%2Fv2%2Fmedia&parent=64148"}],"wp:term":[{"taxonomy":"category","embeddable":true,"href":"https:\/\/diarioavanzada.com.mx\/index.php?rest_route=%2Fwp%2Fv2%2Fcategories&post=64148"},{"taxonomy":"post_tag","embeddable":true,"href":"https:\/\/diarioavanzada.com.mx\/index.php?rest_route=%2Fwp%2Fv2%2Ftags&post=64148"}],"curies":[{"name":"wp","href":"https:\/\/api.w.org\/{rel}","templated":true}]}}