{"id":63988,"date":"2024-10-28T18:36:27","date_gmt":"2024-10-29T00:36:27","guid":{"rendered":"https:\/\/diarioavanzada.com.mx\/?p=63988"},"modified":"2024-10-28T18:36:27","modified_gmt":"2024-10-29T00:36:27","slug":"universidad-de-colima-rescinde-contrato-a-trabajador-acusado-de-acoso-y-hostigamiento-sexual","status":"publish","type":"post","link":"https:\/\/diarioavanzada.com.mx\/?p=63988","title":{"rendered":"Universidad de Colima rescinde contrato a trabajador acusado de acoso y hostigamiento sexual"},"content":{"rendered":"\n<p class=\"wp-block-paragraph\">Colima, M\u00e9xico, Avanzada (28\/10\/2024).- La Universidad de Colima inform\u00f3 a la comunidad universitaria y a la sociedad en general sobre la rescisi\u00f3n del contrato laboral de un trabajador tras ser denunciado por conductas de acoso y hostigamiento sexual contra una trabajadora y una estudiante de la instituci\u00f3n. Esta decisi\u00f3n fue tomada en apego al compromiso institucional de \u201cCero Tolerancia\u201d frente a la violencia de g\u00e9nero, y de acuerdo con el Protocolo para la Atenci\u00f3n Integral de la Violencia de G\u00e9nero que regula la atenci\u00f3n a este tipo de casos dentro de la universidad.<\/p>\n\n\n\n<p class=\"wp-block-paragraph\">Seg\u00fan el comunicado emitido por la Oficina de la Abogac\u00eda General y la Direcci\u00f3n para la Atenci\u00f3n Integral a la Discriminaci\u00f3n y la Violencia de G\u00e9nero, el trabajador en cuesti\u00f3n ya no podr\u00e1 desempe\u00f1ar labores en ninguna de las instalaciones de la universidad ni en ninguna dependencia de la misma.<\/p>\n\n\n\n<p class=\"wp-block-paragraph\">La Universidad de Colima reitera su compromiso de enfrentar y erradicar cualquier manifestaci\u00f3n de violencia de g\u00e9nero, alentando a quienes hayan sido v\u00edctimas de este tipo de actos por parte de miembros de la comunidad universitaria a presentar sus quejas a trav\u00e9s de los mecanismos institucionales habilitados, que se pueden consultar en los sitios <a href=\"https:\/\/quejaviolenciagenero.ucol.mx\/\" rel=\"nofollow\">https:\/\/quejaviolenciagenero.ucol.mx\/<\/a> y <a href=\"https:\/\/goo.su\/WF98Vd\" rel=\"nofollow\">https:\/\/goo.su\/WF98Vd<\/a>.<\/p>\n\n\n\n<p class=\"wp-block-paragraph\">La instituci\u00f3n reafirma su postura en favor de un entorno libre de violencia y discriminaci\u00f3n, y reitera su disposici\u00f3n para dar seguimiento a cualquier denuncia presentada bajo los t\u00e9rminos establecidos en su protocolo de atenci\u00f3n a la violencia de g\u00e9nero.<\/p>\n<div class=\"fb-background-color\">\n\t\t\t  <div \n\t\t\t  \tclass = \"fb-comments\" \n\t\t\t  \tdata-href = \"https:\/\/diarioavanzada.com.mx\/?p=63988\"\n\t\t\t  \tdata-numposts = \"10\"\n\t\t\t  \tdata-lazy = \"true\"\n\t\t\t\tdata-colorscheme = \"light\"\n\t\t\t\tdata-order-by = \"social\"\n\t\t\t\tdata-mobile=true>\n\t\t\t  <\/div><\/div>\n\t\t  <style>\n\t\t    .fb-background-color {\n\t\t\t\tbackground:  !important;\n\t\t\t}\n\t\t\t.fb_iframe_widget_fluid_desktop iframe {\n\t\t\t    width: 100% !important;\n\t\t\t}\n\t\t  <\/style>\n\t\t  ","protected":false},"excerpt":{"rendered":"<p>Colima, M\u00e9xico, Avanzada (28\/10\/2024).- La Universidad de Colima inform\u00f3 a la comunidad universitaria y a la sociedad en general sobre la rescisi\u00f3n del contrato laboral de un trabajador tras ser denunciado por conductas de acoso y hostigamiento sexual contra una trabajadora y una estudiante de la instituci\u00f3n. Esta decisi\u00f3n fue tomada en apego al compromiso [&hellip;]<\/p>\n","protected":false},"author":7,"featured_media":63987,"comment_status":"closed","ping_status":"closed","sticky":false,"template":"","format":"standard","meta":{"_coblocks_attr":"","_coblocks_dimensions":"","_coblocks_responsive_height":"","_coblocks_accordion_ie_support":"","_crdt_document":"","advanced_seo_description":"","jetpack_seo_html_title":"","jetpack_seo_noindex":false,"_jetpack_memberships_contains_paid_content":false,"footnotes":""},"categories":[19,209],"tags":[],"class_list":["post-63988","post","type-post","status-publish","format-standard","has-post-thumbnail","hentry","category-colima","category-importantes"],"jetpack_featured_media_url":"https:\/\/diarioavanzada.com.mx\/wp-content\/uploads\/2024\/10\/img_7843-1.jpg","jetpack-related-posts":[],"jetpack_sharing_enabled":true,"amp_enabled":true,"_links":{"self":[{"href":"https:\/\/diarioavanzada.com.mx\/index.php?rest_route=\/wp\/v2\/posts\/63988","targetHints":{"allow":["GET"]}}],"collection":[{"href":"https:\/\/diarioavanzada.com.mx\/index.php?rest_route=\/wp\/v2\/posts"}],"about":[{"href":"https:\/\/diarioavanzada.com.mx\/index.php?rest_route=\/wp\/v2\/types\/post"}],"author":[{"embeddable":true,"href":"https:\/\/diarioavanzada.com.mx\/index.php?rest_route=\/wp\/v2\/users\/7"}],"replies":[{"embeddable":true,"href":"https:\/\/diarioavanzada.com.mx\/index.php?rest_route=%2Fwp%2Fv2%2Fcomments&post=63988"}],"version-history":[{"count":0,"href":"https:\/\/diarioavanzada.com.mx\/index.php?rest_route=\/wp\/v2\/posts\/63988\/revisions"}],"wp:featuredmedia":[{"embeddable":true,"href":"https:\/\/diarioavanzada.com.mx\/index.php?rest_route=\/wp\/v2\/media\/63987"}],"wp:attachment":[{"href":"https:\/\/diarioavanzada.com.mx\/index.php?rest_route=%2Fwp%2Fv2%2Fmedia&parent=63988"}],"wp:term":[{"taxonomy":"category","embeddable":true,"href":"https:\/\/diarioavanzada.com.mx\/index.php?rest_route=%2Fwp%2Fv2%2Fcategories&post=63988"},{"taxonomy":"post_tag","embeddable":true,"href":"https:\/\/diarioavanzada.com.mx\/index.php?rest_route=%2Fwp%2Fv2%2Ftags&post=63988"}],"curies":[{"name":"wp","href":"https:\/\/api.w.org\/{rel}","templated":true}]}}