{"id":63913,"date":"2024-10-28T06:17:14","date_gmt":"2024-10-28T12:17:14","guid":{"rendered":"https:\/\/diarioavanzada.com.mx\/?p=63913"},"modified":"2024-10-28T06:23:42","modified_gmt":"2024-10-28T12:23:42","slug":"morena-convence-o-seduce","status":"publish","type":"post","link":"https:\/\/diarioavanzada.com.mx\/?p=63913","title":{"rendered":"Morena: \u00bfconvence&nbsp;o&nbsp;seduce?&nbsp;"},"content":{"rendered":"\n<p class=\"wp-block-paragraph\">Columna<\/p>\n\n\n\n<p class=\"wp-block-paragraph\">El Puercoesp\u00edn&nbsp;<\/p>\n\n\n\n<p class=\"wp-block-paragraph\">Luisa Mar\u00eda&nbsp;Alcalde, presidenta nacional de Morena, anunci\u00f3 que buscar\u00e1 sumar a sus filas a 10 millones de personas m\u00e1s con el fin de fortalecerse en territorio e impulsar la 4T.<\/p>\n\n\n\n<p class=\"s5 wp-block-paragraph\">Textualmente dijo \u201cEstamos haciendo un recorrido por todo el pa\u00eds, hablamos de eso, de la necesidad de fortalecer a Morena desde abajo hacia arriba con el m\u00e9todo que nos ense\u00f1\u00f3&nbsp;el presidente L\u00f3pez Obrador, a trav\u00e9s de la conformaci\u00f3n de comit\u00e9s seccionales\u201d. Y agreg\u00f3 \u201ccomo parte de los esfuerzos de Morena para consolidar su presencia territorial a lo largo del pr\u00f3ximo a\u00f1o, se llevar\u00e1n a cabo&nbsp;las asambleas seccionales, as\u00ed como&nbsp;las asambleas informativas.\u201d Y puntualiz\u00f3 \u201cCada&nbsp;una y uno&nbsp;de los legisladores se har\u00e1 cargo de sus distritos: los de mayor\u00eda donde fueron electos y los plurinominales nos van a ayudar a reforzar en aquellas entidades federativas donde no tenemos alg\u00fan legislador de mayor\u00eda, entonces acordamos eso\u201d.<\/p>\n\n\n\n<p class=\"s5 wp-block-paragraph\">Andr\u00e9s L\u00f3pez Beltr\u00e1n, flamante secretario de organizaci\u00f3n,estar\u00e1 de facto,&nbsp;iniciando su campa\u00f1a preparatoria parapostularse dentro de seis a\u00f1os para presidente de M\u00e9xico.&nbsp;<\/p>\n\n\n\n<p class=\"s5 wp-block-paragraph\">En Morena van por 10 millones de personas que trabajen para ellos de gratis.&nbsp;Mario Delgado a trav\u00e9s de los gobernadores&nbsp;-o con la ayuda de estos-&nbsp;se encarg\u00f3 de correr a los militantes originales para imponer a los bur\u00f3cratas que hoy ocupan los puestos de elecci\u00f3n popular impuestos por la nomenclatura.<\/p>\n\n\n\n<p class=\"s5 wp-block-paragraph\">Su mar de pesca son los 35 millones de votantes que lo hicieron con base en una respuesta a una seducci\u00f3n provocada por los programas sociales y la oferta de un Estado de Bienestar.<\/p>\n\n\n\n<p class=\"s5 wp-block-paragraph\">La aspiraci\u00f3n de Morena es leg\u00edtima como ser\u00eda leg\u00edtima la aspiraci\u00f3n de todos los&nbsp;dem\u00e1s&nbsp;partidos. El problema es que Morena no va a convencer, es decir, a incitar,&nbsp;mover con razones a alguien a hacer algo o a mudar de dictamen o de comportamiento, sino que pretende seducir, que de acuerdo con el diccionario de la Real Academia de la Lengua se define como&nbsp;persuadir&nbsp;a&nbsp;alguien&nbsp;con&nbsp;argucias&nbsp;o&nbsp;halagos&nbsp;para&nbsp;algo,&nbsp;frecuentemente&nbsp;malo.<\/p>\n\n\n\n<p class=\"s5 wp-block-paragraph\">Pol\u00edticamente es un retroceso, es la confirmaci\u00f3n de que los partidos pol\u00edticos est\u00e1n en la perfecta decadencia y no usan al partido para hacer pol\u00edtica,&nbsp;sino para que las \u00e9lites de estos se beneficien y el resto de militancia sea tan solo comparsa.<\/p>\n\n\n\n<p class=\"s5 wp-block-paragraph\">Aqu\u00ed la derecha y la izquierda se dan la mano,&nbsp;tienen en com\u00fan acuerdo no involucrar a la gente en entes organizados que act\u00faen como un colectivo,&nbsp;no,&nbsp;tan&nbsp;solo quieren a los militantes como n\u00fameros,&nbsp;como bola,&nbsp;como comparsa,&nbsp;como mont\u00f3n. Luisa Mar\u00eda&nbsp;Alcalde&nbsp;no habla de organismos de base, de comit\u00e9s de barrio, de&nbsp;seccionales,&nbsp;de municipales,de estatales y de un gran cuerpo nacional, no, habla de asamblea informativa, es decir, vulgares&nbsp;m\u00edtines&nbsp;publicistas donde estar\u00e1 presente el nuevo&nbsp;tlatoani&nbsp;o el tlatoani junior,Andr\u00e9s L\u00f3pez Beltr\u00e1n. Van por la recuperaci\u00f3n de los fundadores de Morena, aquellos que ten\u00edan m\u00edstica y esp\u00edritu de sacrificio, para volverlos a usar y desecharlos en su momento. All\u00e1 ellos si regresan. &nbsp;<\/p>\n\n\n\n<p class=\"s5 wp-block-paragraph\">Morena no&nbsp;va&nbsp;hacia la organizaci\u00f3n de un gran partido participativo y pensante, no. Van por una masa anexada a una \u00e9lite de pol\u00edticos que, dicho sea de paso, los Verdes est\u00e1n convirti\u00e9ndose en una segunda minor\u00eda&nbsp;muy corrupta y peligrosa, que cogobierna con Morena.<\/p>\n\n\n\n<p class=\"s5 wp-block-paragraph\">Morena est\u00e1 pensando cuantitativamente, no cualitativamente, est\u00e1 pensando en la campa\u00f1a de 2030 y en la continuaci\u00f3n de un gobierno din\u00e1stico,&nbsp;no en la construcci\u00f3n de un partido democr\u00e1tico que construya org\u00e1nicamente,&nbsp;desde el partido,&nbsp;el gran Estado de Bienestar que M\u00e9xico necesita.<\/p>\n\n\n\n<p class=\"s5 wp-block-paragraph\">La ruta de Andy L\u00f3pez Beltr\u00e1n no cambia, van por los 10 millones de afiliados. Ahora m\u00e1s que nunca, sabe que la dirigencia de Luisa Mar\u00eda&nbsp;Alcalde&nbsp;Calder\u00f3n es de papel. Lo hacen muy evidente, no pretenden convencer para lograr los consensos,&nbsp;su objetivo es seducir para lograr un crecimiento&nbsp;cuantitativo,&nbsp;pero sin maduraci\u00f3n cualitativa de la militancia, en otras&nbsp;palabras,&nbsp;quieren elevar la&nbsp;n\u00f3mina&nbsp;de&nbsp;votantes,aunque no hagan pol\u00edtica, pero s\u00ed&nbsp;proselitismo electorero. &nbsp;&nbsp;<\/p>\n\n\n\n<p class=\"s5 wp-block-paragraph\">El nuevo Morena se proyecta din\u00e1stico, corporativo, elitista -donde el derecho de&nbsp;admisi\u00f3n&nbsp;est\u00e1 concesionado a los gobernadores y a los secretarios de Estado-, con un objetivo concreto llevar a la presidencia de la rep\u00fablica a Andy, al junior. &nbsp;<\/p>\n\n\n\n<p class=\"s5 wp-block-paragraph\">La aspiraci\u00f3n de L\u00f3pez Beltr\u00e1n es leg\u00edtima,&nbsp;su problema es que invocando el gran derecho de los pobres y luchar por su&nbsp;beneficio,&nbsp;pero parad\u00f3jicamente en la pr\u00e1ctica los excluye de cualquier forma de injerencia real, solo los quiere para lograr apoyo electorero, pero no para participar activamente en discusiones y en \u00f3rganos&nbsp;bien reglamentados y con plenos derechos.&nbsp;<\/p>\n\n\n\n<p class=\"s5 wp-block-paragraph\">Van por un r\u00e9gimen de dinast\u00eda que niega su \u00e9xito original que le da sentido y raz\u00f3n de ser de los pobres y su principal consigna:&nbsp;\u201cPor el bien de todos,&nbsp;primero los pobres\u201d.<\/p>\n\n\n\n<p class=\"s5 wp-block-paragraph\">Morena le apuesta al protagonismo de la \u00e9lite de la nueva sociedad pol\u00edtica y la estirpe de L\u00f3pez Obrador,&nbsp;como si fu\u00e9ramos un reino. &nbsp;<\/p>\n\n\n\n<p class=\"s5 wp-block-paragraph\">Morena ser\u00e1: masas para votar;&nbsp;\u00e9lite y estirpe para gobernar.<\/p>\n\n\n\n<p class=\"s5 wp-block-paragraph\">Su nueva consigna ser\u00e1:&nbsp;con el pueblo,&nbsp;la mayor\u00eda electoral;sin el pueblo,&nbsp;las decisiones del gobierno.<\/p>\n\n\n\n<p class=\"s5 wp-block-paragraph\">Estamos en una crisis de partidos y los ciudadanos sin opciones, solo somos sujetos del apetito de poder de la oligarqu\u00eda neoliberal y una izquierda en proceso de divorcio de los ciudadanos.<\/p>\n\n\n\n<p class=\"s5 wp-block-paragraph\">En s\u00edntesis, solo somos vistos como objetos, para ellos, los de izquierda y de derecha. En nuestras decisiones est\u00e1 romper con las ideas de gobernar donde la gente sea excluida. &nbsp;<\/p>\n\n\n\n<p class=\"s5 wp-block-paragraph\">&nbsp;<\/p>\n\n\n\n<p class=\"s5 wp-block-paragraph\">&nbsp;<\/p>\n\n\n\n<p class=\"s5 wp-block-paragraph\">&nbsp;<\/p>\n\n\n\n<p class=\"s5 wp-block-paragraph\">&nbsp;<\/p>\n\n\n\n<p class=\"s5 wp-block-paragraph\">&nbsp;<\/p>\n<div class=\"fb-background-color\">\n\t\t\t  <div \n\t\t\t  \tclass = \"fb-comments\" \n\t\t\t  \tdata-href = \"https:\/\/diarioavanzada.com.mx\/?p=63913\"\n\t\t\t  \tdata-numposts = \"10\"\n\t\t\t  \tdata-lazy = \"true\"\n\t\t\t\tdata-colorscheme = \"light\"\n\t\t\t\tdata-order-by = \"social\"\n\t\t\t\tdata-mobile=true>\n\t\t\t  <\/div><\/div>\n\t\t  <style>\n\t\t    .fb-background-color {\n\t\t\t\tbackground:  !important;\n\t\t\t}\n\t\t\t.fb_iframe_widget_fluid_desktop iframe {\n\t\t\t    width: 100% !important;\n\t\t\t}\n\t\t  <\/style>\n\t\t  ","protected":false},"excerpt":{"rendered":"<p>Columna El Puercoesp\u00edn&nbsp; Luisa Mar\u00eda&nbsp;Alcalde, presidenta nacional de Morena, anunci\u00f3 que buscar\u00e1 sumar a sus filas a 10 millones de personas m\u00e1s con el fin de fortalecerse en territorio e impulsar la 4T. Textualmente dijo \u201cEstamos haciendo un recorrido por todo el pa\u00eds, hablamos de eso, de la necesidad de fortalecer a Morena desde abajo [&hellip;]<\/p>\n","protected":false},"author":9,"featured_media":63914,"comment_status":"closed","ping_status":"closed","sticky":false,"template":"","format":"standard","meta":{"_coblocks_attr":"","_coblocks_dimensions":"","_coblocks_responsive_height":"","_coblocks_accordion_ie_support":"","advanced_seo_description":"","jetpack_seo_html_title":"","jetpack_seo_noindex":false,"jetpack_seo_schema_type":"","_jetpack_newsletter_access":"","_jetpack_dont_email_post_to_subs":false,"_jetpack_newsletter_tier_id":0,"_jetpack_memberships_contains_paywalled_content":false,"_wpcom_ai_launchpad_first_post":false,"_jetpack_feature_clip_id":0,"_jetpack_memberships_contains_paid_content":false,"footnotes":"","jetpack_post_was_ever_published":false},"categories":[19,209,24],"tags":[],"class_list":["post-63913","post","type-post","status-publish","format-standard","has-post-thumbnail","hentry","category-colima","category-importantes","category-opinion"],"jetpack-related-posts":[],"jetpack_sharing_enabled":true,"amp_enabled":true,"jetpack_featured_media_url":"https:\/\/diarioavanzada.com.mx\/wp-content\/uploads\/2024\/10\/img_7760-1.jpg","_links":{"self":[{"href":"https:\/\/diarioavanzada.com.mx\/index.php?rest_route=\/wp\/v2\/posts\/63913","targetHints":{"allow":["GET"]}}],"collection":[{"href":"https:\/\/diarioavanzada.com.mx\/index.php?rest_route=\/wp\/v2\/posts"}],"about":[{"href":"https:\/\/diarioavanzada.com.mx\/index.php?rest_route=\/wp\/v2\/types\/post"}],"author":[{"embeddable":true,"href":"https:\/\/diarioavanzada.com.mx\/index.php?rest_route=\/wp\/v2\/users\/9"}],"replies":[{"embeddable":true,"href":"https:\/\/diarioavanzada.com.mx\/index.php?rest_route=%2Fwp%2Fv2%2Fcomments&post=63913"}],"version-history":[{"count":1,"href":"https:\/\/diarioavanzada.com.mx\/index.php?rest_route=\/wp\/v2\/posts\/63913\/revisions"}],"predecessor-version":[{"id":63915,"href":"https:\/\/diarioavanzada.com.mx\/index.php?rest_route=\/wp\/v2\/posts\/63913\/revisions\/63915"}],"wp:featuredmedia":[{"embeddable":true,"href":"https:\/\/diarioavanzada.com.mx\/index.php?rest_route=\/wp\/v2\/media\/63914"}],"wp:attachment":[{"href":"https:\/\/diarioavanzada.com.mx\/index.php?rest_route=%2Fwp%2Fv2%2Fmedia&parent=63913"}],"wp:term":[{"taxonomy":"category","embeddable":true,"href":"https:\/\/diarioavanzada.com.mx\/index.php?rest_route=%2Fwp%2Fv2%2Fcategories&post=63913"},{"taxonomy":"post_tag","embeddable":true,"href":"https:\/\/diarioavanzada.com.mx\/index.php?rest_route=%2Fwp%2Fv2%2Ftags&post=63913"}],"curies":[{"name":"wp","href":"https:\/\/api.w.org\/{rel}","templated":true}]}}