{"id":63582,"date":"2024-10-23T06:33:50","date_gmt":"2024-10-23T12:33:50","guid":{"rendered":"https:\/\/diarioavanzada.com.mx\/?p=63582"},"modified":"2024-10-23T06:33:50","modified_gmt":"2024-10-23T12:33:50","slug":"crisis-en-chiapas","status":"publish","type":"post","link":"https:\/\/diarioavanzada.com.mx\/?p=63582","title":{"rendered":"Crisis en Chiapas"},"content":{"rendered":"\n<p class=\"wp-block-paragraph\">Columna<\/p>\n\n\n\n<p class=\"wp-block-paragraph\">El Puercoesp\u00edn&nbsp;<\/p>\n\n\n\n<p class=\"s4 wp-block-paragraph\">La secretaria de Gobernaci\u00f3n escribi\u00f3 en&nbsp;tuiter:&nbsp;\u201cMarcelo P\u00e9rez&nbsp;P\u00e9rez&nbsp;perdi\u00f3 la vida\u201d;&nbsp;y&nbsp;acto seguido,&nbsp;ella se lamenta por lo sucedido al sacerdote, pero&nbsp;en&nbsp;realidad no perdi\u00f3 la vida,&nbsp;no perdi\u00f3 la vida por enfermedad, por causas naturales, a Marcelo P\u00e9rez&nbsp;P\u00e9rez&nbsp;lo asesinaron. Cosa muy diferente.<\/p>\n\n\n\n<p class=\"s4 wp-block-paragraph\">Rutilio Escand\u00f3n Cadenas lleg\u00f3 a la gubernatura de Chiapas en un espacio que pol\u00edticamente le pertenece al Partido Verde y por su relaci\u00f3n familiar con Ad\u00e1n Augusto L\u00f3pez Hern\u00e1ndez, su historial pol\u00edtico es propio del perfecto bur\u00f3crata y acaparador de los puestos plurinominales y para rematar fue acusado de hacer campa\u00f1a anticipada desde agosto de 2017 hasta julio de 2018 cuando fue electo gobernador de Chiapas con el 39 % de los votos a su favor, es decir, que su gubernatura es de primera minor\u00eda.<\/p>\n\n\n\n<p class=\"s4 wp-block-paragraph\">Rutilio Escand\u00f3n se la pas\u00f3,&nbsp;a diario,&nbsp;saliendo en la tele nacional. Si usted prend\u00eda su televisor y sintonizaba TV Milenio all\u00ed seguramente se encontrar\u00eda con una gacetilla del gobierno de Rutilio Escand\u00f3n.&nbsp;Cuando un gobernador se anuncia en la tele nacional es que en su estado no est\u00e1haciendo nada, seguro.&nbsp;<\/p>\n\n\n\n<p class=\"s4 wp-block-paragraph\">Rutilio es uno de los tantos gobernadores que han hecho de la gobernabilidad y la gobernanza trizas, sin embargo, L\u00f3pez Obrador y el Gobierno de M\u00e9xico de entonces y el actual los sostienen y los apoyan como si fueran grandes gobernantes, sin el m\u00e1s m\u00ednimo pudor ni la m\u00e1s leve autocr\u00edtica. &nbsp;&nbsp;<\/p>\n\n\n\n<p class=\"s4 wp-block-paragraph\">All\u00ed est\u00e1n los resultados,&nbsp;Chiapas est\u00e1&nbsp;que hierve por culpa de la generaci\u00f3n de gobernadores ineptos como \u00e9l.&nbsp;<\/p>\n\n\n\n<p class=\"s4 wp-block-paragraph\">El domingo 20 de octubre fue asesinado en San&nbsp;Cristobal&nbsp;de las Casas, Chiapas, el sacerdote Marcelo P\u00e9rez&nbsp;P\u00e9rez.<\/p>\n\n\n\n<p class=\"s4 wp-block-paragraph\">El sacerdote Marcelo P\u00e9rez&nbsp;P\u00e9rez&nbsp;quer\u00eda que Chiapas \u201cno fuera un infierno, sino un para\u00edso de paz\u201d, afirm\u00f3 el cardenal Felipe Arizmendi Esquivel, quien orden\u00f3 al cl\u00e9rigo hace 22 a\u00f1os.<\/p>\n\n\n\n<p class=\"s4 wp-block-paragraph\">\u201cMarcelo no quer\u00eda que nadie, ind\u00edgenas y mestizos, viviera en la esclavitud de la marginaci\u00f3n, la pobreza, el racismo y la exclusi\u00f3n que tantos hermanos sufren; que se pueda vivir otra vida mejor de paz, libertad y unidad\u201d, a\u00f1adi\u00f3 durante la homil\u00eda de la misa de cuerpo presente celebrada&nbsp;el lunes 21 de octubre&nbsp;por la ma\u00f1ana en la cabecera de San Andr\u00e9s Larr\u00e1inzar, de donde P\u00e9rez&nbsp;P\u00e9rez&nbsp;era originario.&nbsp;<\/p>\n\n\n\n<p class=\"s4 wp-block-paragraph\">Arizmendi Esquivel, obispo&nbsp;em\u00e9rito de San Crist\u00f3bal, se\u00f1al\u00f3 que Marcelo P\u00e9rez, quien contaba con 50&nbsp;a\u00f1os, \u201cnunca se avergonz\u00f3 de ser&nbsp;tsotsil, siempre llev\u00f3 sus ra\u00edces en su coraz\u00f3n y por eso est\u00e1 aqu\u00ed con su pueblo. Ustedes quisieron que no se quedara en la catedral de San Crist\u00f3bal, sino que est\u00e9 aqu\u00ed con su pueblo, porque \u00e9l es de su pueblo\u201d. Asegur\u00f3 igualmente que el presb\u00edtero fue \u201cun regalo de los&nbsp;tsotsiles&nbsp;a la Iglesia y a la di\u00f3cesis; siempre fue un constructor de la paz\u201d.<\/p>\n\n\n\n<p class=\"s4 wp-block-paragraph\">M\u00e1s de 200 organizaciones y colectivos nacionales e internacionales y m\u00e1s de 300 personas (artistas, intelectuales y periodistas, entre otros), incluyendo a Enzo&nbsp;Traverso, historiador e intelectual italiano, y Mar\u00eda de Jes\u00fas Patricio, vocera del Concejo Ind\u00edgena de Gobierno-Congreso Nacional Ind\u00edgena, recordaron que desde hace tres a\u00f1os el Ej\u00e9rcito Zapatista de Liberaci\u00f3n Nacional (EZLN) advirti\u00f3 que Chiapas se encontraba \u201cal borde de una guerra civil\u201d. A\u00f1adieron que en la entidad \u201cel&nbsp;narcoparamilitarismo&nbsp;est\u00e1 despojando el territorio y, como lo mencionan zapatistas, opera junto con los diversos niveles de gobierno para legalizar estos despojos\u201d. Manifestaron que \u201cla gesti\u00f3n de la guerra que est\u00e1 haciendo el gobierno ha consistido en el despojo del territorio, en la criminalizaci\u00f3n de la rebeld\u00eda y, claro, en un discurso que minimiza las atrocidades y justifica el creciente e ineficaz militarismo, como lo ha probado la ininterrumpida militarizaci\u00f3n\u201d en Chiapas.&nbsp;<\/p>\n\n\n\n<p class=\"s4 wp-block-paragraph\">Hace un a\u00f1o que visite Chiapas,&nbsp;como turista, entonces&nbsp;se comentaba entre los naturales de la selva lacandona de c\u00f3mo los narcos, los paramilitares y el&nbsp;Ej\u00e9rcito hab\u00edan irrumpido en tierras chiapanecas creando incertidumbre y violencia.<\/p>\n\n\n\n<p class=\"s4 wp-block-paragraph\">Rub\u00e9n Rocha Moya siguen en el puesto&nbsp;de gobernador&nbsp;en Sinaloa a pesar de que tiene serios cuestionamientos de estar involucrado con el narco y concretamente en la muerte de Melesio&nbsp;Cu\u00e9, ex rector de la Universidad de Sinaloa, y de tener sumido en la violencia al pueblo de Sinaloa&nbsp;entero.<\/p>\n\n\n\n<p class=\"s4 wp-block-paragraph\">Rutilio Escand\u00f3n es otro tipo del mismo perfil que \u201cgobiernan\u201d desde una visi\u00f3n fr\u00edvola, burocr\u00e1tica y cero resultados, tan solo amparados bajo la sombra de&nbsp;Amlo.&nbsp;<\/p>\n\n\n\n<p class=\"s4 wp-block-paragraph\">Ahora con la partida del presidente el fantasma de la ingobernabilidad y la&nbsp;ingobernanza&nbsp;los amenaza.<\/p>\n\n\n\n<p class=\"s4 wp-block-paragraph\">Colima, Baja California y Guerrero, entre muchos estados,est\u00e1n tras los mismos pasos. &nbsp;Todo es cuesti\u00f3n de tiempo,&nbsp;los arreglos de Mario Delgado fueron tan solo la construcci\u00f3n de un tigre de papel.&nbsp;<\/p>\n\n\n\n<p class=\"s4 wp-block-paragraph\">Chiapas est\u00e1&nbsp;sumida en una profunda crisis&nbsp;pol\u00edtica&nbsp;y el asesinato del padre Marcelo P\u00e9rez&nbsp;P\u00e9rez&nbsp;tan solo es la punta del iceberg. &nbsp; &nbsp;<\/p>\n<div class=\"fb-background-color\">\n\t\t\t  <div \n\t\t\t  \tclass = \"fb-comments\" \n\t\t\t  \tdata-href = \"https:\/\/diarioavanzada.com.mx\/?p=63582\"\n\t\t\t  \tdata-numposts = \"10\"\n\t\t\t  \tdata-lazy = \"true\"\n\t\t\t\tdata-colorscheme = \"light\"\n\t\t\t\tdata-order-by = \"social\"\n\t\t\t\tdata-mobile=true>\n\t\t\t  <\/div><\/div>\n\t\t  <style>\n\t\t    .fb-background-color {\n\t\t\t\tbackground:  !important;\n\t\t\t}\n\t\t\t.fb_iframe_widget_fluid_desktop iframe {\n\t\t\t    width: 100% !important;\n\t\t\t}\n\t\t  <\/style>\n\t\t  ","protected":false},"excerpt":{"rendered":"<p>Columna El Puercoesp\u00edn&nbsp; La secretaria de Gobernaci\u00f3n escribi\u00f3 en&nbsp;tuiter:&nbsp;\u201cMarcelo P\u00e9rez&nbsp;P\u00e9rez&nbsp;perdi\u00f3 la vida\u201d;&nbsp;y&nbsp;acto seguido,&nbsp;ella se lamenta por lo sucedido al sacerdote, pero&nbsp;en&nbsp;realidad no perdi\u00f3 la vida,&nbsp;no perdi\u00f3 la vida por enfermedad, por causas naturales, a Marcelo P\u00e9rez&nbsp;P\u00e9rez&nbsp;lo asesinaron. Cosa muy diferente. Rutilio Escand\u00f3n Cadenas lleg\u00f3 a la gubernatura de Chiapas en un espacio que pol\u00edticamente le [&hellip;]<\/p>\n","protected":false},"author":9,"featured_media":63581,"comment_status":"closed","ping_status":"closed","sticky":false,"template":"","format":"standard","meta":{"_coblocks_attr":"","_coblocks_dimensions":"","_coblocks_responsive_height":"","_coblocks_accordion_ie_support":"","advanced_seo_description":"","jetpack_seo_html_title":"","jetpack_seo_noindex":false,"jetpack_seo_schema_type":"","_jetpack_newsletter_access":"","_jetpack_dont_email_post_to_subs":false,"_jetpack_newsletter_tier_id":0,"_jetpack_memberships_contains_paywalled_content":false,"_wpcom_ai_launchpad_first_post":false,"_jetpack_feature_clip_id":0,"_jetpack_memberships_contains_paid_content":false,"footnotes":"","jetpack_post_was_ever_published":false},"categories":[19,209,24],"tags":[],"class_list":["post-63582","post","type-post","status-publish","format-standard","has-post-thumbnail","hentry","category-colima","category-importantes","category-opinion"],"jetpack-related-posts":[],"jetpack_sharing_enabled":true,"amp_enabled":true,"jetpack_featured_media_url":"https:\/\/diarioavanzada.com.mx\/wp-content\/uploads\/2024\/10\/img_7282-1.jpg","_links":{"self":[{"href":"https:\/\/diarioavanzada.com.mx\/index.php?rest_route=\/wp\/v2\/posts\/63582","targetHints":{"allow":["GET"]}}],"collection":[{"href":"https:\/\/diarioavanzada.com.mx\/index.php?rest_route=\/wp\/v2\/posts"}],"about":[{"href":"https:\/\/diarioavanzada.com.mx\/index.php?rest_route=\/wp\/v2\/types\/post"}],"author":[{"embeddable":true,"href":"https:\/\/diarioavanzada.com.mx\/index.php?rest_route=\/wp\/v2\/users\/9"}],"replies":[{"embeddable":true,"href":"https:\/\/diarioavanzada.com.mx\/index.php?rest_route=%2Fwp%2Fv2%2Fcomments&post=63582"}],"version-history":[{"count":1,"href":"https:\/\/diarioavanzada.com.mx\/index.php?rest_route=\/wp\/v2\/posts\/63582\/revisions"}],"predecessor-version":[{"id":63583,"href":"https:\/\/diarioavanzada.com.mx\/index.php?rest_route=\/wp\/v2\/posts\/63582\/revisions\/63583"}],"wp:featuredmedia":[{"embeddable":true,"href":"https:\/\/diarioavanzada.com.mx\/index.php?rest_route=\/wp\/v2\/media\/63581"}],"wp:attachment":[{"href":"https:\/\/diarioavanzada.com.mx\/index.php?rest_route=%2Fwp%2Fv2%2Fmedia&parent=63582"}],"wp:term":[{"taxonomy":"category","embeddable":true,"href":"https:\/\/diarioavanzada.com.mx\/index.php?rest_route=%2Fwp%2Fv2%2Fcategories&post=63582"},{"taxonomy":"post_tag","embeddable":true,"href":"https:\/\/diarioavanzada.com.mx\/index.php?rest_route=%2Fwp%2Fv2%2Ftags&post=63582"}],"curies":[{"name":"wp","href":"https:\/\/api.w.org\/{rel}","templated":true}]}}