{"id":63163,"date":"2024-10-16T07:15:02","date_gmt":"2024-10-16T13:15:02","guid":{"rendered":"https:\/\/diarioavanzada.com.mx\/?p=63163"},"modified":"2024-10-16T07:17:42","modified_gmt":"2024-10-16T13:17:42","slug":"la-especulacion-nace-de-la-desinformacion","status":"publish","type":"post","link":"https:\/\/diarioavanzada.com.mx\/?p=63163","title":{"rendered":"La especulaci\u00f3n nace de la desinformaci\u00f3n"},"content":{"rendered":"\n<p class=\"wp-block-paragraph\">Columna<\/p>\n\n\n\n<p class=\"wp-block-paragraph\">El Puercoesp\u00edn&nbsp;<\/p>\n\n\n\n<p class=\"s5 wp-block-paragraph\">Catorce d\u00edas,&nbsp;con sus respectivas noches,&nbsp;despu\u00e9s de sucedidos los hechos la&nbsp;Fiscal\u00eda General&nbsp;del Estado emite un comunicado donde dice precisar los hechos con m\u00e1s imprecisiones&nbsp;para pretender construir un galimat\u00edas y abonar a un enredo&nbsp;para quelos hechos se vayan perdiendo y las pr\u00e1cticas de desapariciones forzadas, torturas y asesinatos se escondan en la confusi\u00f3n.<\/p>\n\n\n\n<p class=\"s5 wp-block-paragraph\">En el primer bolet\u00edn se publicaron medias mentiras como para calentar la plaza.&nbsp;<\/p>\n\n\n\n<p class=\"s5 wp-block-paragraph\">El comunicado literal es el siguiente:<\/p>\n\n\n\n<p class=\"s5 wp-block-paragraph\">\u201cLa&nbsp;Fiscal\u00eda General&nbsp;del Estado mediante el siguiente comunicado informa que en relaci\u00f3n al hecho suscitado en la comunidad de Puerta de&nbsp;\u00c1nzar&nbsp;del municipio de Colima, el pasado 01 de octubre, se hacen las siguientes precisiones:<\/p>\n\n\n\n<p class=\"s5 wp-block-paragraph\">\u2013 Desde que se tuvo conocimiento de la noticia criminal, este organismo aut\u00f3nomo inici\u00f3 con las investigaciones correspondientes para establecer los sucesos como en todos los casos que investiga esta dependencia.<\/p>\n\n\n\n<p class=\"s5 wp-block-paragraph\">\u2013 Con base en las evidencias que obran en la carpeta de investigaci\u00f3n relacionadas con este hecho, no existen indicios que relacionen a elementos de corporaciones de seguridad en la sustracci\u00f3n de los presuntos responsables como circula en diversos medios de comunicaci\u00f3n digitales, en Facebook y aplicaciones de mensajer\u00eda instant\u00e1nea como WhatsApp, los cuales \u00fanicamente pretenden hacer creer una supuesta sustracci\u00f3n y posterior ejecuci\u00f3n extrajudicial por parte de elementos de la polic\u00eda estatal y de la Secretar\u00eda de Marina.<\/p>\n\n\n\n<p class=\"s5 wp-block-paragraph\">\u2013 Las investigaciones siguen su curso y se estar\u00e1n informando los resultados correspondientes, a trav\u00e9s de los medios oficiales.<\/p>\n\n\n\n<p class=\"s5 wp-block-paragraph\">La FGE hace un llamado a la poblaci\u00f3n a evitar ser part\u00edcipe de compartir contenido falso mediante las diferentes redes sociales.<\/p>\n\n\n\n<p class=\"s5 wp-block-paragraph\">Colima, Col., 15 de octubre de 2024\u201d<\/p>\n\n\n\n<p class=\"s5 wp-block-paragraph\">Un an\u00e1lisis hermen\u00e9utico del texto nos comunica lo siguiente:<\/p>\n\n\n\n<p class=\"s5 wp-block-paragraph\">Del punto primero se deduce que&nbsp;de&nbsp;los hechos del 1 de octubre denominado el&nbsp;Crimen de Puerta de&nbsp;\u00c1nzar&nbsp;tuvieron&nbsp;que&nbsp;pasar 14 d\u00edas para que la&nbsp;FGE emitiera&nbsp;un&nbsp;comunicado&nbsp;sin&nbsp;mayor informaci\u00f3n&nbsp;relevante, aun cuando ya circulaban en las redes los videos.&nbsp;Como dir\u00eda el cl\u00e1sico ni afirma ni niega nada,&nbsp;sino todo lo contrario.<\/p>\n\n\n\n<p class=\"s5 wp-block-paragraph\">Su&nbsp;\u201cautonom\u00eda\u201d&nbsp;es tan grande que tuvo la titular del Ejecutivo salir a dar la cara ante la presi\u00f3n de los&nbsp;medios y&nbsp;periodistas independientes, adem\u00e1s se hab\u00eda hecho p\u00fablico en un medio nacional&nbsp;(La Prensa)&nbsp;el n\u00famero de denuncia&nbsp;penal&nbsp;interpuesta ante la&nbsp;Fiscal\u00eda General&nbsp;de la Rep\u00fablica por dos sobrevivientes de los hechos Brenda Guadalupe \u201cO\u201d y Jos\u00e9 Rafael \u201cC\u201d (FED\/COL\/0000708\/2024)&nbsp;para que la \u201caut\u00f3noma\u201d fiscal\u00eda emitir\u00eda alg\u00fan comunicado o diera se\u00f1ales de vida.<\/p>\n\n\n\n<p class=\"s5 wp-block-paragraph\">En el segundo punto se avocan a exonerar a todos los miembros de las corporaciones involucradas como son la Secretar\u00eda de Seguridad P\u00fablica del Estado de Colima y a los miembros de la Secretar\u00eda de Marina Armada de M\u00e9xico.<\/p>\n\n\n\n<p class=\"s5 wp-block-paragraph\">En otras palabras, apenas est\u00e1 iniciando las investigaciones y ya se apresuraron a decir que los presuntos culpables son inocentes, es decir, que la&nbsp;\u201caut\u00f3noma\u201d&nbsp;Fiscal\u00eda se convirti\u00f3 en procurador y juez a la vez.<\/p>\n\n\n\n<p class=\"s5 wp-block-paragraph\">En el tercer punto dicen que las investigaciones siguen su curso, es decir, que no tienen la m\u00e1s m\u00ednima intenci\u00f3n de investigar y que no volver\u00e1n a dar ninguna informaci\u00f3n del caso, punto.<\/p>\n\n\n\n<p class=\"s5 wp-block-paragraph\">La despedida. Finalmente se dan el lujo de rega\u00f1ar a los ciudadanos por querer compartir informaci\u00f3n&nbsp;y saber a ciencia cierta lo que sucede en su localidad. No compartir informaci\u00f3n falsa dicen, pero no dan informaci\u00f3n \u201cverdadera\u201d.<\/p>\n\n\n\n<p class=\"s5 wp-block-paragraph\">Est\u00e1 claro que la Fiscal\u00eda reacciona porque le dieron&nbsp;\u00f3rdenes desde el Ejecutivo y lo hace muy mal, pues abona m\u00e1s a la especulaci\u00f3n y aumenta las sospechas de los ciudadanos en lugar de contribuir a la transparencia.<\/p>\n\n\n\n<p class=\"s5 wp-block-paragraph\">La verdad es que la FGE es una verdadera fuente originaria de la especulaci\u00f3n.<\/p>\n\n\n\n<p class=\"s5 wp-block-paragraph\">El&nbsp;Crimen de Puerta de&nbsp;\u00c1nzar&nbsp;tiene mucha historia por&nbsp;hacercuando se desarrollen las verdaderas investigaciones seg\u00fan la informaci\u00f3n contenida en la carpeta de&nbsp;investigaci\u00f3n FED\/COL\/0000708\/2024 y el amparo indirecto 1161\/2024, donde est\u00e1n expuestas las pruebas de los presuntos responsables.<\/p>\n\n\n\n<p class=\"s5 wp-block-paragraph\">Seguramente si la&nbsp;Fiscal\u00eda General&nbsp;de la Rep\u00fablica contin\u00faa con las investigaciones se har\u00e1 justicia para Luis Gabriel \u201cR\u201d, Alexis Adri\u00e1n \u201cC\u201d, Miguel \u00c1ngel \u201cS\u201d, V\u00edctor \u00c1ngel \u201cM\u201d, Tom\u00e1s Eduardo \u201cC\u201d&nbsp;y no se conoce el nombre del sexto asesinado a golpes y balazos. Y tambi\u00e9n los desaparecidos en forma forzada&nbsp;de&nbsp;Brenda Guadalupe \u201cO\u201d y Jos\u00e9 Rafael \u201cC\u201d.<\/p>\n\n\n\n<p class=\"s5 wp-block-paragraph\">La&nbsp;Fiscal\u00eda General&nbsp;del Estado se est\u00e1 pudriendo en su inacci\u00f3n, su opacidad y su corrupci\u00f3n. Quieren sembrar confusi\u00f3n, pero los confusos son ellos. &nbsp;<\/p>\n\n\n\n<p class=\"s5 wp-block-paragraph\">El problema de los ciudadanos es que nos enteramos desde hace mucho tiempo que debemos cuidarnos de los polic\u00edas y de los criminales, Sam L\u00f3pez nos lo ense\u00f1\u00f3. Estos dec\u00edan que eran diferentes, pero no, son iguales.<\/p>\n\n\n\n<p class=\"s5 wp-block-paragraph\">El gobierno del estado\u00a0le apuesta a la confusi\u00f3n sembrando la especulaci\u00f3n\u00a0y\u00a0diseminando\u00a0medias mentiras y medias verdades que terminan siendo\u00a0mentiras\u00a0enteres ambas, pero no lo va a lograr,\u00a0los ciudadanos somos mucha pieza para ellos.\u00a0<\/p>\n\n\n\n<p class=\"s5 wp-block-paragraph\">Pasaron catorce d\u00edas, con sus respectivas noches, para que la&nbsp;\u201caut\u00f3noma\u201d&nbsp;Fiscal\u00eda General&nbsp;del Estado emitiera un bolet\u00edn para sembrar la confusi\u00f3n.<\/p>\n\n\n\n<p class=\"s5 wp-block-paragraph\">El&nbsp;Crimen de Puerta de&nbsp;\u00c1nzar&nbsp;sigue en proceso de investigaci\u00f3n federal.<\/p>\n<div class=\"fb-background-color\">\n\t\t\t  <div \n\t\t\t  \tclass = \"fb-comments\" \n\t\t\t  \tdata-href = \"https:\/\/diarioavanzada.com.mx\/?p=63163\"\n\t\t\t  \tdata-numposts = \"10\"\n\t\t\t  \tdata-lazy = \"true\"\n\t\t\t\tdata-colorscheme = \"light\"\n\t\t\t\tdata-order-by = \"social\"\n\t\t\t\tdata-mobile=true>\n\t\t\t  <\/div><\/div>\n\t\t  <style>\n\t\t    .fb-background-color {\n\t\t\t\tbackground:  !important;\n\t\t\t}\n\t\t\t.fb_iframe_widget_fluid_desktop iframe {\n\t\t\t    width: 100% !important;\n\t\t\t}\n\t\t  <\/style>\n\t\t  ","protected":false},"excerpt":{"rendered":"<p>Columna El Puercoesp\u00edn&nbsp; Catorce d\u00edas,&nbsp;con sus respectivas noches,&nbsp;despu\u00e9s de sucedidos los hechos la&nbsp;Fiscal\u00eda General&nbsp;del Estado emite un comunicado donde dice precisar los hechos con m\u00e1s imprecisiones&nbsp;para pretender construir un galimat\u00edas y abonar a un enredo&nbsp;para quelos hechos se vayan perdiendo y las pr\u00e1cticas de desapariciones forzadas, torturas y asesinatos se escondan en la confusi\u00f3n. En [&hellip;]<\/p>\n","protected":false},"author":9,"featured_media":63162,"comment_status":"closed","ping_status":"closed","sticky":false,"template":"","format":"standard","meta":{"_coblocks_attr":"","_coblocks_dimensions":"","_coblocks_responsive_height":"","_coblocks_accordion_ie_support":"","advanced_seo_description":"","jetpack_seo_html_title":"","jetpack_seo_noindex":false,"jetpack_seo_schema_type":"","_jetpack_newsletter_access":"","_jetpack_dont_email_post_to_subs":false,"_jetpack_newsletter_tier_id":0,"_jetpack_memberships_contains_paywalled_content":false,"_wpcom_ai_launchpad_first_post":false,"_jetpack_feature_clip_id":0,"_jetpack_memberships_contains_paid_content":false,"footnotes":"","jetpack_post_was_ever_published":false},"categories":[19,209,24],"tags":[],"class_list":["post-63163","post","type-post","status-publish","format-standard","has-post-thumbnail","hentry","category-colima","category-importantes","category-opinion"],"jetpack-related-posts":[],"jetpack_sharing_enabled":true,"amp_enabled":true,"jetpack_featured_media_url":"https:\/\/diarioavanzada.com.mx\/wp-content\/uploads\/2024\/10\/img_6499-1.jpg","_links":{"self":[{"href":"https:\/\/diarioavanzada.com.mx\/index.php?rest_route=\/wp\/v2\/posts\/63163","targetHints":{"allow":["GET"]}}],"collection":[{"href":"https:\/\/diarioavanzada.com.mx\/index.php?rest_route=\/wp\/v2\/posts"}],"about":[{"href":"https:\/\/diarioavanzada.com.mx\/index.php?rest_route=\/wp\/v2\/types\/post"}],"author":[{"embeddable":true,"href":"https:\/\/diarioavanzada.com.mx\/index.php?rest_route=\/wp\/v2\/users\/9"}],"replies":[{"embeddable":true,"href":"https:\/\/diarioavanzada.com.mx\/index.php?rest_route=%2Fwp%2Fv2%2Fcomments&post=63163"}],"version-history":[{"count":1,"href":"https:\/\/diarioavanzada.com.mx\/index.php?rest_route=\/wp\/v2\/posts\/63163\/revisions"}],"predecessor-version":[{"id":63164,"href":"https:\/\/diarioavanzada.com.mx\/index.php?rest_route=\/wp\/v2\/posts\/63163\/revisions\/63164"}],"wp:featuredmedia":[{"embeddable":true,"href":"https:\/\/diarioavanzada.com.mx\/index.php?rest_route=\/wp\/v2\/media\/63162"}],"wp:attachment":[{"href":"https:\/\/diarioavanzada.com.mx\/index.php?rest_route=%2Fwp%2Fv2%2Fmedia&parent=63163"}],"wp:term":[{"taxonomy":"category","embeddable":true,"href":"https:\/\/diarioavanzada.com.mx\/index.php?rest_route=%2Fwp%2Fv2%2Fcategories&post=63163"},{"taxonomy":"post_tag","embeddable":true,"href":"https:\/\/diarioavanzada.com.mx\/index.php?rest_route=%2Fwp%2Fv2%2Ftags&post=63163"}],"curies":[{"name":"wp","href":"https:\/\/api.w.org\/{rel}","templated":true}]}}