{"id":62995,"date":"2024-10-14T06:24:49","date_gmt":"2024-10-14T12:24:49","guid":{"rendered":"https:\/\/diarioavanzada.com.mx\/?p=62995"},"modified":"2024-10-14T06:26:57","modified_gmt":"2024-10-14T12:26:57","slug":"el-crimen-de-puerta-de-anzar-segundo-momento","status":"publish","type":"post","link":"https:\/\/diarioavanzada.com.mx\/?p=62995","title":{"rendered":"El crimen de Puerta de \u00c1nzar: segundo momento"},"content":{"rendered":"\n<p class=\"wp-block-paragraph\">Columna<\/p>\n\n\n\n<p class=\"wp-block-paragraph\">El Puercoesp\u00edn<\/p>\n\n\n\n<p class=\"wp-block-paragraph\"><em>El crimen de Los Tepames<\/em> tuvo la caracter\u00edstica de haber trascendido las fronteras del estado de Colima y haberse convertido en un asunto nacional, despu\u00e9s de que un miembro de la familia de los Suarez viaj\u00f3 en tren a la Ciudad de M\u00e9xico a denunciar el crimen ante el dictador Porfirio D\u00edaz, all\u00e1 por el a\u00f1o de 1909, la difusi\u00f3n de la novela de Rodr\u00edguez Iglesias le dio la dimensi\u00f3n real de la violencia del porfiriato.<\/p>\n\n\n\n<p class=\"wp-block-paragraph\">El crimen de los Tepames \u201c<em>En apariencia la historia parece muy simple, el asesinato de dos rancheros \u2014Bartolo y Marciano Su\u00e1rez\u2014 a manos del jefe de la polic\u00eda local de nombre Dar\u00edo Pizano y sus subordinados. Se habla en un principio, vagamente, de cuentas pendientes con la justicia por parte de los Su\u00e1rez y que con ese motivo se les ha buscado para que respondan de sus fechor\u00edas. Pero el caso fue que no presentaron resistencia y fueron realmente ejecutados con alevos\u00eda y ventaja. La historia se adentra cada vez m\u00e1s para desvelarnos las m\u00faltiples aristas por las cuales se relejan los rostros de los autores materiales e intelectuales del doble homicidio. Dar\u00edo Pizano, el jefe de la polic\u00eda, que ya se encuentra detenido, alega en sus declaraciones constantemente su inocencia y descarga la responsabilidad en sus gendarmes. Cuando Pizano se da cuenta de que ni el jefe pol\u00edtico ni el gobernador est\u00e1n dispuestos a interceder en su favor, con el af\u00e1n de descargarse ellos mismos de sus propias responsabilidades en el asesinato, decide enfilar sus bater\u00edas contra ellos declarando que por \u00f3rdenes verbales suyas fue que se busc\u00f3 y se ejecut\u00f3 a los Su\u00e1rez con la ayuda de los Anguiano (Mauricio, Onofre y Ferm\u00edn), enemigos ac\u00e9rrimos y vecinos de los Su\u00e1rez. [\u2026]<\/em><em><\/em><\/p>\n\n\n\n<p class=\"wp-block-paragraph\"><em>\u201cLa obra tambi\u00e9n gravita sobre una cuesti\u00f3n medular en la confecci\u00f3n de una historia local que rebasa sus propios l\u00edmites, y que el autor atiende de manera expl\u00edcita al preguntarse: \u201c\u00bfqu\u00e9 mecanismos pol\u00edticos intervienen para que un conflicto local cobre importancia regional o nacional?\u201d (p. 21). En esta tesitura entran en el escenario tanto la novela de Rodr\u00edguez Iglesias (en su alcance de divulgadora de los hechos) as\u00ed como una pl\u00e9yade de reportajes y art\u00edculos period\u00edsticos, logrando con ello que los hechos de sangre trasciendan el espacio local colimense, se esparzan en el \u00e1mbito del occidente regional, con su n\u00facleo central en la ciudad de Guadalajara, y logren relevancia como un verdadero asunto de Estado que tendr\u00eda que ser atendido por el rancio dictador. En esta transfiguraci\u00f3n del acontecimiento local en su propia regionalizaci\u00f3n y en su impacto nacional, el autor muestra el peso del llamado cuarto poder, es decir, c\u00f3mo los medios lograron atraer, agigantar y moldear la opini\u00f3n p\u00fablica en el caso del juicio de Los Tepames, y c\u00f3mo detr\u00e1s de esta dimensi\u00f3n alcanzada tambi\u00e9n hab\u00eda en juego sus propios intereses pol\u00edticos antirreeleccionistas contrarios a las divisas porfiristas provenientes del centro del pa\u00eds.\u201d<\/em> (Ortoll, Servando. Art\u00edfices y avatares: lo que revela el juicio de Tepames. Colima (109-1914), Guadalajara, Archivo Hist\u00f3rico del Municipio de Colima, 2015. 222p.).<\/p>\n\n\n\n<p class=\"wp-block-paragraph\">En un primer momento el asunto del crimen de Los Tepames parec\u00eda que quedar\u00eda en el olvido como tantas historias de abusos, violencia e impunidad; sin embargo, en su segundo momento la difusi\u00f3n nacional del crimen convirti\u00f3 un crimen normalizado en un detonante social.<\/p>\n\n\n\n<p class=\"wp-block-paragraph\">En Colima el 1 de octubre ocurri\u00f3 en Colima una ejecuci\u00f3n extrajudicial, en un pa\u00eds donde, desde los tiempos de Felipe Calder\u00f3n, empez\u00f3 a incendiarse por las luchas entre c\u00e1rteles de la droga y los pol\u00edticos partidarios de la necropol\u00edtica. Colima desde los \u00faltimos a\u00f1os de Nacho Peralta el estado entr\u00f3 en un espiral de violencia infrenable, con Indira Vizca\u00edno metieron el pie en el acelerador de la violencia. La masacre y su montaje parecen algo normal o normalizado.<\/p>\n\n\n\n<p class=\"wp-block-paragraph\">Se inici\u00f3 con la masacre del Cereso, se continu\u00f3 con el crecimiento exponencial de los homicidios dolosos por cada cien mil habitantes, crecimiento igual de los cr\u00edmenes de mujeres y ahora estamos en episodio de <em>El crimen de Puerta de \u00c1nzar<\/em>, las ejecuciones extrajudiciales.<\/p>\n\n\n\n<p class=\"wp-block-paragraph\">El crimen de Puerta de \u00c1nzar inici\u00f3 con la negaci\u00f3n de los hechos reales por las autoridades, tratando de normalizar, como en su tiempo lo hicieron con Calder\u00f3n, las masacres (masacre 1, el Cereso; masacre 2, El crimen de Puerta de \u00c1nzar), pero las redes sociales y las contradicciones de la misma versi\u00f3n del gobierno estatal hicieron aparecer el fantasma del montaje de un crimen colectivo: una masacre. Se continu\u00f3 con la aparici\u00f3n de videos del allanamiento de los domicilios de 6 personas en el municipio de Villa de \u00c1lvarez y la filtraci\u00f3n de que los familiares que reclamaron los cuerpos habr\u00edan se\u00f1alado que dichas personas no se habr\u00edan enfrentado con la autoridad en la localidad de Puerta de \u00c1nzar, sino que habr\u00edan sido sustra\u00eddos de sus domicilios sin orden judicial.<\/p>\n\n\n\n<p class=\"wp-block-paragraph\">Ahora los denunciantes del crimen de Puerta de \u00c1nzar no han tenido que viajar a la Ciudad de M\u00e9xico a denunciar ante la presidenta de M\u00e9xico ni ante la gobernadora porque sencillamente no conf\u00edan en ellas. La denuncia es p\u00fablica y a trav\u00e9s de una manta colgada en un puente que pronto se hizo viral en las redes sociales. Las redes han sido las primeras en empezar a dimensionar los hechos y solo el tiempo demostrar\u00e1 el alcance, como medio de denuncia, en la realidad y sus consecuencias.<\/p>\n\n\n\n<p class=\"wp-block-paragraph\">La manta apareci\u00f3 colgada de un puente este domingo ubicado en el libramiento a Cihuatl\u00e1n, en el entronque a Chandiablo, en el municipio de Manzanillo. Los hechos ocurrieron al amanecer y la lona fue retirada poco despu\u00e9s por las autoridades locales.<\/p>\n\n\n\n<p class=\"wp-block-paragraph\">La manta tiene las siguientes caracter\u00edsticas y texto: el titulo dice, en may\u00fasculas, ELEMENTOS DEL MANDO MIXTO DE LA POLICIA ESTATAL DE COLIMA Y DE SEMAR VIOLAN Y ASESINAN A CIVILES EN COLIMA, luego, contin\u00faa el texto en min\u00fasculas, de la siguiente manera: Elementos del mano mixto de la Polic\u00eda Estatal a cargo de (\u2026)* por \u00f3rdenes de (\u2026)* privaron de la libertad a 6 civiles y sin ordenes de allanamiento judicial 2 domicilios en la ciudad de Villa de \u00c1lvarez para posteriormente privarlos de la vida tras realizar un montaje de un supuesto enfrentamiento armado golpeando y violando a una mujer; a continuaci\u00f3n aparecen las cuatros fotograf\u00edas de los funcionarios denunciados; y, finalmente, dice a manera de r\u00fabrica: El pueblo de Colima exige a la Fiscal\u00eda General del Estado y Fiscal\u00eda General de la Rep\u00fablica investiguen y lleven a estos narcopolic\u00edas y marinos secuestradores y violadores y asesinos a la justicia.<\/p>\n\n\n\n<p class=\"wp-block-paragraph\">El gobierno del estado tiene la obligaci\u00f3n moral y pol\u00edtica de presentar ante la sociedad explicaciones y realizar las investigaciones conducentes, para poder deslindar qui\u00e9nes son los criminales y qui\u00e9nes los agentes de la justicia.<\/p>\n\n\n\n<p class=\"wp-block-paragraph\">Por lo pronto las denuncias se\u00f1alan a funcionarios estatales dependientes de la gobernadora Viza\u00edno Silva y todos los indicios conducen a que las \u00f3rdenes se dieron desde la Casa de Gobierno del Estado de Colima.<\/p>\n\n\n\n<p class=\"wp-block-paragraph\">Alguien debe explicar el Crimen de Puerta de \u00c1nzar, la impunidad no puede seguir siendo una opci\u00f3n.<\/p>\n\n\n\n<p class=\"wp-block-paragraph\">Los ciudadanos merecemos explicaciones. O resignarnos a aceptar que los mandos de los \u00f3rganos de seguridad del estado est\u00e1n en manos irresponsables e ineptas\u2026 \u00bfY criminales?<\/p>\n\n\n\n<p class=\"wp-block-paragraph\">\u00bfD\u00f3nde ser\u00e1 la siguiente masacre?<\/p>\n\n\n\n<p class=\"wp-block-paragraph\">______________ <br>*Nota: los nombres de los funcionarios p\u00fablicos fueron omitidas por obvias razones.<\/p>\n<div class=\"fb-background-color\">\n\t\t\t  <div \n\t\t\t  \tclass = \"fb-comments\" \n\t\t\t  \tdata-href = \"https:\/\/diarioavanzada.com.mx\/?p=62995\"\n\t\t\t  \tdata-numposts = \"10\"\n\t\t\t  \tdata-lazy = \"true\"\n\t\t\t\tdata-colorscheme = \"light\"\n\t\t\t\tdata-order-by = \"social\"\n\t\t\t\tdata-mobile=true>\n\t\t\t  <\/div><\/div>\n\t\t  <style>\n\t\t    .fb-background-color {\n\t\t\t\tbackground:  !important;\n\t\t\t}\n\t\t\t.fb_iframe_widget_fluid_desktop iframe {\n\t\t\t    width: 100% !important;\n\t\t\t}\n\t\t  <\/style>\n\t\t  ","protected":false},"excerpt":{"rendered":"<p>Columna El Puercoesp\u00edn El crimen de Los Tepames tuvo la caracter\u00edstica de haber trascendido las fronteras del estado de Colima y haberse convertido en un asunto nacional, despu\u00e9s de que un miembro de la familia de los Suarez viaj\u00f3 en tren a la Ciudad de M\u00e9xico a denunciar el crimen ante el dictador Porfirio D\u00edaz, [&hellip;]<\/p>\n","protected":false},"author":9,"featured_media":62999,"comment_status":"closed","ping_status":"closed","sticky":false,"template":"","format":"standard","meta":{"_coblocks_attr":"","_coblocks_dimensions":"","_coblocks_responsive_height":"","_coblocks_accordion_ie_support":"","advanced_seo_description":"","jetpack_seo_html_title":"","jetpack_seo_noindex":false,"jetpack_seo_schema_type":"","_jetpack_newsletter_access":"","_jetpack_dont_email_post_to_subs":false,"_jetpack_newsletter_tier_id":0,"_jetpack_memberships_contains_paywalled_content":false,"_wpcom_ai_launchpad_first_post":false,"_jetpack_feature_clip_id":0,"_jetpack_memberships_contains_paid_content":false,"footnotes":"","jetpack_post_was_ever_published":false},"categories":[19,209,24],"tags":[220,210],"class_list":["post-62995","post","type-post","status-publish","format-standard","has-post-thumbnail","hentry","category-colima","category-importantes","category-opinion","tag-opinion","tag-portada"],"jetpack-related-posts":[],"jetpack_sharing_enabled":true,"amp_enabled":true,"jetpack_featured_media_url":"https:\/\/diarioavanzada.com.mx\/wp-content\/uploads\/2024\/10\/img_6263-1.jpg","_links":{"self":[{"href":"https:\/\/diarioavanzada.com.mx\/index.php?rest_route=\/wp\/v2\/posts\/62995","targetHints":{"allow":["GET"]}}],"collection":[{"href":"https:\/\/diarioavanzada.com.mx\/index.php?rest_route=\/wp\/v2\/posts"}],"about":[{"href":"https:\/\/diarioavanzada.com.mx\/index.php?rest_route=\/wp\/v2\/types\/post"}],"author":[{"embeddable":true,"href":"https:\/\/diarioavanzada.com.mx\/index.php?rest_route=\/wp\/v2\/users\/9"}],"replies":[{"embeddable":true,"href":"https:\/\/diarioavanzada.com.mx\/index.php?rest_route=%2Fwp%2Fv2%2Fcomments&post=62995"}],"version-history":[{"count":2,"href":"https:\/\/diarioavanzada.com.mx\/index.php?rest_route=\/wp\/v2\/posts\/62995\/revisions"}],"predecessor-version":[{"id":62997,"href":"https:\/\/diarioavanzada.com.mx\/index.php?rest_route=\/wp\/v2\/posts\/62995\/revisions\/62997"}],"wp:featuredmedia":[{"embeddable":true,"href":"https:\/\/diarioavanzada.com.mx\/index.php?rest_route=\/wp\/v2\/media\/62999"}],"wp:attachment":[{"href":"https:\/\/diarioavanzada.com.mx\/index.php?rest_route=%2Fwp%2Fv2%2Fmedia&parent=62995"}],"wp:term":[{"taxonomy":"category","embeddable":true,"href":"https:\/\/diarioavanzada.com.mx\/index.php?rest_route=%2Fwp%2Fv2%2Fcategories&post=62995"},{"taxonomy":"post_tag","embeddable":true,"href":"https:\/\/diarioavanzada.com.mx\/index.php?rest_route=%2Fwp%2Fv2%2Ftags&post=62995"}],"curies":[{"name":"wp","href":"https:\/\/api.w.org\/{rel}","templated":true}]}}